{"id":2898,"date":"2023-11-01T07:29:17","date_gmt":"2023-11-01T07:29:17","guid":{"rendered":"https:\/\/acquaviva.lavocedelpaese.info\/?p=2898"},"modified":"2023-11-01T07:29:18","modified_gmt":"2023-11-01T07:29:18","slug":"presentazione-del-libro-in-bilico-sopra-la-notte","status":"publish","type":"post","link":"https:\/\/acquaviva.lavocedelpaese.info\/index.php\/2023\/11\/01\/presentazione-del-libro-in-bilico-sopra-la-notte\/","title":{"rendered":"Presentazione del libro: \u201cIn Bilico sopra la Notte\u201d"},"content":{"rendered":"\n<p><em>Rassegna letteraria organizzata dall&#8217;Associazione culturale L&#8217;incontro Onlus -Acquaviva<\/em><\/p>\n\n\n\n<p>Appuntamento da non perdere sabato 18 novembre 2023 alle ore 18:30 per la presentazione del libro \u201cIn Bilico sopra la Notte\u201d di Francesco Gentile. Dialoga con l&#8217;autore il Prof. Valerio Valeriano.<\/p>\n\n\n\n<p>L&#8217;evento si svolger\u00e0 a Palazzo De Mari Sala Giuseppe D&#8217;Ambrosio Angelillo. Ingresso libero.<\/p>\n\n\n\n<p>Sono le due di notte a Roma. Piove a dirotto e ringhia forte il vento. Una Giulietta si ferma in via dei Serpenti al numero 77, una giovane donna dall\u2019accento straniero scende dall\u2019auto. Prima di richiudere lo sportello si piega in avanti, inizia a parlare con il giovane che \u00e8 alla guida. Poi richiude lo sportello, l\u2019auto riparte. Lei la segue con lo sguardo fino a quando la vede scomparire nella pioggia, inghiottita dalla notte. La donna apre il portone del palazzo, sale le scale. Ma non si ferma al terzo piano dove c\u2019\u00e8 il suo appartamento, sale fino in cima. Entra sul terrazzo. Il suo tailleur \u00e8 fradicio di pioggia. Cammina verso il lato del terrazzo che d\u00e0 sulla strada. Rimane ferma a fissare la notte, come un giocatore di scacchi fissa la scacchiera quando si trova sotto scacco, in cerca di una mossa liberatoria. Ma la mossa non sembra arrivare. Sembra persa in una matassa di pensieri, di cui non riesce ad afferrare il bandolo. Poi con balzo felino s\u2019inerpica sulla balaustra, fissa il vuoto, alza lo sguardo al cielo. Lei cerca un pensiero nuovo che la convinca a scendere da quella balaustra, a tornare alla sua vita, alla sua routine, alla gente stolida e volgare. Poi si avvicina al bordo del cornicione e salta nel vuoto stringendo la sua borsetta.<\/p>\n\n\n\n<p>Chi \u00e8 la giovane donna? Perch\u00e9 compie quel gesto? E chi \u00e8 il giovane alla guida dell\u2019auto? Cosa si sono detti quei due in quell\u2019ultima, dannata, maledetta notte?<\/p>\n\n\n\n<p><\/p>\n\n\n\n<p><\/p>\n\n\n\n<figure class=\"wp-block-image size-full\"><img decoding=\"async\" src=\"https:\/\/acquaviva.lavocedelpaese.info\/wp-content\/uploads\/2023\/11\/397476945_678751267684986_3527116721956654644_n.jpg\" alt=\"\" class=\"wp-image-2899\" \/><\/figure>\n","protected":false},"excerpt":{"rendered":"<p>Rassegna letteraria organizzata dall&#8217;Associazione culturale L&#8217;incontro Onlus -Acquaviva Appuntamento da non perdere sabato 18 novembre 2023 alle ore 18:30 per<\/p>\n","protected":false},"author":4,"featured_media":2899,"comment_status":"open","ping_status":"closed","sticky":false,"template":"","format":"standard","meta":{"colormag_page_container_layout":"default_layout","colormag_page_sidebar_layout":"default_layout","_monsterinsights_skip_tracking":false,"_monsterinsights_sitenote_active":false,"_monsterinsights_sitenote_note":"","_monsterinsights_sitenote_category":0,"footnotes":""},"categories":[5,30],"tags":[],"class_list":["post-2898","post","type-post","status-publish","format-standard","has-post-thumbnail","hentry","category-cultura","category-news"],"_links":{"self":[{"href":"https:\/\/acquaviva.lavocedelpaese.info\/index.php\/wp-json\/wp\/v2\/posts\/2898","targetHints":{"allow":["GET"]}}],"collection":[{"href":"https:\/\/acquaviva.lavocedelpaese.info\/index.php\/wp-json\/wp\/v2\/posts"}],"about":[{"href":"https:\/\/acquaviva.lavocedelpaese.info\/index.php\/wp-json\/wp\/v2\/types\/post"}],"author":[{"embeddable":true,"href":"https:\/\/acquaviva.lavocedelpaese.info\/index.php\/wp-json\/wp\/v2\/users\/4"}],"replies":[{"embeddable":true,"href":"https:\/\/acquaviva.lavocedelpaese.info\/index.php\/wp-json\/wp\/v2\/comments?post=2898"}],"version-history":[{"count":1,"href":"https:\/\/acquaviva.lavocedelpaese.info\/index.php\/wp-json\/wp\/v2\/posts\/2898\/revisions"}],"predecessor-version":[{"id":2900,"href":"https:\/\/acquaviva.lavocedelpaese.info\/index.php\/wp-json\/wp\/v2\/posts\/2898\/revisions\/2900"}],"wp:featuredmedia":[{"embeddable":true,"href":"https:\/\/acquaviva.lavocedelpaese.info\/index.php\/wp-json\/wp\/v2\/media\/2899"}],"wp:attachment":[{"href":"https:\/\/acquaviva.lavocedelpaese.info\/index.php\/wp-json\/wp\/v2\/media?parent=2898"}],"wp:term":[{"taxonomy":"category","embeddable":true,"href":"https:\/\/acquaviva.lavocedelpaese.info\/index.php\/wp-json\/wp\/v2\/categories?post=2898"},{"taxonomy":"post_tag","embeddable":true,"href":"https:\/\/acquaviva.lavocedelpaese.info\/index.php\/wp-json\/wp\/v2\/tags?post=2898"}],"curies":[{"name":"wp","href":"https:\/\/api.w.org\/{rel}","templated":true}]}}