{"id":2883,"date":"2023-10-29T16:14:57","date_gmt":"2023-10-29T16:14:57","guid":{"rendered":"https:\/\/acquaviva.lavocedelpaese.info\/?p=2883"},"modified":"2023-11-04T07:23:49","modified_gmt":"2023-11-04T07:23:49","slug":"la-corretta-gestione-dei-rifiuti","status":"publish","type":"post","link":"https:\/\/acquaviva.lavocedelpaese.info\/index.php\/2023\/10\/29\/la-corretta-gestione-dei-rifiuti\/","title":{"rendered":"La corretta gestione dei rifiuti"},"content":{"rendered":"\n<p>Marted\u00ec 31 ottobre ad Acquaviva delle Fonti presso la Sala Colafemmina &#8211; Palazzo di Citt\u00e0 dalle ore 16.00 alle ore 19.00 si terr\u00e0 un incontro con la cittadinanza sulla corretta gestione dei rifiuti.<\/p>\n\n\n\n<p>\u201cSaremo lieti di fornirvi tutte le informazioni sulla corretta gestione dei rifiuti e se ci sono dubbi, perplessit\u00e0, domande siamo a Vostra completa disposizione!- comunica la Si.Eco.<\/p>\n\n\n\n<p>Dibattito con il Sindaco Avv. Lenoci e l&#8217;Assessore all&#8217;Igiene Urbana Avv. Eustachio Claudio Solazzo.<\/p>\n\n\n\n<p><\/p>\n\n\n\n<figure class=\"wp-block-image size-full\"><img decoding=\"async\" width=\"566\" height=\"800\" src=\"https:\/\/acquaviva.lavocedelpaese.info\/wp-content\/uploads\/2023\/10\/395281211_805730254891996_2740345859040403944_n.jpg\" alt=\"\" class=\"wp-image-2884\" srcset=\"https:\/\/acquaviva.lavocedelpaese.info\/wp-content\/uploads\/2023\/10\/395281211_805730254891996_2740345859040403944_n.jpg 566w, https:\/\/acquaviva.lavocedelpaese.info\/wp-content\/uploads\/2023\/10\/395281211_805730254891996_2740345859040403944_n-212x300.jpg 212w\" sizes=\"(max-width: 566px) 100vw, 566px\" \/><\/figure>\n","protected":false},"excerpt":{"rendered":"<p>Marted\u00ec 31 ottobre ad Acquaviva delle Fonti presso la Sala Colafemmina &#8211; Palazzo di Citt\u00e0 dalle ore 16.00 alle ore<\/p>\n","protected":false},"author":4,"featured_media":2888,"comment_status":"open","ping_status":"closed","sticky":false,"template":"","format":"standard","meta":{"colormag_page_container_layout":"default_layout","colormag_page_sidebar_layout":"default_layout","_monsterinsights_skip_tracking":false,"_monsterinsights_sitenote_active":false,"_monsterinsights_sitenote_note":"","_monsterinsights_sitenote_category":0,"footnotes":""},"categories":[2],"tags":[],"class_list":["post-2883","post","type-post","status-publish","format-standard","has-post-thumbnail","hentry","category-attualita"],"_links":{"self":[{"href":"https:\/\/acquaviva.lavocedelpaese.info\/index.php\/wp-json\/wp\/v2\/posts\/2883","targetHints":{"allow":["GET"]}}],"collection":[{"href":"https:\/\/acquaviva.lavocedelpaese.info\/index.php\/wp-json\/wp\/v2\/posts"}],"about":[{"href":"https:\/\/acquaviva.lavocedelpaese.info\/index.php\/wp-json\/wp\/v2\/types\/post"}],"author":[{"embeddable":true,"href":"https:\/\/acquaviva.lavocedelpaese.info\/index.php\/wp-json\/wp\/v2\/users\/4"}],"replies":[{"embeddable":true,"href":"https:\/\/acquaviva.lavocedelpaese.info\/index.php\/wp-json\/wp\/v2\/comments?post=2883"}],"version-history":[{"count":1,"href":"https:\/\/acquaviva.lavocedelpaese.info\/index.php\/wp-json\/wp\/v2\/posts\/2883\/revisions"}],"predecessor-version":[{"id":2887,"href":"https:\/\/acquaviva.lavocedelpaese.info\/index.php\/wp-json\/wp\/v2\/posts\/2883\/revisions\/2887"}],"wp:featuredmedia":[{"embeddable":true,"href":"https:\/\/acquaviva.lavocedelpaese.info\/index.php\/wp-json\/wp\/v2\/media\/2888"}],"wp:attachment":[{"href":"https:\/\/acquaviva.lavocedelpaese.info\/index.php\/wp-json\/wp\/v2\/media?parent=2883"}],"wp:term":[{"taxonomy":"category","embeddable":true,"href":"https:\/\/acquaviva.lavocedelpaese.info\/index.php\/wp-json\/wp\/v2\/categories?post=2883"},{"taxonomy":"post_tag","embeddable":true,"href":"https:\/\/acquaviva.lavocedelpaese.info\/index.php\/wp-json\/wp\/v2\/tags?post=2883"}],"curies":[{"name":"wp","href":"https:\/\/api.w.org\/{rel}","templated":true}]}}