{"id":2861,"date":"2023-10-25T15:56:08","date_gmt":"2023-10-25T15:56:08","guid":{"rendered":"https:\/\/acquaviva.lavocedelpaese.info\/?p=2861"},"modified":"2023-11-04T07:10:30","modified_gmt":"2023-11-04T07:10:30","slug":"la-pro-loco-torna-con-la-festa-del-vino-primitivo-e-del-cece-nero-il-4-novembre","status":"publish","type":"post","link":"https:\/\/acquaviva.lavocedelpaese.info\/index.php\/2023\/10\/25\/la-pro-loco-torna-con-la-festa-del-vino-primitivo-e-del-cece-nero-il-4-novembre\/","title":{"rendered":"La Pro Loco torna con la Festa del Vino Primitivo e del Cece Nero il 4 novembre"},"content":{"rendered":"\n<p><\/p>\n\n\n\n<p><em>di Francesco Lenoci<\/em><\/p>\n\n\n\n<p>Si abbassano le temperature, le campagne si tingono di colori autunnali e le citt\u00e0 cominciano ad animarsi con gli appuntamenti tipici di questo periodo che valorizzano storia, cultura e patrimonio eno-gastronomico.<\/p>\n\n\n\n<p>La nostra cittadina, forte dei suoi prodotti stagionali, non poteva esimersi.<\/p>\n\n\n\n<p>Torna dunque la \u201c<strong>Festa del Cece Nero e del Vino Primitivo<\/strong>\u201d. Un appuntamento ormai consolidato a cura della <strong>Pro Loco<\/strong> \u201c<strong>Curtomartino<\/strong>\u201d, con il patrocinio del <strong>Comune di Acquaviva delle Fonti<\/strong> e il partenariato dell\u2019<strong>Unione Nazionale Pro Loco d\u2019Italia Puglia<\/strong>, <strong>Associazione Italiana Sommelier Puglia delegazione Murgia<\/strong> e <strong>Delegazione Murge e Gravine<\/strong>.<\/p>\n\n\n\n<p>L\u2019evento punta a bissare e superare il successo dello scorso anno, che ha visto numerosi visitatori, acquavivesi e non, popolare le vie del nostro centro antico, incuriositi dalle prelibatezze tipiche della stagione, come il Cece Nero della Murgia carsica, e il il vino primitivo di produzione locale ma di rinomata qualit\u00e0.<\/p>\n\n\n\n<p>Cuore della manifestazione saranno le due piazze del nostro centro antico, Piazza San Paolo e Piazza Don Albertario. Stand gastronomici, punti degustazione vino, caldarroste e intrattenimento riscalderanno, a partire dalle ore 18.00, il primo sabato di novembre. Confermata la presenza delle due cantine per eccellenza del nostro territorio: Tenute Chiaromonte e Cantine Polvanera.<\/p>\n\n\n\n<p>Ma non solo cibo e vino. La Pro Loco, che ricordiamo gestisce anche l\u2019<strong>Info Point Turistico<\/strong> in Piazza Maria SS. di Costantinopoli, ha potenziato per l\u2019occasione le visite guidate gratuite al centro antico.<\/p>\n\n\n\n<p>\u201cUn evento che per molti versi caratterizza il nostro territorio, valorizzando e promuovendo due prodotti locali che ben si sposano insieme &#8211; afferma il <strong>vice Presidente della Pro Loco Alessandro Macchia<\/strong> \u2013 che dopo il successo dello scorso anno, ci fa ben sperare attraverso il coinvolgimento diretto di cittadini ma soprattutto degli operatori locali, protagonisti di questa serata. Creare un forte legame con la citt\u00e0, ci porta anche a stuzzicare il desiderio di conoscenza da parte dei visitatori, che avranno la possibilit\u00e0 di fruire di un variegato paniere di servizi. La nostra Associazione negli anni \u00e8 cresciuta tantissimo, coinvolgendo i tanti giovani a scommettere sul territorio, investendo quindi su un\u2019offerta turistica articolata, anche grazie alle numerose iniziative che nel corso del tempo abbiamo portato avanti, anche con il supporto dell\u2019Amministrazione Comunale e degli attori del territorio\u201d.<\/p>\n\n\n\n<p>Per maggiori dettagli, \u00e8 possibile consultare il sito <a href=\"http:\/\/www.prolocoacquaviva.it\"><u>www.prolocoacquaviva.it<\/u><\/a> o contattare il 392.3369394 (anche su Whatsapp).<\/p>\n\n\n\n<p><img decoding=\"async\" height=\"16\" width=\"16\" src=\"https:\/\/static.xx.fbcdn.net\/images\/emoji.php\/v9\/tc\/1.5\/16\/1f517.png\" alt=\"\ud83d\udd17\"> Info: <a rel=\"noreferrer noopener\" href=\"https:\/\/l.facebook.com\/l.php?u=https%3A%2F%2Flinktr.ee%2Fproloco.acquaviva%3Ffbclid%3DIwAR206AIZ56l1q7x3f8KiRP1TOlp9ZPdobiDdpMuCf512qPxLsAtQA7LQ-NY&amp;h=AT1tPJGlbmY2PSVwxmIoNIBMuZSkQgwzeZnPDWLdqB85mmun7CHbq0jd00LPSEb5mznCRJoGnKvKHwPZnYcrQ6uxq9475Q-OU8KNwoXA49X8_5b_h1q48qe5oco5LF5Y7A&amp;__tn__=-UK-R&amp;c[0]=AT1ie31xQmRVwiAo4rV8wpmXI2H5VndQusKOYSd-kUlE6CJ9HNJlNDSm4wbfnPVHBJW739pZ6xRstS5x-KZgIw10kQZKgcVGyefjkegZQM7-cfkMws7oRS8egywESqzQnRBQjN1boL21eb_brndZNce1lYW5V00yq_KmOUWIguDM6gVhjg0StpE8FBmlijza93s9auXv10_AeSRbNKA\" target=\"_blank\">https:\/\/linktr.ee\/proloco.acquaviva<\/a><\/p>\n\n\n\n<p class=\"has-text-align-right\"><em><strong>Francesco Lenoci<\/strong><\/em><\/p>\n\n\n\n<figure class=\"wp-block-gallery has-nested-images columns-default is-cropped wp-block-gallery-1 is-layout-flex wp-block-gallery-is-layout-flex\">\n<figure class=\"wp-block-image size-large\"><img decoding=\"async\" width=\"600\" height=\"800\" data-id=\"2866\" src=\"https:\/\/acquaviva.lavocedelpaese.info\/wp-content\/uploads\/2023\/10\/2-2-1.jpg\" alt=\"\" class=\"wp-image-2866\" srcset=\"https:\/\/acquaviva.lavocedelpaese.info\/wp-content\/uploads\/2023\/10\/2-2-1.jpg 600w, https:\/\/acquaviva.lavocedelpaese.info\/wp-content\/uploads\/2023\/10\/2-2-1-225x300.jpg 225w\" sizes=\"(max-width: 600px) 100vw, 600px\" \/><\/figure>\n\n\n\n<figure class=\"wp-block-image size-large\"><img decoding=\"async\" width=\"600\" height=\"800\" data-id=\"2865\" src=\"https:\/\/acquaviva.lavocedelpaese.info\/wp-content\/uploads\/2023\/10\/4-1.jpg\" alt=\"\" class=\"wp-image-2865\" srcset=\"https:\/\/acquaviva.lavocedelpaese.info\/wp-content\/uploads\/2023\/10\/4-1.jpg 600w, https:\/\/acquaviva.lavocedelpaese.info\/wp-content\/uploads\/2023\/10\/4-1-225x300.jpg 225w\" sizes=\"(max-width: 600px) 100vw, 600px\" \/><\/figure>\n\n\n\n<figure class=\"wp-block-image size-large\"><img decoding=\"async\" width=\"600\" height=\"800\" data-id=\"2867\" src=\"https:\/\/acquaviva.lavocedelpaese.info\/wp-content\/uploads\/2023\/10\/1-2-1.jpg\" alt=\"\" class=\"wp-image-2867\" srcset=\"https:\/\/acquaviva.lavocedelpaese.info\/wp-content\/uploads\/2023\/10\/1-2-1.jpg 600w, https:\/\/acquaviva.lavocedelpaese.info\/wp-content\/uploads\/2023\/10\/1-2-1-225x300.jpg 225w\" sizes=\"(max-width: 600px) 100vw, 600px\" \/><\/figure>\n\n\n\n<figure class=\"wp-block-image size-large\"><img decoding=\"async\" width=\"600\" height=\"800\" data-id=\"2864\" src=\"https:\/\/acquaviva.lavocedelpaese.info\/wp-content\/uploads\/2023\/10\/3-1-1.jpg\" alt=\"\" class=\"wp-image-2864\" srcset=\"https:\/\/acquaviva.lavocedelpaese.info\/wp-content\/uploads\/2023\/10\/3-1-1.jpg 600w, https:\/\/acquaviva.lavocedelpaese.info\/wp-content\/uploads\/2023\/10\/3-1-1-225x300.jpg 225w\" sizes=\"(max-width: 600px) 100vw, 600px\" \/><\/figure>\n<\/figure>\n\n\n\n<figure class=\"wp-block-image size-full\"><img decoding=\"async\" width=\"566\" height=\"800\" src=\"https:\/\/acquaviva.lavocedelpaese.info\/wp-content\/uploads\/2023\/10\/Festa-del-Vino-primitivo-2023-1-2.jpg\" alt=\"\" class=\"wp-image-2868\" srcset=\"https:\/\/acquaviva.lavocedelpaese.info\/wp-content\/uploads\/2023\/10\/Festa-del-Vino-primitivo-2023-1-2.jpg 566w, https:\/\/acquaviva.lavocedelpaese.info\/wp-content\/uploads\/2023\/10\/Festa-del-Vino-primitivo-2023-1-2-212x300.jpg 212w\" sizes=\"(max-width: 566px) 100vw, 566px\" \/><\/figure>\n\n\n\n<figure class=\"wp-block-image size-full\"><img decoding=\"async\" width=\"564\" height=\"800\" src=\"https:\/\/acquaviva.lavocedelpaese.info\/wp-content\/uploads\/2023\/11\/398725336_195076150306477_896304283667241987_n.jpg\" alt=\"\" class=\"wp-image-2923\" srcset=\"https:\/\/acquaviva.lavocedelpaese.info\/wp-content\/uploads\/2023\/11\/398725336_195076150306477_896304283667241987_n.jpg 564w, https:\/\/acquaviva.lavocedelpaese.info\/wp-content\/uploads\/2023\/11\/398725336_195076150306477_896304283667241987_n-212x300.jpg 212w\" sizes=\"(max-width: 564px) 100vw, 564px\" \/><\/figure>\n","protected":false},"excerpt":{"rendered":"<p>di Francesco Lenoci Si abbassano le temperature, le campagne si tingono di colori autunnali e le citt\u00e0 cominciano ad animarsi<\/p>\n","protected":false},"author":4,"featured_media":2862,"comment_status":"open","ping_status":"closed","sticky":false,"template":"","format":"standard","meta":{"colormag_page_container_layout":"default_layout","colormag_page_sidebar_layout":"default_layout","_monsterinsights_skip_tracking":false,"_monsterinsights_sitenote_active":false,"_monsterinsights_sitenote_note":"","_monsterinsights_sitenote_category":0,"footnotes":""},"categories":[6,33],"tags":[],"class_list":["post-2861","post","type-post","status-publish","format-standard","has-post-thumbnail","hentry","category-eventi","category-spalla"],"_links":{"self":[{"href":"https:\/\/acquaviva.lavocedelpaese.info\/index.php\/wp-json\/wp\/v2\/posts\/2861","targetHints":{"allow":["GET"]}}],"collection":[{"href":"https:\/\/acquaviva.lavocedelpaese.info\/index.php\/wp-json\/wp\/v2\/posts"}],"about":[{"href":"https:\/\/acquaviva.lavocedelpaese.info\/index.php\/wp-json\/wp\/v2\/types\/post"}],"author":[{"embeddable":true,"href":"https:\/\/acquaviva.lavocedelpaese.info\/index.php\/wp-json\/wp\/v2\/users\/4"}],"replies":[{"embeddable":true,"href":"https:\/\/acquaviva.lavocedelpaese.info\/index.php\/wp-json\/wp\/v2\/comments?post=2861"}],"version-history":[{"count":2,"href":"https:\/\/acquaviva.lavocedelpaese.info\/index.php\/wp-json\/wp\/v2\/posts\/2861\/revisions"}],"predecessor-version":[{"id":2925,"href":"https:\/\/acquaviva.lavocedelpaese.info\/index.php\/wp-json\/wp\/v2\/posts\/2861\/revisions\/2925"}],"wp:featuredmedia":[{"embeddable":true,"href":"https:\/\/acquaviva.lavocedelpaese.info\/index.php\/wp-json\/wp\/v2\/media\/2862"}],"wp:attachment":[{"href":"https:\/\/acquaviva.lavocedelpaese.info\/index.php\/wp-json\/wp\/v2\/media?parent=2861"}],"wp:term":[{"taxonomy":"category","embeddable":true,"href":"https:\/\/acquaviva.lavocedelpaese.info\/index.php\/wp-json\/wp\/v2\/categories?post=2861"},{"taxonomy":"post_tag","embeddable":true,"href":"https:\/\/acquaviva.lavocedelpaese.info\/index.php\/wp-json\/wp\/v2\/tags?post=2861"}],"curies":[{"name":"wp","href":"https:\/\/api.w.org\/{rel}","templated":true}]}}