{"id":2847,"date":"2023-10-24T16:16:14","date_gmt":"2023-10-24T16:16:14","guid":{"rendered":"https:\/\/acquaviva.lavocedelpaese.info\/?p=2847"},"modified":"2023-10-24T16:16:14","modified_gmt":"2023-10-24T16:16:14","slug":"punti-cardinali-dalla-tradizione-alla-green-economy","status":"publish","type":"post","link":"https:\/\/acquaviva.lavocedelpaese.info\/index.php\/2023\/10\/24\/punti-cardinali-dalla-tradizione-alla-green-economy\/","title":{"rendered":"Punti Cardinali, dalla tradizione alla Green Economy"},"content":{"rendered":"\n<p>ANCORA IMPERDIBILI OCCASIONI FORMATIVE PER LE SCUOLE DI ACQUAVIVA DELLE FONTI<\/p>\n\n\n\n<p>Il Progetto \u201cDalla Tradizione alla Green Economy\u201d del Comune di Acquaviva delle Fonti non si ferma e concentra le proprie risorse nelle scuole del territorio.<\/p>\n\n\n\n<p>\u201cDalla Tradizione alla Green Economy\u201d \u2013 applicazione sul territorio del progetto Punti Cardinali della Regione Puglia \u2013 si prefigge l\u2019obiettivo di potenziare le skills dei cittadini e facilitare l\u2019incontro tra ricerca e datori di lavoro.<\/p>\n\n\n\n<p>Nei prossimi giorni si svolgeranno sul territorio di Acquaviva due notevoli occasioni formative rivolte alle scolaresche: due Job Days interamente dedicati agli studenti di scuole superiori e medie.<\/p>\n\n\n\n<p>Dopo il successo di \u201cCiak si gira: il lavoro nel mondo della produzione e promozione culturale\u201d, Punti Cardinali torna nell\u2019IISS Rosa Luxemburg \u2013 questa volta in indirizzo alberghiero \u2013 per un incredibile appuntamento formativo a tema culinario.<\/p>\n\n\n\n<p>\u201cL\u2019enogastronomia dalla materia prima al servizio\u201d, questo il titolo del terzo Job Day del progetto \u201cDalla Tradizione alla Green Economy\u201d, evento che porter\u00e0 tra i banchi di scuola prestigiosi nomi della cucina made in Puglia.<\/p>\n\n\n\n<p>Antonello Magist\u00e0 (Patron ristorante Pash\u00e0), Giuseppe Cupertino (Presidente Fondazione Sommelier Italiana Puglia), Rossana Minunni (Floor manager ristorante Pash\u00e0), Giovanni Sisto (Orto dalla Luna di Gioia del Colle) e Sonia Gioia (giornalista La Repubblica); questi i nomi scelti da Cat Imprendo Puglia \u2013 Confesercenti Bari per promuovere lo sviluppo delle competenze degli studenti acquavivesi.<\/p>\n\n\n\n<p>Le occasioni formative non finiscono qui, rivolgendo l\u2019attenzione agli studenti di terza media degli IC \u201cCAPORIZZI \u2013 LUCARELLI\u201d e \u201cDE AMICIS \u2013 GIOVANNI XXIII\u201d nelle giornate del 26 e 27 ottobre.<\/p>\n\n\n\n<p>\u201cGli studenti di terza media vivono un momento delicato, sono alla vigilia della scelta della scuola superiore e quindi vogliamo offrire agli studenti un\u2019occasione che pu\u00f2 essere cruciale per il loro futuro e vogliamo farlo coinvolgendo attivamente la rete delle aziende locali\u201d, dichiara il Francesco Fiore \u2013 direttore CAT Imprendo Puglia e Confesercenti Bari \u2013 partner del progetto \u201cDalla Tradizione alla Green Economy\u201d di Acquaviva delle Fonti.<\/p>\n\n\n\n<p>Due Job Days sono dedicati interamente alle scuole medie del territorio, raccolte nel titolo \u201cCostruiamo insieme il tuo futuro: dalle attitudini alle competenze\u201d:<\/p>\n\n\n\n<p>Sandra Maria Natale (Esperta in Orientamento e Risorse Umane) e Maria Antonella Quatraro (Psicologa e Psicoterapeuta) accoglieranno gli studenti nelle giornate del 26 e 27 ottobre guidandoli nel tortuoso mondo della scelta scolastica e formativa che li attende, introducendo gli interventi di alcune tra le migliori aziende del territorio: Finlogistic srl, Isoteck srl, D&amp;L srl e Tamma srl. Un momento unico per ascoltare il mondo del lavoro direttamente dal racconto dei grandi dirigenti di aziende acquavivesi.<\/p>\n\n\n\n<p><\/p>\n\n\n\n<figure class=\"wp-block-image size-full\"><img decoding=\"async\" src=\"https:\/\/acquaviva.lavocedelpaese.info\/wp-content\/uploads\/2023\/10\/394812515_706430218191988_6555622451629765496_n.jpg\" alt=\"\" class=\"wp-image-2848\" \/><\/figure>\n\n\n\n<figure class=\"wp-block-image size-full\"><img decoding=\"async\" width=\"566\" height=\"800\" src=\"https:\/\/acquaviva.lavocedelpaese.info\/wp-content\/uploads\/2023\/10\/394698883_706430214858655_2011413680690070694_n.jpg\" alt=\"\" class=\"wp-image-2849\" srcset=\"https:\/\/acquaviva.lavocedelpaese.info\/wp-content\/uploads\/2023\/10\/394698883_706430214858655_2011413680690070694_n.jpg 566w, https:\/\/acquaviva.lavocedelpaese.info\/wp-content\/uploads\/2023\/10\/394698883_706430214858655_2011413680690070694_n-212x300.jpg 212w\" sizes=\"(max-width: 566px) 100vw, 566px\" \/><\/figure>\n\n\n\n<figure class=\"wp-block-image size-full\"><img decoding=\"async\" width=\"566\" height=\"800\" src=\"https:\/\/acquaviva.lavocedelpaese.info\/wp-content\/uploads\/2023\/10\/394828653_706430221525321_8767125062999589795_n.jpg\" alt=\"\" class=\"wp-image-2850\" srcset=\"https:\/\/acquaviva.lavocedelpaese.info\/wp-content\/uploads\/2023\/10\/394828653_706430221525321_8767125062999589795_n.jpg 566w, https:\/\/acquaviva.lavocedelpaese.info\/wp-content\/uploads\/2023\/10\/394828653_706430221525321_8767125062999589795_n-212x300.jpg 212w\" sizes=\"(max-width: 566px) 100vw, 566px\" \/><\/figure>\n","protected":false},"excerpt":{"rendered":"<p>ANCORA IMPERDIBILI OCCASIONI FORMATIVE PER LE SCUOLE DI ACQUAVIVA DELLE FONTI Il Progetto \u201cDalla Tradizione alla Green Economy\u201d del Comune<\/p>\n","protected":false},"author":4,"featured_media":2848,"comment_status":"open","ping_status":"closed","sticky":false,"template":"","format":"standard","meta":{"colormag_page_container_layout":"default_layout","colormag_page_sidebar_layout":"default_layout","_monsterinsights_skip_tracking":false,"_monsterinsights_sitenote_active":false,"_monsterinsights_sitenote_note":"","_monsterinsights_sitenote_category":0,"footnotes":""},"categories":[2,30],"tags":[],"class_list":["post-2847","post","type-post","status-publish","format-standard","has-post-thumbnail","hentry","category-attualita","category-news"],"_links":{"self":[{"href":"https:\/\/acquaviva.lavocedelpaese.info\/index.php\/wp-json\/wp\/v2\/posts\/2847","targetHints":{"allow":["GET"]}}],"collection":[{"href":"https:\/\/acquaviva.lavocedelpaese.info\/index.php\/wp-json\/wp\/v2\/posts"}],"about":[{"href":"https:\/\/acquaviva.lavocedelpaese.info\/index.php\/wp-json\/wp\/v2\/types\/post"}],"author":[{"embeddable":true,"href":"https:\/\/acquaviva.lavocedelpaese.info\/index.php\/wp-json\/wp\/v2\/users\/4"}],"replies":[{"embeddable":true,"href":"https:\/\/acquaviva.lavocedelpaese.info\/index.php\/wp-json\/wp\/v2\/comments?post=2847"}],"version-history":[{"count":1,"href":"https:\/\/acquaviva.lavocedelpaese.info\/index.php\/wp-json\/wp\/v2\/posts\/2847\/revisions"}],"predecessor-version":[{"id":2851,"href":"https:\/\/acquaviva.lavocedelpaese.info\/index.php\/wp-json\/wp\/v2\/posts\/2847\/revisions\/2851"}],"wp:featuredmedia":[{"embeddable":true,"href":"https:\/\/acquaviva.lavocedelpaese.info\/index.php\/wp-json\/wp\/v2\/media\/2848"}],"wp:attachment":[{"href":"https:\/\/acquaviva.lavocedelpaese.info\/index.php\/wp-json\/wp\/v2\/media?parent=2847"}],"wp:term":[{"taxonomy":"category","embeddable":true,"href":"https:\/\/acquaviva.lavocedelpaese.info\/index.php\/wp-json\/wp\/v2\/categories?post=2847"},{"taxonomy":"post_tag","embeddable":true,"href":"https:\/\/acquaviva.lavocedelpaese.info\/index.php\/wp-json\/wp\/v2\/tags?post=2847"}],"curies":[{"name":"wp","href":"https:\/\/api.w.org\/{rel}","templated":true}]}}