{"id":2839,"date":"2023-10-24T08:55:00","date_gmt":"2023-10-24T08:55:00","guid":{"rendered":"https:\/\/acquaviva.lavocedelpaese.info\/?p=2839"},"modified":"2023-10-24T15:29:26","modified_gmt":"2023-10-24T15:29:26","slug":"inaugurazione-dello-sportello-pronto-intervento-sociale","status":"publish","type":"post","link":"https:\/\/acquaviva.lavocedelpaese.info\/index.php\/2023\/10\/24\/inaugurazione-dello-sportello-pronto-intervento-sociale\/","title":{"rendered":"Inaugurazione dello Sportello Pronto Intervento Sociale"},"content":{"rendered":"\n<p>Inaugurazione dello Sportello P.I.S. (Pronto Intervento Sociale) a Grumo APPULA MERCOLED\u00cc 25 OTTOBRE ORE 11.00<br><br>Un nuovo capitolo di solidariet\u00e0 per le comunit\u00e0 di Grumo Appula, Acquaviva delle Fonti, Binetto, Cassano Murge, Toritto e Sannicandro di Bari.<br><br>Dal 1\u00b0 agosto, un nuovo capitolo di solidariet\u00e0 ha preso vita nell\u2019ambito territoriale di Grumo Appula con il lancio del progetto \u201cPronto Intervento Sociale e Centro Servizi Housing First\u201d, in collaborazione con la Cooperativa Sociale EOS Onlus, Feel at Home, C.A.P.S e Laetitia.<br><br>L\u2019obiettivo fondamentale di questo progetto \u00e8 offrire un supporto tempestivo a coloro che si trovano in situazioni di emergenza, marginalit\u00e0 e difficolt\u00e0 sociali, anche quando i servizi tradizionali non sono reperibili.<br><br>Il Pronto Intervento Sociale rappresenta una promessa di inclusione sociale.<br><br>Il servizio ad oggi \u00e8 gi\u00e0 reso disponibile tramite la nostra Centrale Operativa, raggiungibile gratuitamente al numero verde<strong> 800 022661<\/strong>, per rispondere alle emergenze e fornire il primo sostegno.<br><br>Ad oggi, il progetto si arricchisce anche della presenza del nuovo Sportello sito a Grumo Appula (BA), in Via B. Galtieri n\u00b0 7.<br><br>Cogliamo pertanto occasione per invitarvi alla cerimonia di apertura che si terr\u00e0 alla presenza delle istituzioni, dei servizi sociali professionali, delle organizzazioni locali e della comunit\u00e0 tutta.&nbsp;<\/p>\n\n\n\n<p><\/p>\n\n\n\n<figure class=\"wp-block-image size-full\"><img decoding=\"async\" src=\"https:\/\/acquaviva.lavocedelpaese.info\/wp-content\/uploads\/2023\/10\/Locandina-Pronto-Intervento-Sociale.jpg\" alt=\"\" class=\"wp-image-2840\" \/><\/figure>\n\n\n\n<figure class=\"wp-block-image size-full\"><img decoding=\"async\" width=\"889\" height=\"800\" src=\"https:\/\/acquaviva.lavocedelpaese.info\/wp-content\/uploads\/2023\/10\/Invito-inaugurazione-sportello-P.I.S.-1.jpeg\" alt=\"\" class=\"wp-image-2841\" srcset=\"https:\/\/acquaviva.lavocedelpaese.info\/wp-content\/uploads\/2023\/10\/Invito-inaugurazione-sportello-P.I.S.-1.jpeg 889w, https:\/\/acquaviva.lavocedelpaese.info\/wp-content\/uploads\/2023\/10\/Invito-inaugurazione-sportello-P.I.S.-1-300x270.jpeg 300w, https:\/\/acquaviva.lavocedelpaese.info\/wp-content\/uploads\/2023\/10\/Invito-inaugurazione-sportello-P.I.S.-1-768x691.jpeg 768w\" sizes=\"(max-width: 889px) 100vw, 889px\" \/><\/figure>\n","protected":false},"excerpt":{"rendered":"<p>Inaugurazione dello Sportello P.I.S. (Pronto Intervento Sociale) a Grumo APPULA MERCOLED\u00cc 25 OTTOBRE ORE 11.00 Un nuovo capitolo di solidariet\u00e0<\/p>\n","protected":false},"author":4,"featured_media":2840,"comment_status":"open","ping_status":"closed","sticky":false,"template":"","format":"standard","meta":{"colormag_page_container_layout":"default_layout","colormag_page_sidebar_layout":"default_layout","_monsterinsights_skip_tracking":false,"_monsterinsights_sitenote_active":false,"_monsterinsights_sitenote_note":"","_monsterinsights_sitenote_category":0,"footnotes":""},"categories":[2,30],"tags":[],"class_list":["post-2839","post","type-post","status-publish","format-standard","has-post-thumbnail","hentry","category-attualita","category-news"],"_links":{"self":[{"href":"https:\/\/acquaviva.lavocedelpaese.info\/index.php\/wp-json\/wp\/v2\/posts\/2839","targetHints":{"allow":["GET"]}}],"collection":[{"href":"https:\/\/acquaviva.lavocedelpaese.info\/index.php\/wp-json\/wp\/v2\/posts"}],"about":[{"href":"https:\/\/acquaviva.lavocedelpaese.info\/index.php\/wp-json\/wp\/v2\/types\/post"}],"author":[{"embeddable":true,"href":"https:\/\/acquaviva.lavocedelpaese.info\/index.php\/wp-json\/wp\/v2\/users\/4"}],"replies":[{"embeddable":true,"href":"https:\/\/acquaviva.lavocedelpaese.info\/index.php\/wp-json\/wp\/v2\/comments?post=2839"}],"version-history":[{"count":1,"href":"https:\/\/acquaviva.lavocedelpaese.info\/index.php\/wp-json\/wp\/v2\/posts\/2839\/revisions"}],"predecessor-version":[{"id":2842,"href":"https:\/\/acquaviva.lavocedelpaese.info\/index.php\/wp-json\/wp\/v2\/posts\/2839\/revisions\/2842"}],"wp:featuredmedia":[{"embeddable":true,"href":"https:\/\/acquaviva.lavocedelpaese.info\/index.php\/wp-json\/wp\/v2\/media\/2840"}],"wp:attachment":[{"href":"https:\/\/acquaviva.lavocedelpaese.info\/index.php\/wp-json\/wp\/v2\/media?parent=2839"}],"wp:term":[{"taxonomy":"category","embeddable":true,"href":"https:\/\/acquaviva.lavocedelpaese.info\/index.php\/wp-json\/wp\/v2\/categories?post=2839"},{"taxonomy":"post_tag","embeddable":true,"href":"https:\/\/acquaviva.lavocedelpaese.info\/index.php\/wp-json\/wp\/v2\/tags?post=2839"}],"curies":[{"name":"wp","href":"https:\/\/api.w.org\/{rel}","templated":true}]}}