{"id":2816,"date":"2023-10-24T09:50:03","date_gmt":"2023-10-24T09:50:03","guid":{"rendered":"https:\/\/acquaviva.lavocedelpaese.info\/?p=2816"},"modified":"2023-10-25T15:43:03","modified_gmt":"2023-10-25T15:43:03","slug":"armoniosamente-buona-la-prima","status":"publish","type":"post","link":"https:\/\/acquaviva.lavocedelpaese.info\/index.php\/2023\/10\/24\/armoniosamente-buona-la-prima\/","title":{"rendered":"ArmoniosaMente: \u201cBuona la Prima!\u201d"},"content":{"rendered":"\n<p><strong>Esperti a confronto sull&#8217;importanza del Benessere Psicologico, Fisico e Sociale<\/strong><\/p>\n\n\n\n<p><strong>di Isabella Giorgio<\/strong><\/p>\n\n\n\n<p>Grande partecipazione domenica 22 ottobre nel salone delle feste di Palazzo De Mari per la prima edizione di \u201cArmoniosaMente &#8211; ConversAzioni sul Benessere Psicologico Fisico e Sociale\u201d.<\/p>\n\n\n\n<p>L&#8217;iniziativa, organizzata dall\u2019Ass. MUSInCanto e dal Polo Formativo FestivalLab di Acquaviva delle Fonti, \u00e8 nata dal desiderio della Presidente <strong>Natalizia Carone<\/strong> di unire le sue competenze di psicologa e musicoterapeuta per \u201ccreare uno spazio socio-culturale come momento di sensibilizzazione, informazione e confronto rivolto alla Comunit\u00e0 per parlare del concetto di benessere psicologico e della professionalit\u00e0 dello psicologo, come \u201cfigura che previene l\u2019emergere del disagio e della malattia, promuove il benessere, favorisce uno scambio relazionale sano durante tutto il ciclo di vita, sostiene le persone durante le fasi di maggiore criticit\u00e0\u201d.<\/p>\n\n\n\n<p>Un progetto ben articolato, ideato in occasione del Mese del Benessere Psicologico che dal 2011 propone la tradizionale campagna di sensibilizzazione e promozione del ruolo dello psicologo come professionista della salute impegnato per il benessere della collettivit\u00e0.<\/p>\n\n\n\n<p>Un parterre di relatori di professionalit\u00e0 diverse ha accolto con entusiasmo l&#8217;invito presentando in ciascun intervento interessanti spunti di riflessione e approfondimento. Si \u00e8 parlato delle somatizzazioni, dell&#8217;importanza dell&#8217;interazione mente-corpo e degli aspetti fondamentali di questo rapporto in riferimento alla salute e al prendersi cura di entrambi per il benessere psicofisico della persona.<\/p>\n\n\n\n<figure class=\"wp-block-gallery has-nested-images columns-default is-cropped wp-block-gallery-1 is-layout-flex wp-block-gallery-is-layout-flex\">\n<figure class=\"wp-block-image size-large\"><img decoding=\"async\" width=\"600\" height=\"800\" data-id=\"2833\" src=\"https:\/\/acquaviva.lavocedelpaese.info\/wp-content\/uploads\/2023\/10\/IMG_20231022_174446_361.jpg\" alt=\"\" class=\"wp-image-2833\" srcset=\"https:\/\/acquaviva.lavocedelpaese.info\/wp-content\/uploads\/2023\/10\/IMG_20231022_174446_361.jpg 600w, https:\/\/acquaviva.lavocedelpaese.info\/wp-content\/uploads\/2023\/10\/IMG_20231022_174446_361-225x300.jpg 225w\" sizes=\"(max-width: 600px) 100vw, 600px\" \/><\/figure>\n\n\n\n<figure class=\"wp-block-image size-large\"><img decoding=\"async\" width=\"600\" height=\"800\" data-id=\"2832\" src=\"https:\/\/acquaviva.lavocedelpaese.info\/wp-content\/uploads\/2023\/10\/IMG_20231022_174551_108.jpg\" alt=\"\" class=\"wp-image-2832\" srcset=\"https:\/\/acquaviva.lavocedelpaese.info\/wp-content\/uploads\/2023\/10\/IMG_20231022_174551_108.jpg 600w, https:\/\/acquaviva.lavocedelpaese.info\/wp-content\/uploads\/2023\/10\/IMG_20231022_174551_108-225x300.jpg 225w\" sizes=\"(max-width: 600px) 100vw, 600px\" \/><\/figure>\n\n\n\n<figure class=\"wp-block-image size-large\"><img decoding=\"async\" width=\"600\" height=\"800\" data-id=\"2834\" src=\"https:\/\/acquaviva.lavocedelpaese.info\/wp-content\/uploads\/2023\/10\/IMG_20231022_175211_315.jpg\" alt=\"\" class=\"wp-image-2834\" srcset=\"https:\/\/acquaviva.lavocedelpaese.info\/wp-content\/uploads\/2023\/10\/IMG_20231022_175211_315.jpg 600w, https:\/\/acquaviva.lavocedelpaese.info\/wp-content\/uploads\/2023\/10\/IMG_20231022_175211_315-225x300.jpg 225w\" sizes=\"(max-width: 600px) 100vw, 600px\" \/><\/figure>\n<\/figure>\n\n\n\n<p>La parola \u00e8 poi passata alla pedagogista ed educatrice <strong>Lucia Anna Solare<\/strong>, referente del Festivalab de Mari che ha ringraziato quanti hanno creduto in questa iniziativa dando il patrocinio (Ordine delle Psicologhe e degli psicologi di Puglia, la Presidenza del Consiglio della Regione Puglia, la ASL di Bari, l&#8217;Ente Ecclesiastico -Regionale Ospedale \u201cF. Miulli\u201d di Acquaviva delle Fonti, e l&#8217;Assessorato alle politiche Sociali del Comune di Acquaviva delle Fonti).<\/p>\n\n\n\n<p>\u201cNon si tratta di un convegno \u2013 ha precisato la Carone &#8211; ma di conversAzioni, qualcosa che si muove e intende creare un dialogo, una rete tra diverse figure professionali, per privare la figura dello psicologo di un pregiudizio che aleggia ancora forse pi\u00f9 nelle vecchie generazioni che nei giovani. Questo incontro ci permette di creare situazioni di apertura, potrete fare a fine incontro domande per chiarimenti delucidazioni o semplice curiosit\u00e0. Ringrazio la nostra interprete LIS Marilena Delmedico per supportare la mission sociale, ci permette di creare un valore aggiunto al tema di quest&#8217;anno della giornata Mondiale della Psicologia 2023: equit\u00e0 e giustizia sociale in termini di bisogni psicologici. La sua presenza ci permette di tradurre i nostri dialoghi nella maniera pi\u00f9 opportuna per rendere possibile questo benessere sociale per tutti\u201d.<\/p>\n\n\n\n<figure class=\"wp-block-image size-full\"><img decoding=\"async\" width=\"600\" height=\"800\" src=\"https:\/\/acquaviva.lavocedelpaese.info\/wp-content\/uploads\/2023\/10\/IMG_20231022_175028_796.jpg\" alt=\"\" class=\"wp-image-2820\" srcset=\"https:\/\/acquaviva.lavocedelpaese.info\/wp-content\/uploads\/2023\/10\/IMG_20231022_175028_796.jpg 600w, https:\/\/acquaviva.lavocedelpaese.info\/wp-content\/uploads\/2023\/10\/IMG_20231022_175028_796-225x300.jpg 225w\" sizes=\"(max-width: 600px) 100vw, 600px\" \/><\/figure>\n\n\n\n<p>Sono seguiti i saluti istituzionali del sindaco di Acquaviva delle Fonti, <strong>avv. Marco Lenoci <\/strong>che ha ringraziato gli organizzatori per quello che fanno in maniera disinteressata, \u201cci tenevo ad essere presente per testimoniare la vicinanza dell&#8217;Amministrazione alle vostre iniziative. Vi abbiamo dato con piacere il patrocinio, grazie per averci invitato, vi chiedo scusa ma devo allontanarmi per un altro impegno istituzionale, Vi lascio l&#8217;Assessora alle Politiche Sociali Immacolata Morano. Grazie a tutti gli esperti presenti. Il 22 novembre non mancate al concerto dedicato a Maria Callas di cui ricorre quest&#8217;anno il centenario di nascita promosso dall&#8217;Associazione di Natalizia Carone in occasione della Settimana contro la violenza delle donne\u201d.<\/p>\n\n\n\n<figure class=\"wp-block-image size-full\"><img decoding=\"async\" width=\"1000\" height=\"750\" src=\"https:\/\/acquaviva.lavocedelpaese.info\/wp-content\/uploads\/2023\/10\/IMG_20231022_175604_229.jpg\" alt=\"\" class=\"wp-image-2823\" srcset=\"https:\/\/acquaviva.lavocedelpaese.info\/wp-content\/uploads\/2023\/10\/IMG_20231022_175604_229.jpg 1000w, https:\/\/acquaviva.lavocedelpaese.info\/wp-content\/uploads\/2023\/10\/IMG_20231022_175604_229-300x225.jpg 300w, https:\/\/acquaviva.lavocedelpaese.info\/wp-content\/uploads\/2023\/10\/IMG_20231022_175604_229-768x576.jpg 768w\" sizes=\"(max-width: 1000px) 100vw, 1000px\" \/><\/figure>\n\n\n\n<p>\u201cNon potevamo non patrocinare e sostenere questa bella iniziativa, nel solco di quelle che il mio Assessorato sto cercando di promuovere. La sensibilizzazione sul tema del benessere psicologico e in modo particolare mentale \u00e8 importantissimo, nel nostro territorio ci sono realt\u00e0 che lavorano su questo (associazioni e ambito sanitario) spesso non le conosciamo\u201d. Nel suo intervento l&#8217;Assessora <strong>Immacolata<\/strong> <strong>Morano<\/strong> ha ribadito a gran voce che l&#8217;Ente deve essere da collante, continuer\u00e0 a farsi carico patrocinare e sostenere queste iniziative anche attraverso segnali simbolici. \u201cNon so se avete notato in questo mese la balconata di Palazzo De Mari e la fontana della Stazione in piazza A. Moro sono state illuminate di rosa: il Comune di Acquaviva delle Fonti ha aderito alla Campagna Nazionale &#8216;Nastro Rosa-LILT for Women&#8217;, iniziativa promossa dalla LILT, la Lega Italiana per la Lotta contro i Tumori, volta a focalizzare l\u2019attenzione della popolazione sull\u2019importanza della prevenzione del tumore del seno, e di verde nei giorni della Sagra del Calzone in occasione della Giornata della Salute mentale. Continuiamo a fare queste iniziative, il Comune le promuover\u00e0\u201d.<\/p>\n\n\n\n<figure class=\"wp-block-gallery has-nested-images columns-default is-cropped wp-block-gallery-2 is-layout-flex wp-block-gallery-is-layout-flex\">\n<figure class=\"wp-block-image size-large\"><img decoding=\"async\" width=\"1000\" height=\"750\" data-id=\"2828\" src=\"https:\/\/acquaviva.lavocedelpaese.info\/wp-content\/uploads\/2023\/10\/384740748_692879559547054_4544054590440528071_n-2.jpg\" alt=\"\" class=\"wp-image-2828\" srcset=\"https:\/\/acquaviva.lavocedelpaese.info\/wp-content\/uploads\/2023\/10\/384740748_692879559547054_4544054590440528071_n-2.jpg 1000w, https:\/\/acquaviva.lavocedelpaese.info\/wp-content\/uploads\/2023\/10\/384740748_692879559547054_4544054590440528071_n-2-300x225.jpg 300w, https:\/\/acquaviva.lavocedelpaese.info\/wp-content\/uploads\/2023\/10\/384740748_692879559547054_4544054590440528071_n-2-768x576.jpg 768w\" sizes=\"(max-width: 1000px) 100vw, 1000px\" \/><\/figure>\n\n\n\n<figure class=\"wp-block-image size-large\"><img decoding=\"async\" width=\"669\" height=\"469\" data-id=\"2826\" src=\"https:\/\/acquaviva.lavocedelpaese.info\/wp-content\/uploads\/2023\/10\/385067236_692882359546774_6366053923884976340_n.jpg\" alt=\"\" class=\"wp-image-2826\" srcset=\"https:\/\/acquaviva.lavocedelpaese.info\/wp-content\/uploads\/2023\/10\/385067236_692882359546774_6366053923884976340_n.jpg 669w, https:\/\/acquaviva.lavocedelpaese.info\/wp-content\/uploads\/2023\/10\/385067236_692882359546774_6366053923884976340_n-300x210.jpg 300w, https:\/\/acquaviva.lavocedelpaese.info\/wp-content\/uploads\/2023\/10\/385067236_692882359546774_6366053923884976340_n-130x90.jpg 130w\" sizes=\"(max-width: 669px) 100vw, 669px\" \/><\/figure>\n\n\n\n<figure class=\"wp-block-image size-large\"><img decoding=\"async\" width=\"1024\" height=\"779\" data-id=\"2827\" src=\"https:\/\/acquaviva.lavocedelpaese.info\/wp-content\/uploads\/2023\/10\/391615714_1775240239555744_837292619689992714_n-1024x779.jpg\" alt=\"\" class=\"wp-image-2827\" srcset=\"https:\/\/acquaviva.lavocedelpaese.info\/wp-content\/uploads\/2023\/10\/391615714_1775240239555744_837292619689992714_n-1024x779.jpg 1024w, https:\/\/acquaviva.lavocedelpaese.info\/wp-content\/uploads\/2023\/10\/391615714_1775240239555744_837292619689992714_n-300x228.jpg 300w, https:\/\/acquaviva.lavocedelpaese.info\/wp-content\/uploads\/2023\/10\/391615714_1775240239555744_837292619689992714_n-768x585.jpg 768w, https:\/\/acquaviva.lavocedelpaese.info\/wp-content\/uploads\/2023\/10\/391615714_1775240239555744_837292619689992714_n.jpg 1080w\" sizes=\"(max-width: 1024px) 100vw, 1024px\" \/><\/figure>\n<\/figure>\n\n\n\n<p>Straordinaria l&#8217;interpretazione del mezzosoprano Maria Candirri accompagnata dal pianista Giuseppe Bini che ha coinvolto il pubblico con l&#8217; Habanera <em>della<\/em> <em>Carmen<\/em> di Georges Bizet facendolo avvicinare con questa famosa aria lirica a Maria Callas, la Diva, di cui ricorrono i cento anni della sua nascita e che ricordiamo aver avuto una vita molto tormentata per l&#8217;amore e la depressione, vittima di violenza psicologica. Altro intermezzo musicale proposto \u00e8 stata <em>La vie en rose<\/em> e <em>Sogno<\/em> <em>d&#8217;amore<\/em> di F. Liszt eseguito dal M\u00b0 Bini.<\/p>\n\n\n\n<figure class=\"wp-block-image size-full\"><img decoding=\"async\" width=\"1000\" height=\"750\" src=\"https:\/\/acquaviva.lavocedelpaese.info\/wp-content\/uploads\/2023\/10\/IMG_20231022_180449_228.jpg\" alt=\"\" class=\"wp-image-2829\" srcset=\"https:\/\/acquaviva.lavocedelpaese.info\/wp-content\/uploads\/2023\/10\/IMG_20231022_180449_228.jpg 1000w, https:\/\/acquaviva.lavocedelpaese.info\/wp-content\/uploads\/2023\/10\/IMG_20231022_180449_228-300x225.jpg 300w, https:\/\/acquaviva.lavocedelpaese.info\/wp-content\/uploads\/2023\/10\/IMG_20231022_180449_228-768x576.jpg 768w\" sizes=\"(max-width: 1000px) 100vw, 1000px\" \/><\/figure>\n\n\n\n<figure class=\"wp-block-image size-full\"><img decoding=\"async\" width=\"600\" height=\"800\" src=\"https:\/\/acquaviva.lavocedelpaese.info\/wp-content\/uploads\/2023\/10\/IMG_20231022_182133_669.jpg\" alt=\"\" class=\"wp-image-2819\" srcset=\"https:\/\/acquaviva.lavocedelpaese.info\/wp-content\/uploads\/2023\/10\/IMG_20231022_182133_669.jpg 600w, https:\/\/acquaviva.lavocedelpaese.info\/wp-content\/uploads\/2023\/10\/IMG_20231022_182133_669-225x300.jpg 225w\" sizes=\"(max-width: 600px) 100vw, 600px\" \/><\/figure>\n\n\n\n<p>Si \u00e8 poi entrati nel vivo della serata: \u201cPerch\u00e9 le donne hanno questa tendenza a struggersi per amore?\u201d A questo interrogativo ha risposto la Dott.ssa <strong>Angelica Lopopolo<\/strong>, psicologa e psicoterapeuta nel suo intervento \u201cIl Femminile nella Psicoanalisi. Dall\u2019amore alla morte: la violenza nei legami d\u2019AMORE\u201d. &lt;Il corpo parla attraverso i sintomi&gt;, &lt;i disturbi nascono all&#8217;interno della relazione&gt;,&lt;uomo e donna appartengono a due universi diversi&gt;, &lt;la donna nel perdonare il carnefice \u00e8 complice&gt;, e ribadito l&#8217;importanza di parlare di educazione sentimentale rivolta alle giovani generazioni.<\/p>\n\n\n\n\n\n<p>\u201cCorpo-MENTE: le psicosomatosi\u201d questo il tema toccato dal Dott. <strong>Ippazio Ugenti<\/strong>, ricercatore universitario specialista in Chirurgia Generale ed Endoscopia Digestiva, esperto in Ipnosi clinica. Il disturbo psicosomatico evidenzia come il corpo sia un perfetto strumento di comunicazione di uno stato di sofferenza mentale e di disagio psicologico. Si \u00e8 fatto riferimento alla Sindrome di Stendhal. &lt;Le malattie somatiche sono manifestazioni somatiche di disturbi psichici&gt;, nel suo intervento ha posto l&#8217;accento sulla correlazione che c&#8217;\u00e8 tra il nostro sistema immunitario, ormonale e nervoso, soffermandosi sull&#8217;apparato digerente, ha fatto riferimento al microbiota e medicina olistica orientale: &lt;con l&#8217;ipnosi lo psicoterapeuta ha il controllo del sistema nervoso centrale simpatico e parasimpatico, pu\u00f2 avviare modificazioni psicologiche e neurologiche&gt;.<\/p>\n\n\n\n<figure class=\"wp-block-image size-full\"><img decoding=\"async\" width=\"600\" height=\"800\" src=\"https:\/\/acquaviva.lavocedelpaese.info\/wp-content\/uploads\/2023\/10\/IMG_20231022_190429_138.jpg\" alt=\"\" class=\"wp-image-2830\" srcset=\"https:\/\/acquaviva.lavocedelpaese.info\/wp-content\/uploads\/2023\/10\/IMG_20231022_190429_138.jpg 600w, https:\/\/acquaviva.lavocedelpaese.info\/wp-content\/uploads\/2023\/10\/IMG_20231022_190429_138-225x300.jpg 225w\" sizes=\"(max-width: 600px) 100vw, 600px\" \/><\/figure>\n\n\n\n<p>L&#8217;assistente sociale <strong>Elisabetta Mastrorocco<\/strong> ha poi parlato dell&#8217;importante servizio svolto dal Consultorio Familiare sul territorio, presente in citt\u00e0 dal 1981, entrando nel dettaglio delle attivit\u00e0 svolte. \u201cCi occupiamo del singolo, della coppia e della famiglia, non ci sono tempi lunghi di attesa, non si paga il ticket, offriamo prestazioni dirette (Ginecologa, Ostetrica, Psicologa, Assistente Sociale e Assistente Sanitaria) collaboriamo con le istituzioni scolastiche, ci occupiamo del contrasto alla violenza di genere, collaboriamo con la Li.A.<\/p>\n\n\n\n<p>La psicologa e psicoterapeuta <strong>Domenica Spinelli<\/strong> del Consultorio Familiare \u00e8 entrata poi pi\u00f9 nel dettaglio delle attivit\u00e0 svolte (screening ginecologico Pap-Test tra i 25-64 anni attivo da 11 anni, gruppi di preparazione al parto, attivit\u00e0 nelle scuole svolta da oltre 15 anni con progetti di affettivit\u00e0 e sessualit\u00e0, prestazioni psicologiche aumentate dopo il Covid nella fascia di et\u00e0 che va dai 18-25 anni, il luned\u00ec pomeriggio Spazio Adolescenti)\u201d.<\/p>\n\n\n\n<figure class=\"wp-block-image size-full is-resized\"><img decoding=\"async\" width=\"565\" height=\"800\" src=\"https:\/\/acquaviva.lavocedelpaese.info\/wp-content\/uploads\/2023\/10\/379059176_683801307121546_2311562734501326715_n.jpg\" alt=\"\" class=\"wp-image-2818\" style=\"aspect-ratio:0.70625;width:463px;height:auto\" srcset=\"https:\/\/acquaviva.lavocedelpaese.info\/wp-content\/uploads\/2023\/10\/379059176_683801307121546_2311562734501326715_n.jpg 565w, https:\/\/acquaviva.lavocedelpaese.info\/wp-content\/uploads\/2023\/10\/379059176_683801307121546_2311562734501326715_n-212x300.jpg 212w\" sizes=\"(max-width: 565px) 100vw, 565px\" \/><\/figure>\n\n\n\n<p>Una fascia di et\u00e0 quella degli Adolescenti attenzionata per la sua fragilit\u00e0 a cui si rivolge un altro interessante progetto \u201cAscoltiAMOci: Sportello di ascolto per adolescenti\u201d promosso con determinazione dal Medico di Famiglia Dott. <strong>Giovanni Abbatecola<\/strong> e curato con professionalit\u00e0 dalla psicologa e psicoterapeuta Dott.ssa <strong>Maria Antonella Quatraro<\/strong>. Il servizio , ricordiamo, partito lo scorso 17 aprile, \u00e8 rivolto ai ragazzi\/e di et\u00e0 compresa tra i 12 e i 18 anni del Comune di Acquaviva delle Fonti, \u00e8 ripreso a luned\u00ec alterni dal 18 settembre scorso dalle ore 16:00 alle ore 18:00 presso la Biblioteca Comunale \u201cMaselli Campagna. Per prenotare un appuntamento e accedere al servizio chiamare il numero 3802043581 o inviare una mail a <a href=\"mailto:psicologaquatraro@gmail.com\">psicologaquatraro@gmail.com<\/a> (attivo dalle 12:00-15:00). L&#8217;accesso e gratuito ed consentito a minori previo consenso di entrambi i genitori .<\/p>\n\n\n\n<figure class=\"wp-block-image size-full\"><img decoding=\"async\" width=\"600\" height=\"800\" src=\"https:\/\/acquaviva.lavocedelpaese.info\/wp-content\/uploads\/2023\/10\/IMG_20231022_192435_651.jpg\" alt=\"\" class=\"wp-image-2831\" srcset=\"https:\/\/acquaviva.lavocedelpaese.info\/wp-content\/uploads\/2023\/10\/IMG_20231022_192435_651.jpg 600w, https:\/\/acquaviva.lavocedelpaese.info\/wp-content\/uploads\/2023\/10\/IMG_20231022_192435_651-225x300.jpg 225w\" sizes=\"(max-width: 600px) 100vw, 600px\" \/><\/figure>\n\n\n\n<p>Altro interessante tema toccato dalla Dott.ssa <strong>Marilisa Sportelli,<\/strong> Dottore Commercialista \u00e8 stato il Bonus Psicologo 2022, nel suo intervento ha spiegato cos&#8217;\u00e8, cosa fare e come utilizzarlo.<\/p>\n\n\n\n<figure class=\"wp-block-image size-full is-resized\"><img decoding=\"async\" width=\"1024\" height=\"441\" src=\"https:\/\/acquaviva.lavocedelpaese.info\/wp-content\/uploads\/2023\/10\/240958664_209951164500623_804112718111455348_n.jpg\" alt=\"\" class=\"wp-image-2835\" style=\"aspect-ratio:2.3219954648526078;width:852px;height:auto\" srcset=\"https:\/\/acquaviva.lavocedelpaese.info\/wp-content\/uploads\/2023\/10\/240958664_209951164500623_804112718111455348_n.jpg 1024w, https:\/\/acquaviva.lavocedelpaese.info\/wp-content\/uploads\/2023\/10\/240958664_209951164500623_804112718111455348_n-300x129.jpg 300w, https:\/\/acquaviva.lavocedelpaese.info\/wp-content\/uploads\/2023\/10\/240958664_209951164500623_804112718111455348_n-768x331.jpg 768w\" sizes=\"(max-width: 1024px) 100vw, 1024px\" \/><\/figure>\n\n\n\n<p>Ospiti della serata l&#8217;<strong>Associazione ODV Altamura \u201cUna stanza per un sorriso\u201d<\/strong> rappresentata dalla Presidente Rosanna Galantucci che si occupa di sostenere i pazienti oncologici (per saperne di pi\u00f9 clicca qui: <a href=\"https:\/\/www.youtube.com\/@unastanzaperunsorriso4534\/videos\">Una stanza per un sorriso &#8211; YouTube<\/a> ), e-mail: <a href=\"mailto:prevenzione.stanzadelsorriso@gmail.com\">prevenzione.stanzadelsorriso@gmail.com<\/a> cell: 3760935874, sede legale: piazza Zanardelli, 20 -Altamura (Ba).<\/p>\n\n\n\n<p>Una serata ricca di contenuti e informazioni che mette certamente l&#8217;accento sull&#8217;importanza di proseguire con determinazione su questa strada, creare reti tra Enti, Associazioni ed esperti per costruire ponti, accorciare le distanze e offrire risposte concrete alle nostre comunit\u00e0.<\/p>\n\n\n\n<p class=\"has-text-align-right\"><strong>ISABELLA GIORGIO<\/strong><\/p>\n","protected":false},"excerpt":{"rendered":"<p>Esperti a confronto sull&#8217;importanza del Benessere Psicologico, Fisico e Sociale di Isabella Giorgio Grande partecipazione domenica 22 ottobre nel salone<\/p>\n","protected":false},"author":4,"featured_media":2836,"comment_status":"open","ping_status":"closed","sticky":false,"template":"","format":"standard","meta":{"colormag_page_container_layout":"default_layout","colormag_page_sidebar_layout":"default_layout","_monsterinsights_skip_tracking":false,"_monsterinsights_sitenote_active":false,"_monsterinsights_sitenote_note":"","_monsterinsights_sitenote_category":0,"footnotes":""},"categories":[2,28],"tags":[],"class_list":["post-2816","post","type-post","status-publish","format-standard","has-post-thumbnail","hentry","category-attualita","category-primo-piano"],"_links":{"self":[{"href":"https:\/\/acquaviva.lavocedelpaese.info\/index.php\/wp-json\/wp\/v2\/posts\/2816","targetHints":{"allow":["GET"]}}],"collection":[{"href":"https:\/\/acquaviva.lavocedelpaese.info\/index.php\/wp-json\/wp\/v2\/posts"}],"about":[{"href":"https:\/\/acquaviva.lavocedelpaese.info\/index.php\/wp-json\/wp\/v2\/types\/post"}],"author":[{"embeddable":true,"href":"https:\/\/acquaviva.lavocedelpaese.info\/index.php\/wp-json\/wp\/v2\/users\/4"}],"replies":[{"embeddable":true,"href":"https:\/\/acquaviva.lavocedelpaese.info\/index.php\/wp-json\/wp\/v2\/comments?post=2816"}],"version-history":[{"count":3,"href":"https:\/\/acquaviva.lavocedelpaese.info\/index.php\/wp-json\/wp\/v2\/posts\/2816\/revisions"}],"predecessor-version":[{"id":2854,"href":"https:\/\/acquaviva.lavocedelpaese.info\/index.php\/wp-json\/wp\/v2\/posts\/2816\/revisions\/2854"}],"wp:featuredmedia":[{"embeddable":true,"href":"https:\/\/acquaviva.lavocedelpaese.info\/index.php\/wp-json\/wp\/v2\/media\/2836"}],"wp:attachment":[{"href":"https:\/\/acquaviva.lavocedelpaese.info\/index.php\/wp-json\/wp\/v2\/media?parent=2816"}],"wp:term":[{"taxonomy":"category","embeddable":true,"href":"https:\/\/acquaviva.lavocedelpaese.info\/index.php\/wp-json\/wp\/v2\/categories?post=2816"},{"taxonomy":"post_tag","embeddable":true,"href":"https:\/\/acquaviva.lavocedelpaese.info\/index.php\/wp-json\/wp\/v2\/tags?post=2816"}],"curies":[{"name":"wp","href":"https:\/\/api.w.org\/{rel}","templated":true}]}}