{"id":2775,"date":"2023-10-21T10:30:00","date_gmt":"2023-10-21T10:30:00","guid":{"rendered":"https:\/\/acquaviva.lavocedelpaese.info\/?p=2775"},"modified":"2023-10-21T09:40:17","modified_gmt":"2023-10-21T09:40:17","slug":"festa-del-vino-primitivo-e-del-cece-nero","status":"publish","type":"post","link":"https:\/\/acquaviva.lavocedelpaese.info\/index.php\/2023\/10\/21\/festa-del-vino-primitivo-e-del-cece-nero\/","title":{"rendered":"Festa del vino primitivo e del cece nero"},"content":{"rendered":"\n<p>Il 4 novembre nel centro antico di Acquaviva delle Fonti<\/p>\n\n\n\n<p>Dopo il successo dello scorso anno, che ha visto numerosi visitatori riempire le stradine del centro antico, torna la Festa del Vino Primitivo e del Cece Nero. L\u2019evento organizzato dall\u2019Associazione Turistica Pro Loco \u201cCurtomartino\u201d con il patrocinio del Comune di Acquaviva Delle Fonti punta ad incuriosire i tanti appassionati di gastronomia locale e di buon vino primitivo, valorizzando anche le piccole stradine e piazzette del centro antico.<\/p>\n\n\n\n<p>Una manifestazione che anche quest\u2019anno vuol essere un punto di riferimento per rinnovamento e innovazione, in cui promuovere le attivit\u00e0 locali e in modo particolare il Centro Antico, luogo di scambio culturale e cuore pulsante del nostro paese. L\u2019evento, che si svolger\u00e0 <strong>sabato 4 novembre a partire dalle ore 18,00<\/strong>, seguir\u00e0 un percorso lungo i vicoli che collegano Piazza San Paolo e Piazza Don Albertario, creando un\u2019atmosfera tipicamente autunnale, valorizzando il piccolo borgo.<\/p>\n\n\n\n<p>Il percorso sar\u00e0 arricchito da stand gastronomici che proporranno ai visitatori antiche ricette preparate con il gustoso cece nero, prodotti locali e castagne, il tutto accompagnato dal prelibato vino primitivo delle nostre cantine, come i rinomati produttori locali Tenute Chiaromonte e Cantine Polvanera.<\/p>\n\n\n\n<p>\u201cUn evento che per molti versi caratterizza il nostro territorio, valorizzando e promuovendo due prodotti locali che ben si sposano insieme &#8211; afferma il <em>vice Presidente della Pro Loco \u201cCurtomartino\u201d Alessandro Macchia<\/em> \u2013 che dopo il successo dello scorso anno, ci fa ben sperare attraverso il coinvolgimento diretto di cittadini ma soprattutto degli operatori locali, protagonisti di questa serata.<\/p>\n\n\n\n<p>Creare un forte legame con la citt\u00e0, ci porta anche a stuzzicare il desiderio di conoscenza da parte dei visitatori, che avranno la possibilit\u00e0 di fruire di un variegato paniere di servizi. La nostra Associazione negli anni \u00e8 cresciuta tantissimo, coinvolgendo i tanti giovani a scommettere sul territorio, investendo quindi su un\u2019offerta turistica articolata, anche grazie alle numerose iniziative che nel corso del tempo abbiamo portato avanti, anche con il supporto dell\u2019Amministrazione Comunale e degli attori del territorio\u201d.<\/p>\n\n\n\n<p>Quando si parla quindi di accoglienza turistica, non si pu\u00f2 fare a meno di guardare con occhi curiosi il nostro centro storico attraverso visite guidate gratuite al borgo antico e a Palazzo de Mari organizzate dalla Pro Loco con partenza dall\u2019Info-Point Turistico sito in Piazza Maria SS. di Costantinopoli 16 a partire dalle ore 18,00.<\/p>\n\n\n\n<p>Per tutte le informazioni riguardo la Festa del Vino Primitivo e del Cece Nero, \u00e8 possibile consultare il<\/p>\n\n\n\n<p>sito www.prolocoacquaviva.it o contattare il 392.3369394 (anche su Whatsapp)<\/p>\n\n\n\n<figure class=\"wp-block-image size-full\"><img decoding=\"async\" width=\"566\" height=\"800\" src=\"https:\/\/acquaviva.lavocedelpaese.info\/wp-content\/uploads\/2023\/10\/Festa-del-Vino-primitivo-2023.jpg\" alt=\"\" class=\"wp-image-2776\" srcset=\"https:\/\/acquaviva.lavocedelpaese.info\/wp-content\/uploads\/2023\/10\/Festa-del-Vino-primitivo-2023.jpg 566w, https:\/\/acquaviva.lavocedelpaese.info\/wp-content\/uploads\/2023\/10\/Festa-del-Vino-primitivo-2023-212x300.jpg 212w\" sizes=\"(max-width: 566px) 100vw, 566px\" \/><\/figure>\n\n\n\n<figure class=\"wp-block-gallery has-nested-images columns-default is-cropped wp-block-gallery-1 is-layout-flex wp-block-gallery-is-layout-flex\">\n<figure class=\"wp-block-image size-large\"><img decoding=\"async\" width=\"600\" height=\"800\" data-id=\"2778\" src=\"https:\/\/acquaviva.lavocedelpaese.info\/wp-content\/uploads\/2023\/10\/4.jpg\" alt=\"\" class=\"wp-image-2778\" srcset=\"https:\/\/acquaviva.lavocedelpaese.info\/wp-content\/uploads\/2023\/10\/4.jpg 600w, https:\/\/acquaviva.lavocedelpaese.info\/wp-content\/uploads\/2023\/10\/4-225x300.jpg 225w\" sizes=\"(max-width: 600px) 100vw, 600px\" \/><\/figure>\n\n\n\n<figure class=\"wp-block-image size-large\"><img decoding=\"async\" width=\"600\" height=\"800\" data-id=\"2780\" src=\"https:\/\/acquaviva.lavocedelpaese.info\/wp-content\/uploads\/2023\/10\/2-2.jpg\" alt=\"\" class=\"wp-image-2780\" srcset=\"https:\/\/acquaviva.lavocedelpaese.info\/wp-content\/uploads\/2023\/10\/2-2.jpg 600w, https:\/\/acquaviva.lavocedelpaese.info\/wp-content\/uploads\/2023\/10\/2-2-225x300.jpg 225w\" sizes=\"(max-width: 600px) 100vw, 600px\" \/><\/figure>\n\n\n\n<figure class=\"wp-block-image size-large\"><img decoding=\"async\" width=\"600\" height=\"800\" data-id=\"2777\" src=\"https:\/\/acquaviva.lavocedelpaese.info\/wp-content\/uploads\/2023\/10\/3-1.jpg\" alt=\"\" class=\"wp-image-2777\" srcset=\"https:\/\/acquaviva.lavocedelpaese.info\/wp-content\/uploads\/2023\/10\/3-1.jpg 600w, https:\/\/acquaviva.lavocedelpaese.info\/wp-content\/uploads\/2023\/10\/3-1-225x300.jpg 225w\" sizes=\"(max-width: 600px) 100vw, 600px\" \/><\/figure>\n\n\n\n<figure class=\"wp-block-image size-large\"><img decoding=\"async\" width=\"600\" height=\"800\" data-id=\"2779\" src=\"https:\/\/acquaviva.lavocedelpaese.info\/wp-content\/uploads\/2023\/10\/1-2.jpg\" alt=\"\" class=\"wp-image-2779\" srcset=\"https:\/\/acquaviva.lavocedelpaese.info\/wp-content\/uploads\/2023\/10\/1-2.jpg 600w, https:\/\/acquaviva.lavocedelpaese.info\/wp-content\/uploads\/2023\/10\/1-2-225x300.jpg 225w\" sizes=\"(max-width: 600px) 100vw, 600px\" \/><\/figure>\n<\/figure>\n","protected":false},"excerpt":{"rendered":"<p>Il 4 novembre nel centro antico di Acquaviva delle Fonti Dopo il successo dello scorso anno, che ha visto numerosi<\/p>\n","protected":false},"author":4,"featured_media":2783,"comment_status":"open","ping_status":"closed","sticky":false,"template":"","format":"standard","meta":{"colormag_page_container_layout":"default_layout","colormag_page_sidebar_layout":"default_layout","_monsterinsights_skip_tracking":false,"_monsterinsights_sitenote_active":false,"_monsterinsights_sitenote_note":"","_monsterinsights_sitenote_category":0,"footnotes":""},"categories":[6,30,33],"tags":[],"class_list":["post-2775","post","type-post","status-publish","format-standard","has-post-thumbnail","hentry","category-eventi","category-news","category-spalla"],"_links":{"self":[{"href":"https:\/\/acquaviva.lavocedelpaese.info\/index.php\/wp-json\/wp\/v2\/posts\/2775","targetHints":{"allow":["GET"]}}],"collection":[{"href":"https:\/\/acquaviva.lavocedelpaese.info\/index.php\/wp-json\/wp\/v2\/posts"}],"about":[{"href":"https:\/\/acquaviva.lavocedelpaese.info\/index.php\/wp-json\/wp\/v2\/types\/post"}],"author":[{"embeddable":true,"href":"https:\/\/acquaviva.lavocedelpaese.info\/index.php\/wp-json\/wp\/v2\/users\/4"}],"replies":[{"embeddable":true,"href":"https:\/\/acquaviva.lavocedelpaese.info\/index.php\/wp-json\/wp\/v2\/comments?post=2775"}],"version-history":[{"count":1,"href":"https:\/\/acquaviva.lavocedelpaese.info\/index.php\/wp-json\/wp\/v2\/posts\/2775\/revisions"}],"predecessor-version":[{"id":2782,"href":"https:\/\/acquaviva.lavocedelpaese.info\/index.php\/wp-json\/wp\/v2\/posts\/2775\/revisions\/2782"}],"wp:featuredmedia":[{"embeddable":true,"href":"https:\/\/acquaviva.lavocedelpaese.info\/index.php\/wp-json\/wp\/v2\/media\/2783"}],"wp:attachment":[{"href":"https:\/\/acquaviva.lavocedelpaese.info\/index.php\/wp-json\/wp\/v2\/media?parent=2775"}],"wp:term":[{"taxonomy":"category","embeddable":true,"href":"https:\/\/acquaviva.lavocedelpaese.info\/index.php\/wp-json\/wp\/v2\/categories?post=2775"},{"taxonomy":"post_tag","embeddable":true,"href":"https:\/\/acquaviva.lavocedelpaese.info\/index.php\/wp-json\/wp\/v2\/tags?post=2775"}],"curies":[{"name":"wp","href":"https:\/\/api.w.org\/{rel}","templated":true}]}}