{"id":2746,"date":"2023-10-18T16:59:50","date_gmt":"2023-10-18T16:59:50","guid":{"rendered":"https:\/\/acquaviva.lavocedelpaese.info\/?p=2746"},"modified":"2023-10-18T17:00:26","modified_gmt":"2023-10-18T17:00:26","slug":"il-23-ottobre-convegno-pastorale-diocesano-per-introdursi-alla-fase-sapienzale","status":"publish","type":"post","link":"https:\/\/acquaviva.lavocedelpaese.info\/index.php\/2023\/10\/18\/il-23-ottobre-convegno-pastorale-diocesano-per-introdursi-alla-fase-sapienzale\/","title":{"rendered":"Convegno pastorale diocesano per \u201cintrodursi alla fase sapienzale\u201d"},"content":{"rendered":"\n<p>Luned\u00ec 23 Ottobre 2023, alle 19.30, il Santuario Maria Ss.ma del Buoncammino di Altamura ospiter\u00e0 l\u2019annuale Convegno Pastorale diocesano.<\/p>\n\n\n\n<p>Il dibattito sar\u00e0 impreziosito dalla consueta presenza di S.E. Mons. Giovanni Ricchiuti e di don Giorgio Nacci, referente del cammino sinodale per l\u2019Arcidiocesi di Brindisi \u2013 Ostuni, che relazioner\u00e0 sul tema&nbsp;<em>\u201cEsercitarsi nell\u2019arte del discernimento. Per introdursi alla fase sapienzale\u201d.<\/em><\/p>\n\n\n\n<p>Nell\u2019ambito del Cammino Sinodale \u2013 che vede come referenti per la nostra diocesi don Mimmo Giannuzzi ed Enza Cappiello \u2013 la fase&nbsp;<strong>sapienziale<\/strong>&nbsp;\u00e8 rappresentata da un anno (quello in corso, 2023-2024) in cui le comunit\u00e0, insieme ai loro pastori, s\u2019impegneranno in una lettura spirituale delle narrazioni emerse nel biennio precedente, cercando di discernere \u201cci\u00f2 che lo Spirito dice alle Chiese\u201d attraverso il senso di fede del Popolo di Dio. In questo esercizio saranno coinvolte le Commissioni Episcopali e gli Uffici pastorali della CEI, le Istituzioni teologiche e culturali.<\/p>\n\n\n\n<p>L\u2019appuntamento di luned\u00ec, dunque, sar\u00e0 una valida opportunit\u00e0, per l\u2019intera comunit\u00e0 diocesana, per riflettere sui prossimi passi da compiere e sull\u2019apporto, in questa tappa, delle Commissioni nazionali che saranno chiamate a formulare delle proposte proprio alla luce del discernimento delle Chiese locali. Infatti, cos\u00ec come ha affermato Mons. Erio Castellucci, Presidente del Comitato Nazionale del Cammino sinodale delle Chiese in Italia \u2013 nel corso dell\u2019ultima Assemblea dei referenti diocesani del Cammino Sinodale, a Roma \u2013 \u201c\u00e8 in atto un vero mutamento culturale: non pi\u00f9 un\u2019elaborazione teorica studiata a tavolino e calata dall\u2019alto, bens\u00ec un pensiero che nasce dalle esperienze concrete. Nel Cammino sinodale la prassi, la realt\u00e0 concreta vissuta dalle Chiese in Italia, si fa riflessione e questa si ritrasforma in prassi\u201d.<\/p>\n\n\n\n<p>In quell\u2019occasione, a rimarcare la sinergia tra livello locale, nazionale e universale \u00e8 stata la concomitanza dell\u2019Assemblea dei referenti con la Veglia ecumenica \u201cTogether \u2013 Raduno del popolo di Dio\u201d organizzata, in piazza San Pietro, per affidare allo Spirito Santo il Sinodo dei Vescovi, in programma dal 4 al 29 ottobre.<\/p>\n\n\n\n<p>I lavori del convegno saranno trasmessi in diretta streaming sul canale Youtube \u201cDiocesi di Altamura \u2013 Gravina \u2013 Acquaviva delle Fonti\u201d.<\/p>\n\n\n\n<figure class=\"wp-block-image size-full\"><img decoding=\"async\" width=\"560\" height=\"800\" src=\"https:\/\/acquaviva.lavocedelpaese.info\/wp-content\/uploads\/2023\/10\/beed2253-cd48-4d93-9be8-ab814608b698-1.jpg\" alt=\"\" class=\"wp-image-2749\" srcset=\"https:\/\/acquaviva.lavocedelpaese.info\/wp-content\/uploads\/2023\/10\/beed2253-cd48-4d93-9be8-ab814608b698-1.jpg 560w, https:\/\/acquaviva.lavocedelpaese.info\/wp-content\/uploads\/2023\/10\/beed2253-cd48-4d93-9be8-ab814608b698-1-210x300.jpg 210w\" sizes=\"(max-width: 560px) 100vw, 560px\" \/><\/figure>\n\n\n\n<p><\/p>\n","protected":false},"excerpt":{"rendered":"<p>Luned\u00ec 23 Ottobre 2023, alle 19.30, il Santuario Maria Ss.ma del Buoncammino di Altamura ospiter\u00e0 l\u2019annuale Convegno Pastorale diocesano. Il<\/p>\n","protected":false},"author":4,"featured_media":2748,"comment_status":"open","ping_status":"closed","sticky":false,"template":"","format":"standard","meta":{"colormag_page_container_layout":"default_layout","colormag_page_sidebar_layout":"default_layout","_monsterinsights_skip_tracking":false,"_monsterinsights_sitenote_active":false,"_monsterinsights_sitenote_note":"","_monsterinsights_sitenote_category":0,"footnotes":""},"categories":[2,30],"tags":[],"class_list":["post-2746","post","type-post","status-publish","format-standard","has-post-thumbnail","hentry","category-attualita","category-news"],"_links":{"self":[{"href":"https:\/\/acquaviva.lavocedelpaese.info\/index.php\/wp-json\/wp\/v2\/posts\/2746","targetHints":{"allow":["GET"]}}],"collection":[{"href":"https:\/\/acquaviva.lavocedelpaese.info\/index.php\/wp-json\/wp\/v2\/posts"}],"about":[{"href":"https:\/\/acquaviva.lavocedelpaese.info\/index.php\/wp-json\/wp\/v2\/types\/post"}],"author":[{"embeddable":true,"href":"https:\/\/acquaviva.lavocedelpaese.info\/index.php\/wp-json\/wp\/v2\/users\/4"}],"replies":[{"embeddable":true,"href":"https:\/\/acquaviva.lavocedelpaese.info\/index.php\/wp-json\/wp\/v2\/comments?post=2746"}],"version-history":[{"count":2,"href":"https:\/\/acquaviva.lavocedelpaese.info\/index.php\/wp-json\/wp\/v2\/posts\/2746\/revisions"}],"predecessor-version":[{"id":2751,"href":"https:\/\/acquaviva.lavocedelpaese.info\/index.php\/wp-json\/wp\/v2\/posts\/2746\/revisions\/2751"}],"wp:featuredmedia":[{"embeddable":true,"href":"https:\/\/acquaviva.lavocedelpaese.info\/index.php\/wp-json\/wp\/v2\/media\/2748"}],"wp:attachment":[{"href":"https:\/\/acquaviva.lavocedelpaese.info\/index.php\/wp-json\/wp\/v2\/media?parent=2746"}],"wp:term":[{"taxonomy":"category","embeddable":true,"href":"https:\/\/acquaviva.lavocedelpaese.info\/index.php\/wp-json\/wp\/v2\/categories?post=2746"},{"taxonomy":"post_tag","embeddable":true,"href":"https:\/\/acquaviva.lavocedelpaese.info\/index.php\/wp-json\/wp\/v2\/tags?post=2746"}],"curies":[{"name":"wp","href":"https:\/\/api.w.org\/{rel}","templated":true}]}}