{"id":2729,"date":"2023-10-13T16:10:08","date_gmt":"2023-10-13T16:10:08","guid":{"rendered":"https:\/\/acquaviva.lavocedelpaese.info\/?p=2729"},"modified":"2023-10-13T16:10:09","modified_gmt":"2023-10-13T16:10:09","slug":"giornata-nazionale-bai-2023-unaltra-idea-di-stare","status":"publish","type":"post","link":"https:\/\/acquaviva.lavocedelpaese.info\/index.php\/2023\/10\/13\/giornata-nazionale-bai-2023-unaltra-idea-di-stare\/","title":{"rendered":"Giornata Nazionale BAI 2023: un&#8217;altra idea di stare"},"content":{"rendered":"\n<p>#<a href=\"https:\/\/www.borghiautenticiditalia.it\/cerca?f%5B0%5D=field_tags%3A317\">Giornata Nazionale dei Borghi Autentici<\/a><\/p>\n\n\n\n<p>I Borghi Autentici d\u2019Italia promuovono una giornata di eventi diffusi il 15 ottobre 2023 che d\u00e0 il via a un ricco programma di iniziative fino al 22 ottobre, per valorizzare le energie inedite che li rendono realt\u00e0 vive e ospitali.<\/p>\n\n\n\n<p>Domenica 15 ottobre 2023 torna per la settima edizione l\u2019appuntamento con i Borghi Autentici d\u2019Italia: una giornata di eventi diffusi che d\u00e0 il via a un ricco programma di attivit\u00e0 su tutto il territorio nazionale,&nbsp;<strong>organizzata dall\u2019Associazione Borghi Autentici d\u2019Italia<\/strong>&nbsp;con il patrocinio di ANCI, AITR, AMODO e LEGAMBIENTE.<\/p>\n\n\n\n<p>Fino al 22 ottobre, la comunit\u00e0 di ogni borgo che aderisce all\u2019iniziativa apre le porte ai visitatori. \u00c8 un\u2019occasione per scoprire realt\u00e0 vive e ospitali, che sperimentano nuovi modi di abitare i territori valorizzando il loro patrimonio. Un modo unico per conoscere storie, culture e tradizioni locali grazie a eventi, incontri, mostre, laboratori e molto altro ancora.<\/p>\n\n\n\n<p>L\u2019edizione 2023 della Giornata Nazionale dei Borghi Autentici d\u2019Italia fa luce sui piccoli tesori di un\u2019Italia nascosta che non solo sopravvive grazie alla forza delle idee, ma cresce diventando luogo di ispirazione per il resto del mondo.&nbsp;<\/p>\n\n\n\n<p>&#8220;<strong>Un\u2019altra idea di stare<\/strong>&#8221; mette in primo piano l&#8217;importanza di riscoprire e reinventare i borghi autentici, valorizzando gli esempi virtuosi e stimolando la nascita di idee e progetti. Vuole essere un invito a esplorare prospettive inedite, ad accendere scintille per illuminare strade non ancora battute e guidare le comunit\u00e0 verso un futuro sostenibile, equo e ricco di opportunit\u00e0.<\/p>\n\n\n\n<p>Il tema di quest\u2019anno mette l\u2019accento sulle iniziative che rendono i borghi ancora pi\u00f9 accoglienti e vivibili. Incentiva la nascita di progetti di ospitalit\u00e0, rigenerazione urbana, promozione turistica, welfare, smart working, arte e cultura, sostenibilit\u00e0, coesione sociale e terzo settore.<\/p>\n\n\n\n<p>\u00c8 un richiamo all\u2019azione, per abbracciare il cambiamento e costruire un nuovo modo di abitare i borghi, integrando passato, presente e futuro in un equilibrio armonioso.<\/p>\n\n\n\n<p><strong>ENERGIE PER APRIRE LE COMUNITA\u2019&nbsp;<\/strong><em>(ospitalit\u00e0, rigenerazione urbana e turismo)<\/em><\/p>\n\n\n\n<p><strong>Valorizzare il patrimonio artistico e il territorio ricco di storia e tradizione contadina.<\/strong><\/p>\n\n\n\n<p><strong>ENERGIA PRODOTTA NEL BORGO \u2013 Programma delle attivit\u00e0:&nbsp;<\/strong><\/p>\n\n\n\n<ul class=\"wp-block-list\">\n<li><strong>Dalle 18:30 in poi<\/strong>&nbsp;| Piazza dei Martiri 1799,&nbsp;<strong>La piazza in festa<\/strong>, angoli di lettura di poesie in vernacolo scritte da un autore acquavivese, con piacevolissimi accompagnamenti musicali; esposizione di alcuni pittori locali, stand gastronomici del food tipico locale, che delizieranno i visitatori con panzerotti, calzoni di cipolla e tante prelibatezze tipiche (in occasione della Sagra del Calzone)<\/li>\n\n\n\n<li>&nbsp;<strong>A<\/strong><strong>lle ore 18.00<\/strong> | Centro storico,&nbsp;<strong>Tra sacro e profano,<\/strong>&nbsp;visita guidata. Il percorso prevede una visita guidata ai principali luoghi della citt\u00e0, come la Cattedrale di Sant\u2019Eustachio con la sua cripta, la Cassarmonica, simbolo della tradizione bandistica, Piazza dei Martiri,e l\u2019esterno e l\u2019interno di Palazzo de Mari, prima castello normanno e poi dimora principesca, attualmente sede del municipio. Elemento importante sar\u00e0 il passaggio al Museo Archeologico AMA, luogo di storia che mette in evidenza le origini della citt\u00e0 e del suo territorio.<em>Massimo 30 persone per gruppo,Quota di partecipazione: 4\u20ac<\/em><\/li>\n\n\n\n<li><strong>Dalle 18.30<\/strong>&nbsp;| Atrio Palazzo de Mari,&nbsp;<strong>Il Calzone di Porzia<\/strong>. Show cooking. Ai partecipanti sar\u00e0 offerta la possibilit\u00e0 di assistere al rito della preparazione del calzone di cipolla cos\u00ec come lo facevano le nostre nonne.<\/li>\n<\/ul>\n\n\n\n<p><strong>STAZIONE DI RIFORNIMENTO \u2013 Uno spazio per raccontare l\u2019energia del borgo:<\/strong><\/p>\n\n\n\n<p>I ragazzi dell\u2019associazione \u201cTabit\u00e0 \u2013 Casa dei Talenti\u201d nel cuore del Centro storico di Acquaviva delle Fonti, appena a ridosso di Piazza dei Martiri 1799, ospiteranno i visitatori per iniziativa promossa dalla Parrocchia Sant\u2019Eustachio-cattedrale e dalla Caritas Italiana.<\/p>\n\n\n\n<p>Nella serata della GN dei Borghi Autentici d\u2019Italia, saranno orgogliosi di mostrare ai visitatori tutta la loro energia, la loro voglia di incontrarsi, di stare insieme e condividere per creare e costruire.<\/p>\n\n\n\n<p><\/p>\n\n\n\n<p><\/p>\n\n\n\n<figure class=\"wp-block-image size-full\"><img decoding=\"async\" src=\"https:\/\/acquaviva.lavocedelpaese.info\/wp-content\/uploads\/2023\/10\/387858389_1208347306779493_1663092394020983263_n.jpg\" alt=\"\" class=\"wp-image-2730\" \/><\/figure>\n","protected":false},"excerpt":{"rendered":"<p>#Giornata Nazionale dei Borghi Autentici I Borghi Autentici d\u2019Italia promuovono una giornata di eventi diffusi il 15 ottobre 2023 che<\/p>\n","protected":false},"author":4,"featured_media":2737,"comment_status":"open","ping_status":"closed","sticky":false,"template":"","format":"standard","meta":{"colormag_page_container_layout":"default_layout","colormag_page_sidebar_layout":"default_layout","_monsterinsights_skip_tracking":false,"_monsterinsights_sitenote_active":false,"_monsterinsights_sitenote_note":"","_monsterinsights_sitenote_category":0,"footnotes":""},"categories":[2,6,30],"tags":[],"class_list":["post-2729","post","type-post","status-publish","format-standard","has-post-thumbnail","hentry","category-attualita","category-eventi","category-news"],"_links":{"self":[{"href":"https:\/\/acquaviva.lavocedelpaese.info\/index.php\/wp-json\/wp\/v2\/posts\/2729","targetHints":{"allow":["GET"]}}],"collection":[{"href":"https:\/\/acquaviva.lavocedelpaese.info\/index.php\/wp-json\/wp\/v2\/posts"}],"about":[{"href":"https:\/\/acquaviva.lavocedelpaese.info\/index.php\/wp-json\/wp\/v2\/types\/post"}],"author":[{"embeddable":true,"href":"https:\/\/acquaviva.lavocedelpaese.info\/index.php\/wp-json\/wp\/v2\/users\/4"}],"replies":[{"embeddable":true,"href":"https:\/\/acquaviva.lavocedelpaese.info\/index.php\/wp-json\/wp\/v2\/comments?post=2729"}],"version-history":[{"count":1,"href":"https:\/\/acquaviva.lavocedelpaese.info\/index.php\/wp-json\/wp\/v2\/posts\/2729\/revisions"}],"predecessor-version":[{"id":2733,"href":"https:\/\/acquaviva.lavocedelpaese.info\/index.php\/wp-json\/wp\/v2\/posts\/2729\/revisions\/2733"}],"wp:featuredmedia":[{"embeddable":true,"href":"https:\/\/acquaviva.lavocedelpaese.info\/index.php\/wp-json\/wp\/v2\/media\/2737"}],"wp:attachment":[{"href":"https:\/\/acquaviva.lavocedelpaese.info\/index.php\/wp-json\/wp\/v2\/media?parent=2729"}],"wp:term":[{"taxonomy":"category","embeddable":true,"href":"https:\/\/acquaviva.lavocedelpaese.info\/index.php\/wp-json\/wp\/v2\/categories?post=2729"},{"taxonomy":"post_tag","embeddable":true,"href":"https:\/\/acquaviva.lavocedelpaese.info\/index.php\/wp-json\/wp\/v2\/tags?post=2729"}],"curies":[{"name":"wp","href":"https:\/\/api.w.org\/{rel}","templated":true}]}}