{"id":2640,"date":"2023-10-01T08:04:15","date_gmt":"2023-10-01T08:04:15","guid":{"rendered":"https:\/\/acquaviva.lavocedelpaese.info\/?p=2640"},"modified":"2023-10-01T08:04:16","modified_gmt":"2023-10-01T08:04:16","slug":"carrello-anti-inflazione-ad-acquaviva-aderiscono-cinque-punti-vendita","status":"publish","type":"post","link":"https:\/\/acquaviva.lavocedelpaese.info\/index.php\/2023\/10\/01\/carrello-anti-inflazione-ad-acquaviva-aderiscono-cinque-punti-vendita\/","title":{"rendered":"Carrello anti- inflazione: ad Acquaviva aderiscono cinque punti vendita"},"content":{"rendered":"\n<p>Sono cinque i punti vendita che hanno aderito ad Acquaviva delle Fonti all&#8217;idea partorita dal Governo Meloni del \u201ccarrello-anti inflazione\u201d.<\/p>\n\n\n\n<p>Nel nostro paese stando ai dati diffusi dal Ministero delle Imprese e del Made in Italy, ecco quali sono:<\/p>\n\n\n\n<p>\u201cPer Associazione Federfarma: la <strong>Farmacia Bianco BIANCO<\/strong> Bi. Farma srl in via Maselli Campagna 8\/10;<\/p>\n\n\n\n<p>Per FederDistribuzione: la <strong>DESPAR ISMA S.R.L. di via Arc. Palombella 30 <\/strong>e la <strong>DESPAR ISMA S.R.L. (2) di via Mele 55<\/strong>; il <strong>Penny Market in via Maselli Campagna<\/strong>.<\/p>\n\n\n\n<p>Per CONAD: il <strong>TODIS<\/strong> SUPERMERCATO TRET SRL <strong>in via Maselli Campagna 201\/209<\/strong>\u201d.<\/p>\n\n\n\n<p>Qui i consumatori tra il 1\u00b0 ottobre ed il 31 dicembre 2023, potranno trovare una selezione di articoli a prezzi contenuti (identificati dal carrello rosso\/verde) perch\u00e9 la propriet\u00e0 si \u00e8 impegnata a non aumentare i prezzi dei prodotti selezionati nel periodo di vigenza dell\u2019accordo.<\/p>\n\n\n\n<p>\u201cLo scopo del protocollo a cui aderiamo anche noi \u2013 <strong>Vito D\u2019Ingeo<\/strong> presidente di Confcommercio Bari-Bat \u2013 \u00e8 quello di favorire il contenimento dei prezzi per i beni di prima necessit\u00e0, alimentari e non alimentari di largo consumo, per evitare che la spinta inflattiva diventi strutturale. Ci impegniamo quindi a sensibilizzare tutti i nostri associati all\u2019adesione\u00bb.<\/p>\n","protected":false},"excerpt":{"rendered":"<p>Sono cinque i punti vendita che hanno aderito ad Acquaviva delle Fonti all&#8217;idea partorita dal Governo Meloni del \u201ccarrello-anti inflazione\u201d.<\/p>\n","protected":false},"author":4,"featured_media":2641,"comment_status":"open","ping_status":"closed","sticky":false,"template":"","format":"standard","meta":{"colormag_page_container_layout":"default_layout","colormag_page_sidebar_layout":"default_layout","_monsterinsights_skip_tracking":false,"_monsterinsights_sitenote_active":false,"_monsterinsights_sitenote_note":"","_monsterinsights_sitenote_category":0,"footnotes":""},"categories":[2,28],"tags":[],"class_list":["post-2640","post","type-post","status-publish","format-standard","has-post-thumbnail","hentry","category-attualita","category-primo-piano"],"_links":{"self":[{"href":"https:\/\/acquaviva.lavocedelpaese.info\/index.php\/wp-json\/wp\/v2\/posts\/2640","targetHints":{"allow":["GET"]}}],"collection":[{"href":"https:\/\/acquaviva.lavocedelpaese.info\/index.php\/wp-json\/wp\/v2\/posts"}],"about":[{"href":"https:\/\/acquaviva.lavocedelpaese.info\/index.php\/wp-json\/wp\/v2\/types\/post"}],"author":[{"embeddable":true,"href":"https:\/\/acquaviva.lavocedelpaese.info\/index.php\/wp-json\/wp\/v2\/users\/4"}],"replies":[{"embeddable":true,"href":"https:\/\/acquaviva.lavocedelpaese.info\/index.php\/wp-json\/wp\/v2\/comments?post=2640"}],"version-history":[{"count":1,"href":"https:\/\/acquaviva.lavocedelpaese.info\/index.php\/wp-json\/wp\/v2\/posts\/2640\/revisions"}],"predecessor-version":[{"id":2642,"href":"https:\/\/acquaviva.lavocedelpaese.info\/index.php\/wp-json\/wp\/v2\/posts\/2640\/revisions\/2642"}],"wp:featuredmedia":[{"embeddable":true,"href":"https:\/\/acquaviva.lavocedelpaese.info\/index.php\/wp-json\/wp\/v2\/media\/2641"}],"wp:attachment":[{"href":"https:\/\/acquaviva.lavocedelpaese.info\/index.php\/wp-json\/wp\/v2\/media?parent=2640"}],"wp:term":[{"taxonomy":"category","embeddable":true,"href":"https:\/\/acquaviva.lavocedelpaese.info\/index.php\/wp-json\/wp\/v2\/categories?post=2640"},{"taxonomy":"post_tag","embeddable":true,"href":"https:\/\/acquaviva.lavocedelpaese.info\/index.php\/wp-json\/wp\/v2\/tags?post=2640"}],"curies":[{"name":"wp","href":"https:\/\/api.w.org\/{rel}","templated":true}]}}