{"id":2603,"date":"2023-10-13T06:19:00","date_gmt":"2023-10-13T06:19:00","guid":{"rendered":"https:\/\/acquaviva.lavocedelpaese.info\/?p=2603"},"modified":"2023-10-13T16:14:11","modified_gmt":"2023-10-13T16:14:11","slug":"52-sagra-del-calzone","status":"publish","type":"post","link":"https:\/\/acquaviva.lavocedelpaese.info\/index.php\/2023\/10\/13\/52-sagra-del-calzone\/","title":{"rendered":"52^ Sagra del Calzone"},"content":{"rendered":"\n<p>Il 13-14 e 15 ottobre ad Acquaviva delle Fonti<\/p>\n\n\n\n<p>Che Emozione arriva la Sagra del Calzone!<br>Ci siamo\u2026 Arriva la 52^ edizione della Sagra del Calzone!<br>L&#8217;associazione &#8220;Amici di Peppino CICERONE&#8221; in collaborazione con l&#8217;Amministrazione Comunale di Acquaviva delle Fonti organizzano questa sagra, oramai storica e conosciuta in ogni dove, ci aspetta tutti il 13-14-15 Ottobre 2023 ad Acquaviva delle Fonti. Solo per ricordarvi alcuni cenni storici, questa festa nasce<br>nel lontano 1971 dal genio e dalla volont\u00e0 del Cav. Giuseppe Cirielli, conosciuto in tutto il paese col soprannome di &#8220;Cicerone&#8221;. Volle, attraverso la sagra, far tornare lustro e allegria nel suo paese oramai spento dalle varie contestazioni dell&#8217;epoca. Si dedic\u00f2 a promuovere i prodotti tipici locali della sua amata<br>terra: dal calzone di cipolla rossa di Acquaviva all&#8217;agnellone allo spiedo fino ad inebriare tutti con buon vino rosso primitivo.<\/p>\n\n\n\n<p>Se per\u00f2, nacque per volont\u00e0 di Cicerone, ad oggi la sagra continua il suo successo grazie all&#8217;attuale Presidente, Michele Cirielli. Il suo desiderio profondo di una tradizione radicata da generazione a generazione, ed inoltre Innamorato come il padre, di questa festa, Michele continua a portare avanti la tradizione di famiglia creando ogni anno sempre pi\u00f9 una festa unica ed irripetibile, nonostante le mille difficolt\u00e0. Dal 1995, anno in cui prese in carica la nomina di Presidente, Michele Cirielli porta ad Acquaviva artisti di calibro nazionale ed internazionale, come Checco Zalone Fiorella Mannoia Nino Frassica Barbara Foria Giovanni Cacioppo Audio2 Dik Dik Anna Tatangelo Ron e tanti altri, per far divertire tutti gli amanti di questa festa con spettacoli live esilaranti oltre che a garantirvi buon cibo prelibato. <\/p>\n\n\n\n<p>Scendendo nei dettagli di questa 52^ edizione la Sagra del Calzone, non sar\u00e0 solo il cibo al centro dell&#8217;attenzione di questa festa ma anche la musica e intrattenimento. Infatti vi aspetta con mercatini dell&#8217;artigianato e Karaoke Piazza dei Martiri, artisti da strada e giostre per grandi e piccini Piazza Garibaldi e<br>le coloratissime bancarelle su Via Roma. Centro e fulcro della festa sar\u00e0, per\u00f2, Piazza Vittorio Emanuele II che ospiter\u00e0 stand enogastronomici, food di ogni genere e spettacoli tutti dal vivo. Il 13, serata di apertura della sagra, Sar\u00e0 allietata dai Dj Raffy MC e Jaki Diaz. Il sabato 14 \u201cuno solo \u00e8 il tempo, uno solo \u00e8 il ritmo<br>che ci riconduce dal battito della vita\u201d Musica e divertimento con i Terraross. La domenica 15 imperdibile appuntamento con Uccio de Santis e le sue comiche battute.<br>Quest&#8217;anno, La Sagra del Calzone ha voluto premiare e favorire artisti del nostro territorio locale per garantire, non solo in ambito enogastronomico ma anche in ambito artistico, l&#8217;esaltazione delle eccellenze della Regione Puglia. Quindi il terzo weekend di Ottobre, 13-14-15, Acquaviva delle Fonti e la Sagra del Calzone vi aspettano.<br>Non Mancate!<\/p>\n\n\n\n<p><\/p>\n\n\n\n<p><\/p>\n\n\n\n<figure class=\"wp-block-image size-full\"><img decoding=\"async\" width=\"560\" height=\"800\" src=\"https:\/\/acquaviva.lavocedelpaese.info\/wp-content\/uploads\/2023\/09\/daa658d6-748a-43a7-a81f-5c0ca9ab7c8c.jpg\" alt=\"\" class=\"wp-image-2604\" srcset=\"https:\/\/acquaviva.lavocedelpaese.info\/wp-content\/uploads\/2023\/09\/daa658d6-748a-43a7-a81f-5c0ca9ab7c8c.jpg 560w, https:\/\/acquaviva.lavocedelpaese.info\/wp-content\/uploads\/2023\/09\/daa658d6-748a-43a7-a81f-5c0ca9ab7c8c-210x300.jpg 210w\" sizes=\"(max-width: 560px) 100vw, 560px\" \/><\/figure>\n","protected":false},"excerpt":{"rendered":"<p>Il 13-14 e 15 ottobre ad Acquaviva delle Fonti Che Emozione arriva la Sagra del Calzone!Ci siamo\u2026 Arriva la 52^<\/p>\n","protected":false},"author":4,"featured_media":2605,"comment_status":"open","ping_status":"closed","sticky":false,"template":"","format":"standard","meta":{"colormag_page_container_layout":"default_layout","colormag_page_sidebar_layout":"default_layout","_monsterinsights_skip_tracking":false,"_monsterinsights_sitenote_active":false,"_monsterinsights_sitenote_note":"","_monsterinsights_sitenote_category":0,"footnotes":""},"categories":[6,33],"tags":[],"class_list":["post-2603","post","type-post","status-publish","format-standard","has-post-thumbnail","hentry","category-eventi","category-spalla"],"_links":{"self":[{"href":"https:\/\/acquaviva.lavocedelpaese.info\/index.php\/wp-json\/wp\/v2\/posts\/2603","targetHints":{"allow":["GET"]}}],"collection":[{"href":"https:\/\/acquaviva.lavocedelpaese.info\/index.php\/wp-json\/wp\/v2\/posts"}],"about":[{"href":"https:\/\/acquaviva.lavocedelpaese.info\/index.php\/wp-json\/wp\/v2\/types\/post"}],"author":[{"embeddable":true,"href":"https:\/\/acquaviva.lavocedelpaese.info\/index.php\/wp-json\/wp\/v2\/users\/4"}],"replies":[{"embeddable":true,"href":"https:\/\/acquaviva.lavocedelpaese.info\/index.php\/wp-json\/wp\/v2\/comments?post=2603"}],"version-history":[{"count":1,"href":"https:\/\/acquaviva.lavocedelpaese.info\/index.php\/wp-json\/wp\/v2\/posts\/2603\/revisions"}],"predecessor-version":[{"id":2606,"href":"https:\/\/acquaviva.lavocedelpaese.info\/index.php\/wp-json\/wp\/v2\/posts\/2603\/revisions\/2606"}],"wp:featuredmedia":[{"embeddable":true,"href":"https:\/\/acquaviva.lavocedelpaese.info\/index.php\/wp-json\/wp\/v2\/media\/2605"}],"wp:attachment":[{"href":"https:\/\/acquaviva.lavocedelpaese.info\/index.php\/wp-json\/wp\/v2\/media?parent=2603"}],"wp:term":[{"taxonomy":"category","embeddable":true,"href":"https:\/\/acquaviva.lavocedelpaese.info\/index.php\/wp-json\/wp\/v2\/categories?post=2603"},{"taxonomy":"post_tag","embeddable":true,"href":"https:\/\/acquaviva.lavocedelpaese.info\/index.php\/wp-json\/wp\/v2\/tags?post=2603"}],"curies":[{"name":"wp","href":"https:\/\/api.w.org\/{rel}","templated":true}]}}