{"id":2590,"date":"2023-09-19T17:17:04","date_gmt":"2023-09-19T17:17:04","guid":{"rendered":"https:\/\/acquaviva.lavocedelpaese.info\/?p=2590"},"modified":"2023-09-19T17:17:05","modified_gmt":"2023-09-19T17:17:05","slug":"famiglie-al-museo-visite-e-laboratori-per-bambini","status":"publish","type":"post","link":"https:\/\/acquaviva.lavocedelpaese.info\/index.php\/2023\/09\/19\/famiglie-al-museo-visite-e-laboratori-per-bambini\/","title":{"rendered":"&#8220;Famiglie al museo!&#8221;: visite e laboratori per bambini"},"content":{"rendered":"\n<p><\/p>\n\n\n\n<p>Ritornano, a partire da domenica 24 settembre, le visite animate e i laboratori per i bambini dedicati ai pi\u00f9 piccoli.<br><br>L&#8217;iniziativa si chiama &#8220;Famiglie al Museo!&#8221; e, grazie alla collaborazione con Mamamma &#8211; Laboratori e Design per Bambini, si arricchisce ogni anno di appuntamenti interessanti alla scoperta della bellezza della Pinacoteca Metropolitana di Bari Corrado Giaquinto.<br><br>&#8220;Abbiamo potenziato l&#8217;offerta per i bambini e i ragazzi negli ultimi anni, sia nei musei che in biblioteca, convinti che l&#8217;amore per l&#8217;arte e la lettura, l&#8217;attitudine a frequentare questi luoghi, il legame con la nostra storia e l&#8217;identit\u00e0, debbano essere coltivati gi\u00e0 nei primi anni di vita- comunica Francesca Pietroforte, Consigliera delegata alla Cultura  della Citt\u00e0 Metropolitana di Bari.<br><br>Ci vediamo dunque domenica prossima con I disegni di Antonio Piccinni in occasione delle Giornate Europee del Patrimonio 2023 Ministero della Cultura.<br><br>Il progetto di didattica museale prevede appuntamenti gratuiti e su prenotazione<br>al numero 0805412420. Et\u00e0 consigliata: dai 5 anni&#8221;.<br><br>\u00a0<\/p>\n\n\n\n<p><\/p>\n\n\n\n<p><\/p>\n\n\n\n<figure class=\"wp-block-image size-full\"><img decoding=\"async\" src=\"https:\/\/acquaviva.lavocedelpaese.info\/wp-content\/uploads\/2023\/09\/380011116_773776871425268_6059650848417004587_n.jpg\" alt=\"\" class=\"wp-image-2591\" \/><\/figure>\n","protected":false},"excerpt":{"rendered":"<p>Ritornano, a partire da domenica 24 settembre, le visite animate e i laboratori per i bambini dedicati ai pi\u00f9 piccoli.<\/p>\n","protected":false},"author":4,"featured_media":2591,"comment_status":"open","ping_status":"closed","sticky":false,"template":"","format":"standard","meta":{"colormag_page_container_layout":"default_layout","colormag_page_sidebar_layout":"default_layout","_monsterinsights_skip_tracking":false,"_monsterinsights_sitenote_active":false,"_monsterinsights_sitenote_note":"","_monsterinsights_sitenote_category":0,"footnotes":""},"categories":[5,6,33],"tags":[],"class_list":["post-2590","post","type-post","status-publish","format-standard","has-post-thumbnail","hentry","category-cultura","category-eventi","category-spalla"],"_links":{"self":[{"href":"https:\/\/acquaviva.lavocedelpaese.info\/index.php\/wp-json\/wp\/v2\/posts\/2590","targetHints":{"allow":["GET"]}}],"collection":[{"href":"https:\/\/acquaviva.lavocedelpaese.info\/index.php\/wp-json\/wp\/v2\/posts"}],"about":[{"href":"https:\/\/acquaviva.lavocedelpaese.info\/index.php\/wp-json\/wp\/v2\/types\/post"}],"author":[{"embeddable":true,"href":"https:\/\/acquaviva.lavocedelpaese.info\/index.php\/wp-json\/wp\/v2\/users\/4"}],"replies":[{"embeddable":true,"href":"https:\/\/acquaviva.lavocedelpaese.info\/index.php\/wp-json\/wp\/v2\/comments?post=2590"}],"version-history":[{"count":1,"href":"https:\/\/acquaviva.lavocedelpaese.info\/index.php\/wp-json\/wp\/v2\/posts\/2590\/revisions"}],"predecessor-version":[{"id":2592,"href":"https:\/\/acquaviva.lavocedelpaese.info\/index.php\/wp-json\/wp\/v2\/posts\/2590\/revisions\/2592"}],"wp:featuredmedia":[{"embeddable":true,"href":"https:\/\/acquaviva.lavocedelpaese.info\/index.php\/wp-json\/wp\/v2\/media\/2591"}],"wp:attachment":[{"href":"https:\/\/acquaviva.lavocedelpaese.info\/index.php\/wp-json\/wp\/v2\/media?parent=2590"}],"wp:term":[{"taxonomy":"category","embeddable":true,"href":"https:\/\/acquaviva.lavocedelpaese.info\/index.php\/wp-json\/wp\/v2\/categories?post=2590"},{"taxonomy":"post_tag","embeddable":true,"href":"https:\/\/acquaviva.lavocedelpaese.info\/index.php\/wp-json\/wp\/v2\/tags?post=2590"}],"curies":[{"name":"wp","href":"https:\/\/api.w.org\/{rel}","templated":true}]}}