{"id":2569,"date":"2023-09-17T05:03:54","date_gmt":"2023-09-17T05:03:54","guid":{"rendered":"https:\/\/acquaviva.lavocedelpaese.info\/?p=2569"},"modified":"2023-09-19T17:19:13","modified_gmt":"2023-09-19T17:19:13","slug":"francesco-netti-raccontato-ai-bambini","status":"publish","type":"post","link":"https:\/\/acquaviva.lavocedelpaese.info\/index.php\/2023\/09\/17\/francesco-netti-raccontato-ai-bambini\/","title":{"rendered":"Francesco Netti raccontato ai bambini"},"content":{"rendered":"\n<p>Storie d&#8217;Arte<\/p>\n\n\n\n<p>Chi era il pittore Francesco Netti?<br>Un grande intellettuale e viaggiatore, ora di ritorno a Santeramo con una mostra a lui dedicata.<br>Scopriamolo insieme, attraverso un percorso guidato nella pinacoteca ed un laboratorio creativo<br>per i bambini della sua citt\u00e0, per conoscere la sua storia e ammirare la sua arte.<br>Nel laboratorio artistico ogni bambino potr\u00e0 realizzare una riproduzione di un dipinto con differenti tecniche.<br>Attivit\u00e0 consigliata per bambini di 8-12 anni, organizzata in gruppo di massimo 20.<br>Sabato 23 settembre 2023, ore 18,00.<br>Palazzo Marchesale &#8211; Santeramo in Colle (BA).<br>Prenotazioni WhatsApp al numero 388 72 11 551.<\/p>\n\n\n\n<p><\/p>\n\n\n\n<figure class=\"wp-block-image size-full\"><img decoding=\"async\" src=\"https:\/\/acquaviva.lavocedelpaese.info\/wp-content\/uploads\/2023\/09\/379063043_214817578257872_7796164629390438434_n.jpg\" alt=\"\" class=\"wp-image-2570\" \/><\/figure>\n","protected":false},"excerpt":{"rendered":"<p>Storie d&#8217;Arte Chi era il pittore Francesco Netti?Un grande intellettuale e viaggiatore, ora di ritorno a Santeramo con una mostra<\/p>\n","protected":false},"author":4,"featured_media":2570,"comment_status":"open","ping_status":"closed","sticky":false,"template":"","format":"standard","meta":{"colormag_page_container_layout":"default_layout","colormag_page_sidebar_layout":"default_layout","_monsterinsights_skip_tracking":false,"_monsterinsights_sitenote_active":false,"_monsterinsights_sitenote_note":"","_monsterinsights_sitenote_category":0,"footnotes":""},"categories":[5,6,30],"tags":[],"class_list":["post-2569","post","type-post","status-publish","format-standard","has-post-thumbnail","hentry","category-cultura","category-eventi","category-news"],"_links":{"self":[{"href":"https:\/\/acquaviva.lavocedelpaese.info\/index.php\/wp-json\/wp\/v2\/posts\/2569","targetHints":{"allow":["GET"]}}],"collection":[{"href":"https:\/\/acquaviva.lavocedelpaese.info\/index.php\/wp-json\/wp\/v2\/posts"}],"about":[{"href":"https:\/\/acquaviva.lavocedelpaese.info\/index.php\/wp-json\/wp\/v2\/types\/post"}],"author":[{"embeddable":true,"href":"https:\/\/acquaviva.lavocedelpaese.info\/index.php\/wp-json\/wp\/v2\/users\/4"}],"replies":[{"embeddable":true,"href":"https:\/\/acquaviva.lavocedelpaese.info\/index.php\/wp-json\/wp\/v2\/comments?post=2569"}],"version-history":[{"count":1,"href":"https:\/\/acquaviva.lavocedelpaese.info\/index.php\/wp-json\/wp\/v2\/posts\/2569\/revisions"}],"predecessor-version":[{"id":2571,"href":"https:\/\/acquaviva.lavocedelpaese.info\/index.php\/wp-json\/wp\/v2\/posts\/2569\/revisions\/2571"}],"wp:featuredmedia":[{"embeddable":true,"href":"https:\/\/acquaviva.lavocedelpaese.info\/index.php\/wp-json\/wp\/v2\/media\/2570"}],"wp:attachment":[{"href":"https:\/\/acquaviva.lavocedelpaese.info\/index.php\/wp-json\/wp\/v2\/media?parent=2569"}],"wp:term":[{"taxonomy":"category","embeddable":true,"href":"https:\/\/acquaviva.lavocedelpaese.info\/index.php\/wp-json\/wp\/v2\/categories?post=2569"},{"taxonomy":"post_tag","embeddable":true,"href":"https:\/\/acquaviva.lavocedelpaese.info\/index.php\/wp-json\/wp\/v2\/tags?post=2569"}],"curies":[{"name":"wp","href":"https:\/\/api.w.org\/{rel}","templated":true}]}}