{"id":2496,"date":"2023-09-06T15:50:00","date_gmt":"2023-09-06T15:50:00","guid":{"rendered":"https:\/\/acquaviva.lavocedelpaese.info\/?p=2496"},"modified":"2023-09-10T07:59:44","modified_gmt":"2023-09-10T07:59:44","slug":"al-via-la-peregrinatio-mariae-dal-6-al-12-settembre","status":"publish","type":"post","link":"https:\/\/acquaviva.lavocedelpaese.info\/index.php\/2023\/09\/06\/al-via-la-peregrinatio-mariae-dal-6-al-12-settembre\/","title":{"rendered":"Al via la Peregrinatio Mariae: dal 6 al 12 settembre"},"content":{"rendered":"\n<p><\/p>\n\n\n\n<p>In occasione dei 400 anni della Dedicazione della Concattedrale di Acquaviva delle Fonti, l&#8217;immagine della Madonna di Costantinopoli sar\u00e0 accolta in ogni Parrocchia della Citt\u00e0. <\/p>\n\n\n\n<p>La peregrinatio inizier\u00e0 mercoled\u00ec 6 settembre e terminer\u00e0 marted\u00ec 12 settembre percorrendo il seguente itinerario: <\/p>\n\n\n\n<p>Parrocchia di San Francesco, Parrocchia di San Domanico, Parrocchia Sacro Cuore, Parrocchia di Santa Maria Maggiore, Parrocchia di Santa Lucia, Parrocchia di Sant&#8217;Agostino e marted\u00ec alle ore 17: 30 sar\u00e0 celebrata la messa e l&#8217;immagine torner\u00e0 in Cattedrale. <\/p>\n\n\n\n<p>In Cattedrale rester\u00e0 invece esposta l&#8217;icona della Madonna di Costantinopoli fino al 12 settembre<\/p>\n\n\n\n<figure class=\"wp-block-image size-full\"><img decoding=\"async\" width=\"569\" height=\"800\" src=\"https:\/\/acquaviva.lavocedelpaese.info\/wp-content\/uploads\/2023\/09\/375970577_872861201518523_2705779408984117844_n.jpg\" alt=\"\" class=\"wp-image-2497\" srcset=\"https:\/\/acquaviva.lavocedelpaese.info\/wp-content\/uploads\/2023\/09\/375970577_872861201518523_2705779408984117844_n.jpg 569w, https:\/\/acquaviva.lavocedelpaese.info\/wp-content\/uploads\/2023\/09\/375970577_872861201518523_2705779408984117844_n-213x300.jpg 213w\" sizes=\"(max-width: 569px) 100vw, 569px\" \/><\/figure>\n","protected":false},"excerpt":{"rendered":"<p>In occasione dei 400 anni della Dedicazione della Concattedrale di Acquaviva delle Fonti, l&#8217;immagine della Madonna di Costantinopoli sar\u00e0 accolta<\/p>\n","protected":false},"author":4,"featured_media":2498,"comment_status":"open","ping_status":"closed","sticky":false,"template":"","format":"standard","meta":{"colormag_page_container_layout":"default_layout","colormag_page_sidebar_layout":"default_layout","_monsterinsights_skip_tracking":false,"_monsterinsights_sitenote_active":false,"_monsterinsights_sitenote_note":"","_monsterinsights_sitenote_category":0,"footnotes":""},"categories":[2,30,33],"tags":[],"class_list":["post-2496","post","type-post","status-publish","format-standard","has-post-thumbnail","hentry","category-attualita","category-news","category-spalla"],"_links":{"self":[{"href":"https:\/\/acquaviva.lavocedelpaese.info\/index.php\/wp-json\/wp\/v2\/posts\/2496","targetHints":{"allow":["GET"]}}],"collection":[{"href":"https:\/\/acquaviva.lavocedelpaese.info\/index.php\/wp-json\/wp\/v2\/posts"}],"about":[{"href":"https:\/\/acquaviva.lavocedelpaese.info\/index.php\/wp-json\/wp\/v2\/types\/post"}],"author":[{"embeddable":true,"href":"https:\/\/acquaviva.lavocedelpaese.info\/index.php\/wp-json\/wp\/v2\/users\/4"}],"replies":[{"embeddable":true,"href":"https:\/\/acquaviva.lavocedelpaese.info\/index.php\/wp-json\/wp\/v2\/comments?post=2496"}],"version-history":[{"count":1,"href":"https:\/\/acquaviva.lavocedelpaese.info\/index.php\/wp-json\/wp\/v2\/posts\/2496\/revisions"}],"predecessor-version":[{"id":2499,"href":"https:\/\/acquaviva.lavocedelpaese.info\/index.php\/wp-json\/wp\/v2\/posts\/2496\/revisions\/2499"}],"wp:featuredmedia":[{"embeddable":true,"href":"https:\/\/acquaviva.lavocedelpaese.info\/index.php\/wp-json\/wp\/v2\/media\/2498"}],"wp:attachment":[{"href":"https:\/\/acquaviva.lavocedelpaese.info\/index.php\/wp-json\/wp\/v2\/media?parent=2496"}],"wp:term":[{"taxonomy":"category","embeddable":true,"href":"https:\/\/acquaviva.lavocedelpaese.info\/index.php\/wp-json\/wp\/v2\/categories?post=2496"},{"taxonomy":"post_tag","embeddable":true,"href":"https:\/\/acquaviva.lavocedelpaese.info\/index.php\/wp-json\/wp\/v2\/tags?post=2496"}],"curies":[{"name":"wp","href":"https:\/\/api.w.org\/{rel}","templated":true}]}}