{"id":2423,"date":"2023-09-05T05:48:00","date_gmt":"2023-09-05T05:48:00","guid":{"rendered":"https:\/\/acquaviva.lavocedelpaese.info\/?p=2423"},"modified":"2023-09-05T09:07:35","modified_gmt":"2023-09-05T09:07:35","slug":"spazi-in-fiore-2023-vincitori-e-fotogallery","status":"publish","type":"post","link":"https:\/\/acquaviva.lavocedelpaese.info\/index.php\/2023\/09\/05\/spazi-in-fiore-2023-vincitori-e-fotogallery\/","title":{"rendered":"Spazi in Fiore 2023: vincitori e fotogallery"},"content":{"rendered":"\n<p>Conclusa nei giorni scorsi la 17\u00b0 edizione di \u201cSpazi in Fiore\u201d promosso con entusiasmo e determinazione dall&#8217;APS Amici dell\u2019Ambiente e realizzato con il patrocinio del Comune di Acquaviva delle Fonti e in collaborazione con il Centro Diurno Auxilium, Tamborey.<\/p>\n\n\n\n<p>Media partner: LA VOCE DEL PAESE.<\/p>\n\n\n\n<p>Un evento nell&#8217;evento promosso in citt\u00e0 dal 28 agosto al 2 settembre. Il tradizionale concorso \u201cSPAZI in Fiore\u201d \u00e8 stato articolato in diverse sezioni: BALCONE IN FIORE, STRADA FIORITA e UN FIORE DI FOTO.<\/p>\n\n\n\n<p>La commissione di Giuria, composta da Saverio F. Iacobellis (Presidente di Giuria, giornalista e professore), la prof.ssa Mariolina Colucci, e Filippo Giordani lo scorso 1\u00b0 settembre ha visitato gli spazi iscritti e visionato le fotografie partecipanti al Concorso &#8216;Spazi in fiore 2023&#8217; e stabilito i vincitori della 17\u00b0 edizione. Questi i criteri di valutazione presi in esame: Composizione ed elementi di arredo, Luce e armonia cromatica, messaggio per la Sez. Foto coerenza al tema dei fiori.<\/p>\n\n\n\n<figure class=\"wp-block-gallery has-nested-images columns-default is-cropped wp-block-gallery-1 is-layout-flex wp-block-gallery-is-layout-flex\">\n<figure class=\"wp-block-image size-large\"><img decoding=\"async\" width=\"1000\" height=\"750\" data-id=\"2430\" src=\"https:\/\/acquaviva.lavocedelpaese.info\/wp-content\/uploads\/2023\/09\/IMG_20230830_182157_864.jpg\" alt=\"\" class=\"wp-image-2430\" srcset=\"https:\/\/acquaviva.lavocedelpaese.info\/wp-content\/uploads\/2023\/09\/IMG_20230830_182157_864.jpg 1000w, https:\/\/acquaviva.lavocedelpaese.info\/wp-content\/uploads\/2023\/09\/IMG_20230830_182157_864-300x225.jpg 300w, https:\/\/acquaviva.lavocedelpaese.info\/wp-content\/uploads\/2023\/09\/IMG_20230830_182157_864-768x576.jpg 768w\" sizes=\"(max-width: 1000px) 100vw, 1000px\" \/><\/figure>\n\n\n\n<figure class=\"wp-block-image size-large\"><img decoding=\"async\" width=\"1000\" height=\"750\" data-id=\"2431\" src=\"https:\/\/acquaviva.lavocedelpaese.info\/wp-content\/uploads\/2023\/09\/IMG_20230830_182347_224.jpg\" alt=\"\" class=\"wp-image-2431\" srcset=\"https:\/\/acquaviva.lavocedelpaese.info\/wp-content\/uploads\/2023\/09\/IMG_20230830_182347_224.jpg 1000w, https:\/\/acquaviva.lavocedelpaese.info\/wp-content\/uploads\/2023\/09\/IMG_20230830_182347_224-300x225.jpg 300w, https:\/\/acquaviva.lavocedelpaese.info\/wp-content\/uploads\/2023\/09\/IMG_20230830_182347_224-768x576.jpg 768w\" sizes=\"(max-width: 1000px) 100vw, 1000px\" \/><\/figure>\n\n\n\n<figure class=\"wp-block-image size-large\"><img decoding=\"async\" width=\"1000\" height=\"750\" data-id=\"2429\" src=\"https:\/\/acquaviva.lavocedelpaese.info\/wp-content\/uploads\/2023\/09\/IMG_20230830_182609_109.jpg\" alt=\"\" class=\"wp-image-2429\" srcset=\"https:\/\/acquaviva.lavocedelpaese.info\/wp-content\/uploads\/2023\/09\/IMG_20230830_182609_109.jpg 1000w, https:\/\/acquaviva.lavocedelpaese.info\/wp-content\/uploads\/2023\/09\/IMG_20230830_182609_109-300x225.jpg 300w, https:\/\/acquaviva.lavocedelpaese.info\/wp-content\/uploads\/2023\/09\/IMG_20230830_182609_109-768x576.jpg 768w\" sizes=\"(max-width: 1000px) 100vw, 1000px\" \/><\/figure>\n\n\n\n<figure class=\"wp-block-image size-large\"><img decoding=\"async\" width=\"1000\" height=\"750\" data-id=\"2426\" src=\"https:\/\/acquaviva.lavocedelpaese.info\/wp-content\/uploads\/2023\/09\/IMG_20230830_184527_121.jpg\" alt=\"\" class=\"wp-image-2426\" srcset=\"https:\/\/acquaviva.lavocedelpaese.info\/wp-content\/uploads\/2023\/09\/IMG_20230830_184527_121.jpg 1000w, https:\/\/acquaviva.lavocedelpaese.info\/wp-content\/uploads\/2023\/09\/IMG_20230830_184527_121-300x225.jpg 300w, https:\/\/acquaviva.lavocedelpaese.info\/wp-content\/uploads\/2023\/09\/IMG_20230830_184527_121-768x576.jpg 768w\" sizes=\"(max-width: 1000px) 100vw, 1000px\" \/><\/figure>\n\n\n\n<figure class=\"wp-block-image size-large\"><img decoding=\"async\" width=\"1000\" height=\"750\" data-id=\"2427\" src=\"https:\/\/acquaviva.lavocedelpaese.info\/wp-content\/uploads\/2023\/09\/IMG_20230830_194842_884.jpg\" alt=\"\" class=\"wp-image-2427\" srcset=\"https:\/\/acquaviva.lavocedelpaese.info\/wp-content\/uploads\/2023\/09\/IMG_20230830_194842_884.jpg 1000w, https:\/\/acquaviva.lavocedelpaese.info\/wp-content\/uploads\/2023\/09\/IMG_20230830_194842_884-300x225.jpg 300w, https:\/\/acquaviva.lavocedelpaese.info\/wp-content\/uploads\/2023\/09\/IMG_20230830_194842_884-768x576.jpg 768w\" sizes=\"(max-width: 1000px) 100vw, 1000px\" \/><\/figure>\n\n\n\n<figure class=\"wp-block-image size-large\"><img decoding=\"async\" width=\"1000\" height=\"750\" data-id=\"2428\" src=\"https:\/\/acquaviva.lavocedelpaese.info\/wp-content\/uploads\/2023\/09\/IMG_20230830_194937_825.jpg\" alt=\"\" class=\"wp-image-2428\" srcset=\"https:\/\/acquaviva.lavocedelpaese.info\/wp-content\/uploads\/2023\/09\/IMG_20230830_194937_825.jpg 1000w, https:\/\/acquaviva.lavocedelpaese.info\/wp-content\/uploads\/2023\/09\/IMG_20230830_194937_825-300x225.jpg 300w, https:\/\/acquaviva.lavocedelpaese.info\/wp-content\/uploads\/2023\/09\/IMG_20230830_194937_825-768x576.jpg 768w\" sizes=\"(max-width: 1000px) 100vw, 1000px\" \/><\/figure>\n<\/figure>\n\n\n\n<p>\u201cColtivare la Pace, fa bene. Eccome!\u201d questo il titolo della tavola rotonda che si \u00e8 svolta il 30 agosto nella Sala Cesare Colafemmina di Palazzo De Mari. I due relatori coinvoivolti impegnati attivamente a mettere in pratica la Pace hanno offerto attraverso i loro interventi importanti spunti di riflessione. Decisamente toccante la testimonianza di Suor Marilda Sportelli suora francescana alcantarina acquavivese dal 2001, dal 2006 in Ciad per un&#8217;esperienza missionaria giunta attraverso un video toccante.<\/p>\n\n\n\n<p>\u201cHo scelto di dedicare la mia vita al Signore [\u2026]- da detto Suor Marilda nel suo intervento. Qui in Ciad abbiamo due case da quasi trent&#8217;anni. Mi \u00e8 stato chiesto di parlavi questa sera di pace. Vorrei partire da una frase di Nelson Mandela: \u201c<strong>La pace \u00e8 un sogno: pu\u00f2 diventare realt\u00e0 &#8230; ma per costruirla bisogna essere capaci di sognare\u201d<\/strong>. Una frase che sento molto mia effettivamente quello che io vivo e vedo, \u00e8 un sogno parlare di pace e mi chiedo se sognare ancora ne valga la pena.<\/p>\n\n\n\n<p>Ho trovato conferme che mi incoraggiano a sperare ancora. Sogno e sognare, avere ancora dei sogni, mi chiedo se questo desiderio \u00e8 ancora in me. Tutte le notti quando esco per raggiugere le ragazze del Foyer che curo h 24 per nove mesi sono abbagliata dal manto di stelle che non riesce a non catturare il mio sguardo perch\u00e9 desiderare di guardare le stelle e avere la capacit\u00e0 di guardare oltre. Un tema facile magari dalle vostre prospettive ma un po&#8217; pi\u00f9 difficile da queste parti, ci incoraggia a fare un passo oltre. La bellezza ci rende fratelli e figli, qui la pace \u00e8 un desiderio, un&#8217;aspirazione alta. La Pace \u00e8 un grande diamante che ci attende, difficile da poter comprare, e avere tra le mani, di una bellezza inimagginabile.<\/p>\n\n\n\n<p>Vivo in Ciad un paese un po&#8217; dimenticato, \u00e8 un crocevia di interessi. Quando ho studiato missiologia prima di arrivare in Ciad, ho chiesto al mio professore a lezione: &#8216;Avete parlato di Nigeria, Sud Sudan, Etiopia e Sudafrica, pu\u00f2 dire qualche parola del Ciad?&#8217; Mi ha guardato e ha sorriso: &#8216;Del Ciad non c&#8217;\u00e8 molto da dire&#8230;&#8217; mi sono sentita molto incoraggiata da questo viaggio, ha mi detto: &#8216;Il Ciad si vende a tutti&#8217;. Io vivo in un Paese che politicamente si vende a tutti, geograficamente \u00e8 il crocevia, siamo nel cuore dell&#8217;Africa, abbiamo questi grandi polmoni a destra e sinistra Niger, Nigeria, Camerun, Sudan, Repubblica Centrafricana, Libia ci sono queste aree di grandi movimenti politici, terroristici, e noi siamo al centro di tutto questo. La politica del Ciad \u00e8 cambiata, da 7 anni sono qui posso fare sei diverse testimonianze una per ogni anno: al momento abbiamo il figlio di colui che ci ha governato per trent&#8217;anni come dittatura e le cose non sono cambiate forse anche un po&#8217; peggiorate.<\/p>\n\n\n\n<p>Vi voglio leggere un trafiletto sbirciando sulla situazione politica: <em>&#8216;Ad aggravare la situazione generale del Ciad \u00e8 anche la guerra in Ucraina, che ha causato la riduzione delle forniture e il conseguente aumento dei prezzi di cereali e fertilizzanti. All\u2019inizio di giugno 2022, N\u2019Djamena ha proclamato lo stato di emergenza alimentare. Gi\u00e0 alla fine del 2021, la Banca Mondiale aveva calcolato che gli individui in condizione di grave insicurezza alimentare erano 970mila. Per fronteggiare il deficit di raccolti insoddisfacenti, a gennaio 2022 il Governo aveva bloccato le esportazioni di cereali e semi, negoziando aiuti internazionali per oltre 500milioni di dollari. La situazione si \u00e8 per\u00f2 ulteriormente aggravata, tanto che la previsioni parlano di una raddoppio dei malnutriti entro la fine dell\u2019estate 2022\u201d (Fonte: atlanteguerre.it)<\/em><\/p>\n\n\n\n<p>Ecco io sono qua in questo Paese, la crisi alimentare la vivo io e le nostre ragazze. Voglio lanciare questo messaggio: cosa possiamo fare? Il maggiore investimento e aiuto che come europei possiamo fare \u00e8 conoscere cosa succede dall&#8217;altra parte del mondo. Molto spesso abbiamo atteggiamenti non accoglienti perch\u00e9 non conosciamo, l&#8217;ignoranza \u00e8 sempre un po&#8217; figlia del giudizio e il contrario. <strong>Non pu\u00f2 esserci pace senza la dignit\u00e0<\/strong>.<\/p>\n\n\n\n<p><a><\/a> Vorrei rilanciare come faceva San Francesco uomo della pace: &#8216;E sia pace alle donne e agli uomini in Ciad e in Africa e di tutto il mondo vittime di omicidi, maltrattati e messi da parte, sia pace a loro alle donne ciadiane che dalla mattina alla sera non fanno altro che soddisfare i bisogni di qualcun altro, pace a queste donne ciadiane che non hanno avuto la possibilit\u00e0 di studiare, e non sanno mettere la loro firma e solo dopo di tre mesi di corso di alfabetizzazione gioiscono perch\u00e9 sanno contare fino a dieci, che ogni mattina lottano con i propri mariti perch\u00e9 alcolizzati e non fanno nulla, loro devono accudire i figli, essere persone che educano e alla fine della giornata portano il pane a casa, pace a tutte loro. Pace ai milioni di bambini, qui non abbiamo problemi di natalit\u00e0 anzi il contrario, il diritto allo studio, per concessione riescono ad avere una piccola lavagnetta dove iniziare a segnare a, b, c&#8230; e tutte le mattine fanno i km per poter raggiungere le scuole che non hanno strutture, le classi sono sotto un albero e hanno un docente per un&#8217;ora una volta la settimana, fanno uno sforzo infinito per capire dove sono e perch\u00e9 sono nati cos\u00ec. Dietro questa porta quando bussano dicono &#8216;<em>j&#8217;ai faim<\/em>&#8216; io sono fame. Pace agli uomi di buona volont\u00e0, questi giovani che hanno studiato e anche raggiunto un diploma ma non hanno possibilit\u00e0 di poter osare qualcosa si riducono ad essere fabbricanti di mattoni, produttori di carbone, ad essere agricoltori di un campo secco, si riducono a guadagnare uno stipendio, un salario minimo di 1000 franchi al giorno dopo 9 ore al giorno che \u00e8 circa 1,5 euro, chi lavora per 1000 franchi pu\u00f2 considerarsi fortunato.<\/p>\n\n\n\n<p>Pace a questo popolo. Come figlia di San Francesco cerco con tanta fatica di vivere tutti i giorni e di essere un ponte di pace per dare a queste donne un po&#8217; di dignit\u00e0 e possibilit\u00e0 di nutrizione a questi bambini e a questi uomini una gioia e passione perch\u00e9 si pu\u00f2 arrivare a sognare. Grazie per avermi ascoltato, se avete altre necessit\u00e0 ci si incontra su Fb mi serve anche per poter testimoniare far vedere cosa facciamo in Ciad. C&#8217;\u00e8 chi mi dice: &#8216;Chi te lo fa fare?&#8217; Sono onorata di poter stare accanto a loro, ho riscoperto che \u00e8 un popolo che sogna di cercare la pace e la dignit\u00e0. Io da donna europea non ero pi\u00f9 capace di sognare cose grandi loro me lo stanno facendo riscoprire. Un grande saluto\u201d.<\/p>\n\n\n\n<figure class=\"wp-block-image size-full\"><img decoding=\"async\" width=\"1000\" height=\"750\" src=\"https:\/\/acquaviva.lavocedelpaese.info\/wp-content\/uploads\/2023\/09\/e3377b85-a6b3-4f8c-8d58-257a9e6ca2f7.jpg\" alt=\"\" class=\"wp-image-2433\" srcset=\"https:\/\/acquaviva.lavocedelpaese.info\/wp-content\/uploads\/2023\/09\/e3377b85-a6b3-4f8c-8d58-257a9e6ca2f7.jpg 1000w, https:\/\/acquaviva.lavocedelpaese.info\/wp-content\/uploads\/2023\/09\/e3377b85-a6b3-4f8c-8d58-257a9e6ca2f7-300x225.jpg 300w, https:\/\/acquaviva.lavocedelpaese.info\/wp-content\/uploads\/2023\/09\/e3377b85-a6b3-4f8c-8d58-257a9e6ca2f7-768x576.jpg 768w\" sizes=\"(max-width: 1000px) 100vw, 1000px\" \/><\/figure>\n\n\n\n<figure class=\"wp-block-image size-full\"><img decoding=\"async\" width=\"1000\" height=\"750\" src=\"https:\/\/acquaviva.lavocedelpaese.info\/wp-content\/uploads\/2023\/09\/375044109_612185921096872_4990901389966904477_n.jpg\" alt=\"\" class=\"wp-image-2434\" srcset=\"https:\/\/acquaviva.lavocedelpaese.info\/wp-content\/uploads\/2023\/09\/375044109_612185921096872_4990901389966904477_n.jpg 1000w, https:\/\/acquaviva.lavocedelpaese.info\/wp-content\/uploads\/2023\/09\/375044109_612185921096872_4990901389966904477_n-300x225.jpg 300w, https:\/\/acquaviva.lavocedelpaese.info\/wp-content\/uploads\/2023\/09\/375044109_612185921096872_4990901389966904477_n-768x576.jpg 768w\" sizes=\"(max-width: 1000px) 100vw, 1000px\" \/><\/figure>\n\n\n\n<p>La parola \u00e8 poi passata al prof. Eugenio Scardaccione, a presentarlo l&#8217;ins. Anna Maria Quatraro: \u201cconosco da tempo Geg\u00e8, \u00e8 un personaggio, professore e dirigente scolastico di peso e grande livello presso Istituto Superiore \u201cTommaso Fiore\u201d di Modugno e Grumo Appula, \u00e8 anche scrittore, autore di numerose pubblicazioni dai titoli accattivanti (<em>Tu bocci. Io sboccio. Una vita realizzata nonostante le bocciature della scuola; Tu secchi. Io fiorisco. Sogni, viaggi e ricordi di un educatore impertinente; Tu semini. Io raccolgo. Genitori in gamba non si nasce, si diventa<\/em>). \u00c8 stato presidente e fondatore de Il \u201cGruppo Educhiamoci alla Pace\u201d, GEP, \u00e8 un\u2019associazione nata nel 1992 con gli amici di Barbiana. Protagonista di numerosi laboratori<\/p>\n\n\n\n<p>\u201cLa testimonianza di Suor Marilda Sportelli ci ha detto con il sorriso che ha fatto questa scelta di vita incarnata in un paese dell&#8217;Africa il Ciad di cui si parla poco e male.<\/p>\n\n\n\n<p><strong>La Pace \u00e8<\/strong><strong> un sogno che bisogna coltivare<\/strong> come ci dice papa Francesco. Avere un testimore come papa Francesco e tanti suor Marilda significa far si che coltivare ed educarsi alla pace diventa non solo un principio da declamare e proclamare ma possibilimente nella quotidianit\u00e0 da praticare.<\/p>\n\n\n\n<p>Quello che abbiamo cercato di fare con il gruppo &#8216;Educhiamoci alla pace&#8217;, il &#8216;ci&#8217; \u00e8 la particella importante, basta fare prediche, e dire agli altri cosa bisogna fare soprattutto in questo periodo. Tutte le guerre non possono essere aggettivate, sono tutte assurde e atroci hanno conseguenze devastanti: dal 24 febbraio 2022 si parla di questa invasione della Russia nei confronti dell&#8217;Ucraina. Ci sono decine e decine le guerre di cui non si parla come in Siria, Ciad, Sud-Sudan, Afgnaistan. Tutte le associazioni vogliono costruire dei ponti e creare relazioni positive. Io Eugenio Scardaccione, Geg\u00e8, bizzarro maestro e docente e preside direttore didattico in pensione attiva, amante inguaribile e tifoso della pace e della non violenza nella quotidianit\u00e0 avendo fatto scelte conseguenti ve ne dico una che ha cambiato la mia vita quando il 19 febbraio 1978 ho scelto di fare per 20 mesi l&#8217;obiettore di coscienza, dopo aver ascoltato con interesse l&#8217;intervento semplice ma articolato e vero, genuino di Suor Marilda Sportelli vi intrattengo con due storie che ho scritto emblematiche a favore della pace, giustizia e salvaguardia del creato: mi far\u00f2 aiutare da un fiore senza nome e da una foglia Pacimondo. \u201cColtivare la pace fa bene, eccome!\u201d tutto va coltivato le relazioni, le piante, se non si semina non si pu\u00f2 raccogliere. Geg\u00e8 dopo aver dato lettura lettura dei due racconti ha poi invitato i presenti a condividere delle considerazioni e aperto un dibattito. Cercheremo nel nostro piccolo che per\u00f2 pu\u00f2 diventare sempre pi\u00f9 contagioso e positivo di rendere gli spazi e i luoghi dove viviamo pi\u00f9 vivibili e pacifici nella quotidianit\u00e0.<\/p>\n\n\n\n<p>Molti insomma sono stati gli spunti di riflessione offerti, una serata laboratorio a dir poco coinvolgente.<\/p>\n\n\n\n<figure class=\"wp-block-gallery has-nested-images columns-default is-cropped wp-block-gallery-2 is-layout-flex wp-block-gallery-is-layout-flex\">\n<figure class=\"wp-block-image size-large\"><img decoding=\"async\" width=\"1000\" height=\"750\" data-id=\"2451\" src=\"https:\/\/acquaviva.lavocedelpaese.info\/wp-content\/uploads\/2023\/09\/IMG_20230902_214412_346-1.jpg\" alt=\"\" class=\"wp-image-2451\" srcset=\"https:\/\/acquaviva.lavocedelpaese.info\/wp-content\/uploads\/2023\/09\/IMG_20230902_214412_346-1.jpg 1000w, https:\/\/acquaviva.lavocedelpaese.info\/wp-content\/uploads\/2023\/09\/IMG_20230902_214412_346-1-300x225.jpg 300w, https:\/\/acquaviva.lavocedelpaese.info\/wp-content\/uploads\/2023\/09\/IMG_20230902_214412_346-1-768x576.jpg 768w\" sizes=\"(max-width: 1000px) 100vw, 1000px\" \/><\/figure>\n\n\n\n<figure class=\"wp-block-image size-large\"><img decoding=\"async\" width=\"1000\" height=\"563\" data-id=\"2437\" src=\"https:\/\/acquaviva.lavocedelpaese.info\/wp-content\/uploads\/2023\/09\/IMG_20230902_204844_7.jpg\" alt=\"\" class=\"wp-image-2437\" srcset=\"https:\/\/acquaviva.lavocedelpaese.info\/wp-content\/uploads\/2023\/09\/IMG_20230902_204844_7.jpg 1000w, https:\/\/acquaviva.lavocedelpaese.info\/wp-content\/uploads\/2023\/09\/IMG_20230902_204844_7-300x169.jpg 300w, https:\/\/acquaviva.lavocedelpaese.info\/wp-content\/uploads\/2023\/09\/IMG_20230902_204844_7-768x432.jpg 768w\" sizes=\"(max-width: 1000px) 100vw, 1000px\" \/><\/figure>\n\n\n\n<figure class=\"wp-block-image size-large\"><img decoding=\"async\" width=\"1000\" height=\"750\" data-id=\"2445\" src=\"https:\/\/acquaviva.lavocedelpaese.info\/wp-content\/uploads\/2023\/09\/IMG_20230902_204904_570.jpg\" alt=\"\" class=\"wp-image-2445\" srcset=\"https:\/\/acquaviva.lavocedelpaese.info\/wp-content\/uploads\/2023\/09\/IMG_20230902_204904_570.jpg 1000w, https:\/\/acquaviva.lavocedelpaese.info\/wp-content\/uploads\/2023\/09\/IMG_20230902_204904_570-300x225.jpg 300w, https:\/\/acquaviva.lavocedelpaese.info\/wp-content\/uploads\/2023\/09\/IMG_20230902_204904_570-768x576.jpg 768w\" sizes=\"(max-width: 1000px) 100vw, 1000px\" \/><\/figure>\n\n\n\n<figure class=\"wp-block-image size-large\"><img decoding=\"async\" width=\"1000\" height=\"750\" data-id=\"2444\" src=\"https:\/\/acquaviva.lavocedelpaese.info\/wp-content\/uploads\/2023\/09\/IMG_20230902_204913_385.jpg\" alt=\"\" class=\"wp-image-2444\" srcset=\"https:\/\/acquaviva.lavocedelpaese.info\/wp-content\/uploads\/2023\/09\/IMG_20230902_204913_385.jpg 1000w, https:\/\/acquaviva.lavocedelpaese.info\/wp-content\/uploads\/2023\/09\/IMG_20230902_204913_385-300x225.jpg 300w, https:\/\/acquaviva.lavocedelpaese.info\/wp-content\/uploads\/2023\/09\/IMG_20230902_204913_385-768x576.jpg 768w\" sizes=\"(max-width: 1000px) 100vw, 1000px\" \/><\/figure>\n\n\n\n<figure class=\"wp-block-image size-large\"><img decoding=\"async\" width=\"1000\" height=\"750\" data-id=\"2442\" src=\"https:\/\/acquaviva.lavocedelpaese.info\/wp-content\/uploads\/2023\/09\/IMG_20230902_205021_205.jpg\" alt=\"\" class=\"wp-image-2442\" srcset=\"https:\/\/acquaviva.lavocedelpaese.info\/wp-content\/uploads\/2023\/09\/IMG_20230902_205021_205.jpg 1000w, https:\/\/acquaviva.lavocedelpaese.info\/wp-content\/uploads\/2023\/09\/IMG_20230902_205021_205-300x225.jpg 300w, https:\/\/acquaviva.lavocedelpaese.info\/wp-content\/uploads\/2023\/09\/IMG_20230902_205021_205-768x576.jpg 768w\" sizes=\"(max-width: 1000px) 100vw, 1000px\" \/><\/figure>\n\n\n\n<figure class=\"wp-block-image size-large\"><img decoding=\"async\" width=\"1000\" height=\"750\" data-id=\"2443\" src=\"https:\/\/acquaviva.lavocedelpaese.info\/wp-content\/uploads\/2023\/09\/IMG_20230902_211821_608.jpg\" alt=\"\" class=\"wp-image-2443\" srcset=\"https:\/\/acquaviva.lavocedelpaese.info\/wp-content\/uploads\/2023\/09\/IMG_20230902_211821_608.jpg 1000w, https:\/\/acquaviva.lavocedelpaese.info\/wp-content\/uploads\/2023\/09\/IMG_20230902_211821_608-300x225.jpg 300w, https:\/\/acquaviva.lavocedelpaese.info\/wp-content\/uploads\/2023\/09\/IMG_20230902_211821_608-768x576.jpg 768w\" sizes=\"(max-width: 1000px) 100vw, 1000px\" \/><\/figure>\n\n\n\n<figure class=\"wp-block-image size-large\"><img decoding=\"async\" width=\"1000\" height=\"750\" data-id=\"2440\" src=\"https:\/\/acquaviva.lavocedelpaese.info\/wp-content\/uploads\/2023\/09\/IMG_20230902_212137_646.jpg\" alt=\"\" class=\"wp-image-2440\" srcset=\"https:\/\/acquaviva.lavocedelpaese.info\/wp-content\/uploads\/2023\/09\/IMG_20230902_212137_646.jpg 1000w, https:\/\/acquaviva.lavocedelpaese.info\/wp-content\/uploads\/2023\/09\/IMG_20230902_212137_646-300x225.jpg 300w, https:\/\/acquaviva.lavocedelpaese.info\/wp-content\/uploads\/2023\/09\/IMG_20230902_212137_646-768x576.jpg 768w\" sizes=\"(max-width: 1000px) 100vw, 1000px\" \/><\/figure>\n\n\n\n<figure class=\"wp-block-image size-large\"><img decoding=\"async\" width=\"1000\" height=\"750\" data-id=\"2450\" src=\"https:\/\/acquaviva.lavocedelpaese.info\/wp-content\/uploads\/2023\/09\/IMG_20230902_213337_138.jpg\" alt=\"\" class=\"wp-image-2450\" srcset=\"https:\/\/acquaviva.lavocedelpaese.info\/wp-content\/uploads\/2023\/09\/IMG_20230902_213337_138.jpg 1000w, https:\/\/acquaviva.lavocedelpaese.info\/wp-content\/uploads\/2023\/09\/IMG_20230902_213337_138-300x225.jpg 300w, https:\/\/acquaviva.lavocedelpaese.info\/wp-content\/uploads\/2023\/09\/IMG_20230902_213337_138-768x576.jpg 768w\" sizes=\"(max-width: 1000px) 100vw, 1000px\" \/><\/figure>\n\n\n\n<figure class=\"wp-block-image size-large\"><img decoding=\"async\" width=\"1000\" height=\"750\" data-id=\"2441\" src=\"https:\/\/acquaviva.lavocedelpaese.info\/wp-content\/uploads\/2023\/09\/IMG_20230902_213758_787.jpg\" alt=\"\" class=\"wp-image-2441\" srcset=\"https:\/\/acquaviva.lavocedelpaese.info\/wp-content\/uploads\/2023\/09\/IMG_20230902_213758_787.jpg 1000w, https:\/\/acquaviva.lavocedelpaese.info\/wp-content\/uploads\/2023\/09\/IMG_20230902_213758_787-300x225.jpg 300w, https:\/\/acquaviva.lavocedelpaese.info\/wp-content\/uploads\/2023\/09\/IMG_20230902_213758_787-768x576.jpg 768w\" sizes=\"(max-width: 1000px) 100vw, 1000px\" \/><\/figure>\n\n\n\n<figure class=\"wp-block-image size-large\"><img decoding=\"async\" width=\"1000\" height=\"750\" data-id=\"2447\" src=\"https:\/\/acquaviva.lavocedelpaese.info\/wp-content\/uploads\/2023\/09\/IMG_20230902_214342_941.jpg\" alt=\"\" class=\"wp-image-2447\" srcset=\"https:\/\/acquaviva.lavocedelpaese.info\/wp-content\/uploads\/2023\/09\/IMG_20230902_214342_941.jpg 1000w, https:\/\/acquaviva.lavocedelpaese.info\/wp-content\/uploads\/2023\/09\/IMG_20230902_214342_941-300x225.jpg 300w, https:\/\/acquaviva.lavocedelpaese.info\/wp-content\/uploads\/2023\/09\/IMG_20230902_214342_941-768x576.jpg 768w\" sizes=\"(max-width: 1000px) 100vw, 1000px\" \/><\/figure>\n\n\n\n<figure class=\"wp-block-image size-large\"><img decoding=\"async\" width=\"1000\" height=\"750\" data-id=\"2436\" src=\"https:\/\/acquaviva.lavocedelpaese.info\/wp-content\/uploads\/2023\/09\/IMG_20230902_214409_001CS.jpg\" alt=\"\" class=\"wp-image-2436\" srcset=\"https:\/\/acquaviva.lavocedelpaese.info\/wp-content\/uploads\/2023\/09\/IMG_20230902_214409_001CS.jpg 1000w, https:\/\/acquaviva.lavocedelpaese.info\/wp-content\/uploads\/2023\/09\/IMG_20230902_214409_001CS-300x225.jpg 300w, https:\/\/acquaviva.lavocedelpaese.info\/wp-content\/uploads\/2023\/09\/IMG_20230902_214409_001CS-768x576.jpg 768w\" sizes=\"(max-width: 1000px) 100vw, 1000px\" \/><\/figure>\n<\/figure>\n\n\n\n<p>Sabato 2 settembre 2023 ci si \u00e8 ritrovati nella splendida cornice dell&#8217;atrio di Palazzo De Mari insieme ai facilitatori di Tamborey per vivere insieme l&#8217;entusiasmante Drum Circle. Presenti per l&#8217;occasione anche il sindaco di Acquaviva delle Fonti Avv. Marco Lenoci e l&#8217;Ass. Alla Cultura Mariagrazia Barbieri coinvolti in prima persona nel cerchio insieme ai tanti soci e cittadini accorsi per l&#8217;evento.<\/p>\n\n\n\n<p>Al termine della serata si \u00e8 svolta la premiazione dei vincitori del concorso Spazi in Fiore 2023.<br>Vincenzo Pastore per gli Spazi gardening per aver abbellito con piante e fiori la scalinata della sua attivit\u00e0 commerciale Nuova Macelleria e Salumeria dell&#8217;arco in via Sant&#8217;Agostino.<\/p>\n\n\n\n<figure class=\"wp-block-image size-full\"><img decoding=\"async\" width=\"601\" height=\"800\" src=\"https:\/\/acquaviva.lavocedelpaese.info\/wp-content\/uploads\/2023\/09\/72599878-79e7-4fda-aadd-a4f0f5ff8eca.jpg\" alt=\"\" class=\"wp-image-2453\" srcset=\"https:\/\/acquaviva.lavocedelpaese.info\/wp-content\/uploads\/2023\/09\/72599878-79e7-4fda-aadd-a4f0f5ff8eca.jpg 601w, https:\/\/acquaviva.lavocedelpaese.info\/wp-content\/uploads\/2023\/09\/72599878-79e7-4fda-aadd-a4f0f5ff8eca-225x300.jpg 225w\" sizes=\"(max-width: 601px) 100vw, 601px\" \/><\/figure>\n\n\n\n<p>Per un fiore di Foto Maria Rita Solazzo autrice dello scatto dal titolo: \u2018Come un pittore\u2019<\/p>\n\n\n\n<p>\u201cCome un pittore dipinge su una tela amalgamando i colori su una tavolozza cos\u00ec io pianto bulbi, semino e accosto piante conoscendone i colori, immaginando lo spettacolo che la terra mi regaler\u00e0. La natura non ci delude mai \u201c.<\/p>\n\n\n\n<p>\u201cGrazie ancora per aver dato valore alla foto scattata in un angolo del mio giardino- ha commentato a caldo la Sig.ra Solazzo. Per me \u00e8 una soddisfazione. Curare un giardino \u00e8 una passione Richiede impegno e lavoro ma poi ti ripaga sempre\u201d.<\/p>\n\n\n\n<figure class=\"wp-block-image size-full\"><img decoding=\"async\" width=\"600\" height=\"800\" src=\"https:\/\/acquaviva.lavocedelpaese.info\/wp-content\/uploads\/2023\/09\/734a5131-2e47-441a-86e7-5298f0cd20f4.jpg\" alt=\"\" class=\"wp-image-2452\" srcset=\"https:\/\/acquaviva.lavocedelpaese.info\/wp-content\/uploads\/2023\/09\/734a5131-2e47-441a-86e7-5298f0cd20f4.jpg 600w, https:\/\/acquaviva.lavocedelpaese.info\/wp-content\/uploads\/2023\/09\/734a5131-2e47-441a-86e7-5298f0cd20f4-225x300.jpg 225w\" sizes=\"(max-width: 600px) 100vw, 600px\" \/><\/figure>\n\n\n\n<p>Il Presidente di giuria ha poi concluso la premiazione annunciando: \u201cCi sono poi due ex aequo come 2\u00b0 posto: Rossella Ventura e Loredana Petruzzi\u201d. A tutti finalisti \u00e8 stato consegnato attestato di partecipazione e omaggio floreale offerto dal Fiorista Angelo Giannuzzi.<\/p>\n","protected":false},"excerpt":{"rendered":"<p>Conclusa nei giorni scorsi la 17\u00b0 edizione di \u201cSpazi in Fiore\u201d promosso con entusiasmo e determinazione dall&#8217;APS Amici dell\u2019Ambiente e<\/p>\n","protected":false},"author":4,"featured_media":2425,"comment_status":"open","ping_status":"closed","sticky":false,"template":"","format":"standard","meta":{"colormag_page_container_layout":"default_layout","colormag_page_sidebar_layout":"default_layout","_monsterinsights_skip_tracking":false,"_monsterinsights_sitenote_active":false,"_monsterinsights_sitenote_note":"","_monsterinsights_sitenote_category":0,"footnotes":""},"categories":[5,6,30,33],"tags":[],"class_list":["post-2423","post","type-post","status-publish","format-standard","has-post-thumbnail","hentry","category-cultura","category-eventi","category-news","category-spalla"],"_links":{"self":[{"href":"https:\/\/acquaviva.lavocedelpaese.info\/index.php\/wp-json\/wp\/v2\/posts\/2423","targetHints":{"allow":["GET"]}}],"collection":[{"href":"https:\/\/acquaviva.lavocedelpaese.info\/index.php\/wp-json\/wp\/v2\/posts"}],"about":[{"href":"https:\/\/acquaviva.lavocedelpaese.info\/index.php\/wp-json\/wp\/v2\/types\/post"}],"author":[{"embeddable":true,"href":"https:\/\/acquaviva.lavocedelpaese.info\/index.php\/wp-json\/wp\/v2\/users\/4"}],"replies":[{"embeddable":true,"href":"https:\/\/acquaviva.lavocedelpaese.info\/index.php\/wp-json\/wp\/v2\/comments?post=2423"}],"version-history":[{"count":1,"href":"https:\/\/acquaviva.lavocedelpaese.info\/index.php\/wp-json\/wp\/v2\/posts\/2423\/revisions"}],"predecessor-version":[{"id":2454,"href":"https:\/\/acquaviva.lavocedelpaese.info\/index.php\/wp-json\/wp\/v2\/posts\/2423\/revisions\/2454"}],"wp:featuredmedia":[{"embeddable":true,"href":"https:\/\/acquaviva.lavocedelpaese.info\/index.php\/wp-json\/wp\/v2\/media\/2425"}],"wp:attachment":[{"href":"https:\/\/acquaviva.lavocedelpaese.info\/index.php\/wp-json\/wp\/v2\/media?parent=2423"}],"wp:term":[{"taxonomy":"category","embeddable":true,"href":"https:\/\/acquaviva.lavocedelpaese.info\/index.php\/wp-json\/wp\/v2\/categories?post=2423"},{"taxonomy":"post_tag","embeddable":true,"href":"https:\/\/acquaviva.lavocedelpaese.info\/index.php\/wp-json\/wp\/v2\/tags?post=2423"}],"curies":[{"name":"wp","href":"https:\/\/api.w.org\/{rel}","templated":true}]}}