{"id":2371,"date":"2023-09-03T07:55:50","date_gmt":"2023-09-03T07:55:50","guid":{"rendered":"https:\/\/acquaviva.lavocedelpaese.info\/?p=2371"},"modified":"2023-09-03T15:13:06","modified_gmt":"2023-09-03T15:13:06","slug":"maria-ss-di-costantinopoli-il-corteo-storico","status":"publish","type":"post","link":"https:\/\/acquaviva.lavocedelpaese.info\/index.php\/2023\/09\/03\/maria-ss-di-costantinopoli-il-corteo-storico\/","title":{"rendered":"Maria SS. di Costantinopoli: Il Corteo Storico"},"content":{"rendered":"\n<p><strong>A colloquio con Daniela Capozzo del Comitato  Feste Patronali<\/strong><\/p>\n\n\n\n<p>di Isabella Giorgio<\/p>\n\n\n\n<p>Foto: Alessandro Abrusci<\/p>\n\n\n\n<p>Da non perdere questa sera, domenica 3 settembre 2023 alle ore 20:00 la tradizionale rievocazione storica dell\u2019ingresso dell\u2019icona della Madonna nella Citt\u00e0 di Acquaviva delle Fonti.<\/p>\n\n\n\n<p>\u201cLA VOCE DEL PAESE\u201d ha incontrato nei giorni scorsi <strong>Daniela Capozzo <\/strong>del Comitato Feste Patronali. Le abbiamo chiesto di rivelarci qualche dettaglio e curiosit\u00e0 sul Corteo Storico 2023, un appuntamento tanto atteso dai nostri concittadini e dai tanti forestieri che per l\u2019occasione vengono in citt\u00e0.<\/p>\n\n\n\n<p>\u201cIl corteo storico di Acquaviva conta quest\u2019anno \u2013 precisa Daniela Capozzo- pi\u00f9 di 300 figuranti.<\/p>\n\n\n\n<p>Non abbiamo un\u2019associazione con figuranti stabili, come accade nei cortei degli altri paesi. Ci tengo a sottolineare una cosa importante, ogni anno noi possiamo realizzare il corteo solo grazie ai volontari acquavivesi che si offrono come figuranti. A partire da giugno il Comitato consegna i vestiti finch\u00e9 non si esauriscono, in genere fino agli ultimi giorni e ci vengono riconsegnati entro fine ottobre. Gli abiti sono custoditi da noi, sono tutti del Comitato Feste Patronali.<\/p>\n\n\n\n<p>Nei quattro giorni di festa \u00e8 la manifestazione pi\u00f9 partecipata perch\u00e9 coinvolge realmente gli acquavivesi, parliamo di figuranti di tutte le et\u00e0, dai 5-6 anni a persone adulte e anziani, abbiamo un ruolo per tutti\u201d.<\/p>\n\n\n\n<p><strong>Entriamo nel detteglio&#8230;<\/strong><\/p>\n\n\n\n<p>\u201cIl corteo \u00e8 ambientato nel 1529 \u00e8 un misto tra storia realmente documentata e leggenda.<\/p>\n\n\n\n<p>Rievoca, non a caso si chiama rievocazione storica, l\u2019ingresso ad Acquaviva dell\u2019icona della Madonna di Costantinopoli conservato gi\u00f9 in cripta, fulcro della nostra devozione.<\/p>\n\n\n\n<p>Secondo la leggenda l\u2019icona mariana, giunta da Costantinopoli via mare, venne rinvenuta da due acquavivesi recatisi a Bari e fu portata in paese su di un carro trainato da due buoi, poi accolta dai marchesi di Acquaviva.<\/p>\n\n\n\n<p>Il corteo \u2013 precisa Daniela Capozzo- partir\u00e0 da Palazzo De Mari (p. zza Maria SS. di Costantinopoli) da qui si muove il gruppo dei cortigiani (bambini, paggi, guardie) i Signori di Acquaviva (famiglia Calvo) e le famiglie notabili e nobili acquavivesi (gli Amapani, Coriolano, i baroni Molignani) magistrati e dottori di corte molto devoti alla Protettrice.<\/p>\n\n\n\n<p>Da via Bari arriva il carro con l\u2019icona della Beata Vergine trainato da buoi e accompagnato da coloni e popolani.<\/p>\n\n\n\n<p>All\u2019incrocio tra via Bari e piazza Garibaldi, punto che ricorda le porte d&#8217; ingresso nel borgo antico della citt\u00e0, il Marchese e la sua sposa accolgono e rendono omaggio alla Vergine quindi formano un unico corteo che compiendo il giro della citt\u00e0 invita tutti i cittadini a renderle omaggio.<\/p>\n\n\n\n<p>Giunti in piazza dei Martini dinanzi la Cattedrale il Marchese volendo sottolineare la devozione in onore della Madonna concede la festa di corte con esibizione degli sbandieratori\u201d.<\/p>\n\n\n\n<p><strong>In definitiva ricostruite tutto quello che era realmente il tessuto cittadino nel 1529, facendo copiere a chi verr\u00e0 stasera ad Acquaviva delle Fonti un vero e proprio viaggio nel tempo&#8230;<\/strong><\/p>\n\n\n\n<p>\u201cNoi lo raccontiamo proprio cos\u00ec soprattutto ai bambini \u2026come un viaggio nel tempo.<\/p>\n\n\n\n<figure class=\"wp-block-image size-full\"><img decoding=\"async\" width=\"600\" height=\"800\" src=\"https:\/\/acquaviva.lavocedelpaese.info\/wp-content\/uploads\/2023\/09\/IMG_20230817_componenti-comitato-feste-patronali.jpg\" alt=\"\" class=\"wp-image-2377\" srcset=\"https:\/\/acquaviva.lavocedelpaese.info\/wp-content\/uploads\/2023\/09\/IMG_20230817_componenti-comitato-feste-patronali.jpg 600w, https:\/\/acquaviva.lavocedelpaese.info\/wp-content\/uploads\/2023\/09\/IMG_20230817_componenti-comitato-feste-patronali-225x300.jpg 225w\" sizes=\"(max-width: 600px) 100vw, 600px\" \/><\/figure>\n\n\n\n<p>Nel Comitato Feste Patronali, come gi\u00e0 detto nella precedente intervista al vice Presidente Angelo Lovecchio, (per saperne di pi\u00f9: <a href=\"https:\/\/acquaviva.lavocedelpaese.info\/index.php\/2023\/08\/20\/festeggiamenti-in-onore-maria-ss-di-costantinopoli\/\">https:\/\/acquaviva.lavocedelpaese.info\/index.php\/2023\/08\/20\/festeggiamenti-in-onore-maria-ss-di-costantinopoli\/<\/a> ) siamo tutti volontari. <\/p>\n\n\n\n<p>Tantissimi ci chiedono quando ci vedono in questo periodo particolarmente stanchi: &#8216;Ma chi ve lo fa fare? Gli acquavivesi non lo meritano!&#8217; A me preme sottolineare due cose: magari gli acquavivesi non lo meritano, noi la festa la facciamo per la Madonna. La nostra \u00e8 una devozione alla Madonna. La seconda spinta, che forse \u00e8 mia personale, riguarda i bambini: al corteo come in nessun altro momento della festa, riusciamo a lasciare il nostro semino nei pi\u00f9 piccoli che \u00e8 sia di devozione che di tradizione. Credo che attraverso le giovani generazioni la nostra tradizione non finir\u00e0 mai, questa \u00e8 l\u2019unica speranza che abbiamo\u201d.<\/p>\n\n\n\n<p><strong>Il corteo storico \u00e8 un collante, accresce insomma il senso di identit\u00e0 e appartenenza ad una stessa comunit\u00e0 che forse negli ultimi tempi sembra un po\u2019 svanito\u2026<\/strong><\/p>\n\n\n\n<p>\u201cA mio avviso \u00e8 anche un\u2019occasione per spiegare la devozione per la nostra Madonna di Costantinopoli, i bambini non hanno altre occasioni. La Festa Patronale \u00e8 forse il momento che riesce maggiormente ad avvicinarli.<\/p>\n\n\n\n<p>Quando vengono al Comitato per iscriversi come figuranti insieme ad altri due o tre amichetti, le mamme ci chiedono: &#8216;possono stare stare tutti insieme?&#8217;, non sempre riusciamo ad accontentarli perch\u00e9 abbiamo dei vestiti, possiamo giusto fare qualche modifica, accorciarlo un po\u2019, o stringere, ripeto \u00e8 il vestito che sceglie il figurante e non vice versa. Quando salgono, al piano superiore della Torre dell&#8217;Orologio, non scendono pi\u00f9 senza vestito. Ci capita spesso che i bambini, invece, ci dicano: &#8216;Non fa niente, voglio partecipare comunque&#8217;. Una volta che hanno provato l\u2019abito entrano nel personaggio e ci chiedono: \u2018cosa sono io?\u2019 e di l\u00e0 parte la spiegazione di quello che era il tessuto dell\u2019epoca.<\/p>\n\n\n\n<p>Quando facciamo le prove spieghiamo ai figuranti che non c\u2019era lo smalto, gli occhiali, o le infradito, c&#8217;\u00e8 chi pensa di doversi truccare, e io dico loro: &#8216;All\u2019epoca non avevano inventato il trucco, le dame mettevano la farina per schiarire il colorito o per l&#8217;acconciatura qualcuna mi dica: &#8216;voglio fare le trecce e la coda alta&#8217;. Io rispondo loro dicendo che solo le donne sposate potevano raccogliere i capelli era un segno distintivo, possiamo fare le trecce ma lasciarli sciolti, cos\u00ec come non puoi metterti i bracciali. All\u2019epoca i gioielli erano solo di perle. Ci teniamo alla rievocazione storica.<\/p>\n\n\n\n<p>Da molti anni la seconda domenica di luglio siamo invitati al Raduno di tutti i corti storici che si tiene a Mola di Bari. Riceviamo tanti complimenti, forse gli acquavivesi non lo sanno, il corteo storico di Acquaviva delle Fonti \u00e8 uno dei pi\u00f9 belli e numerosi, conta pi\u00f9 figuranti di tutti i paesi vicini ed \u00e8 quello pi\u00f9 fedele alla storia.<\/p>\n\n\n\n<p>Nei paesi vicini il corteo \u00e8 quasi sempre medievale, il nostro \u00e8 rinascimentale. Anche quando chiamiamo gli sbandieratori o timpanisti facciamo anche una ricerca chiediamo che questi gruppi debbano avere un abbigliamento rinascimentale. Ci teniamo.<\/p>\n\n\n\n<figure class=\"wp-block-image size-full\"><img decoding=\"async\" src=\"https:\/\/acquaviva.lavocedelpaese.info\/wp-content\/uploads\/2023\/09\/Abrusci_Alessandro01-1.jpg\" alt=\"\" class=\"wp-image-2375\" \/><\/figure>\n\n\n\n<p>Spesso ci chiedono: &#8216;Perch\u00e9 il carro non \u00e8 trainato da cavalli?&#8217; Prima era tirato da cavalli, si \u00e8 vero, noi da fonti storiche abbiamo trovato che i carri usati da mercanti per lunghi tratti era fatto da buoi perch\u00e9 pi\u00f9 resistenti a portare pesi. Il cavallo era usato per le carrozze, a scopo militare e nei lavori dei campi. Anche a chi va su a cavallo e gi\u00f9 come Comitato Feste imponiamo l\u2019abbigliamento. Siamo soliti metterne di meno rispetto ai paesi limitrofi (10-15 massimo) perch\u00e9 i cavalli nel nostro Corteo non hanno un ruolo principale. La nostra non \u00e8 una cavalcata come a Santeramo in Colle per Sant&#8217;Erasmo\u201d.<\/p>\n\n\n\n<p><strong>Un&#8217;ultima precisazione&#8230;<\/strong><\/p>\n\n\n\n<p>\u201cIl Marchese duca D\u2019Atri aveva una devozione particolare per la Madonna di Costantinipoli, quello che rievochiamo all\u2019incrocio di via Bari \u00e8 proprio questo. La famiglia nobile va all\u2019ingresso del paese (incrocio di via Mons. Laera) prima di piazza Garibaldi e rendere omaggio all\u2019icona. Fa l\u2019inchino e poi parte il corteo per le vie della citt\u00e0 fino ad arrivare in piazza dei Martiri per la festa di corte davanti la Cattedrale in cui si custodisce l\u2019icona della Madonna. Ci teniamo affich\u00e9 i figuranti si fermino in piazza dei Martiri. Altra cosa da mettere in evidenza \u00e8 la diffenza di et\u00e0 tra il Marchese e sua quarta moglie Isabella Spinelli molto giovane. Manteniamo nella rievocazione questa diffenza di et\u00e0, quest&#8217;anno la figurante ha soli 17 anni\u201d.<\/p>\n\n\n\n<p>Ad arricchire il corteo avremo inoltre quest\u2019anno la presenza di diverse associazioni: \u2018Timpanisti Fajanensis\u2019 di Fasano (Br), Gruppo Sbandieratori e Musici Citt\u00e0 di Oria (Br), Studio Danza Classica e Moderna, figuranti dell\u2019Associazione \u2018Rosa di Jericho\u2019 di Mola di Bari, figuranti di San Nicola di Bari. Trucco e acconciature a cura di Harmonie e Le Scapigliate\u201d.<\/p>\n\n\n\n<p><\/p>\n\n\n\n<figure class=\"wp-block-image size-full\"><img decoding=\"async\" width=\"1000\" height=\"667\" src=\"https:\/\/acquaviva.lavocedelpaese.info\/wp-content\/uploads\/2023\/09\/Abrusci_Alessandro02-1.jpg\" alt=\"\" class=\"wp-image-2376\" srcset=\"https:\/\/acquaviva.lavocedelpaese.info\/wp-content\/uploads\/2023\/09\/Abrusci_Alessandro02-1.jpg 1000w, https:\/\/acquaviva.lavocedelpaese.info\/wp-content\/uploads\/2023\/09\/Abrusci_Alessandro02-1-300x200.jpg 300w, https:\/\/acquaviva.lavocedelpaese.info\/wp-content\/uploads\/2023\/09\/Abrusci_Alessandro02-1-768x512.jpg 768w\" sizes=\"(max-width: 1000px) 100vw, 1000px\" \/><\/figure>\n\n\n\n<figure class=\"wp-block-image size-full\"><img decoding=\"async\" width=\"555\" height=\"765\" src=\"https:\/\/acquaviva.lavocedelpaese.info\/wp-content\/uploads\/2023\/09\/Percorso-corteo-storico.jpg\" alt=\"\" class=\"wp-image-2374\" srcset=\"https:\/\/acquaviva.lavocedelpaese.info\/wp-content\/uploads\/2023\/09\/Percorso-corteo-storico.jpg 555w, https:\/\/acquaviva.lavocedelpaese.info\/wp-content\/uploads\/2023\/09\/Percorso-corteo-storico-218x300.jpg 218w\" sizes=\"(max-width: 555px) 100vw, 555px\" \/><\/figure>\n\n\n\n<figure class=\"wp-block-image size-full\"><img decoding=\"async\" width=\"800\" height=\"800\" src=\"https:\/\/acquaviva.lavocedelpaese.info\/wp-content\/uploads\/2023\/09\/370373620_684719987021823_5209671953640056879_n.jpg\" alt=\"\" class=\"wp-image-2379\" srcset=\"https:\/\/acquaviva.lavocedelpaese.info\/wp-content\/uploads\/2023\/09\/370373620_684719987021823_5209671953640056879_n.jpg 800w, https:\/\/acquaviva.lavocedelpaese.info\/wp-content\/uploads\/2023\/09\/370373620_684719987021823_5209671953640056879_n-300x300.jpg 300w, https:\/\/acquaviva.lavocedelpaese.info\/wp-content\/uploads\/2023\/09\/370373620_684719987021823_5209671953640056879_n-150x150.jpg 150w, https:\/\/acquaviva.lavocedelpaese.info\/wp-content\/uploads\/2023\/09\/370373620_684719987021823_5209671953640056879_n-768x768.jpg 768w\" sizes=\"(max-width: 800px) 100vw, 800px\" \/><\/figure>\n","protected":false},"excerpt":{"rendered":"<p>A colloquio con Daniela Capozzo del Comitato Feste Patronali di Isabella Giorgio Foto: Alessandro Abrusci Da non perdere questa sera,<\/p>\n","protected":false},"author":4,"featured_media":2375,"comment_status":"open","ping_status":"closed","sticky":false,"template":"","format":"standard","meta":{"colormag_page_container_layout":"default_layout","colormag_page_sidebar_layout":"default_layout","_monsterinsights_skip_tracking":false,"_monsterinsights_sitenote_active":false,"_monsterinsights_sitenote_note":"","_monsterinsights_sitenote_category":0,"footnotes":""},"categories":[2,28],"tags":[],"class_list":["post-2371","post","type-post","status-publish","format-standard","has-post-thumbnail","hentry","category-attualita","category-primo-piano"],"_links":{"self":[{"href":"https:\/\/acquaviva.lavocedelpaese.info\/index.php\/wp-json\/wp\/v2\/posts\/2371","targetHints":{"allow":["GET"]}}],"collection":[{"href":"https:\/\/acquaviva.lavocedelpaese.info\/index.php\/wp-json\/wp\/v2\/posts"}],"about":[{"href":"https:\/\/acquaviva.lavocedelpaese.info\/index.php\/wp-json\/wp\/v2\/types\/post"}],"author":[{"embeddable":true,"href":"https:\/\/acquaviva.lavocedelpaese.info\/index.php\/wp-json\/wp\/v2\/users\/4"}],"replies":[{"embeddable":true,"href":"https:\/\/acquaviva.lavocedelpaese.info\/index.php\/wp-json\/wp\/v2\/comments?post=2371"}],"version-history":[{"count":4,"href":"https:\/\/acquaviva.lavocedelpaese.info\/index.php\/wp-json\/wp\/v2\/posts\/2371\/revisions"}],"predecessor-version":[{"id":2382,"href":"https:\/\/acquaviva.lavocedelpaese.info\/index.php\/wp-json\/wp\/v2\/posts\/2371\/revisions\/2382"}],"wp:featuredmedia":[{"embeddable":true,"href":"https:\/\/acquaviva.lavocedelpaese.info\/index.php\/wp-json\/wp\/v2\/media\/2375"}],"wp:attachment":[{"href":"https:\/\/acquaviva.lavocedelpaese.info\/index.php\/wp-json\/wp\/v2\/media?parent=2371"}],"wp:term":[{"taxonomy":"category","embeddable":true,"href":"https:\/\/acquaviva.lavocedelpaese.info\/index.php\/wp-json\/wp\/v2\/categories?post=2371"},{"taxonomy":"post_tag","embeddable":true,"href":"https:\/\/acquaviva.lavocedelpaese.info\/index.php\/wp-json\/wp\/v2\/tags?post=2371"}],"curies":[{"name":"wp","href":"https:\/\/api.w.org\/{rel}","templated":true}]}}