{"id":2359,"date":"2023-09-02T16:52:03","date_gmt":"2023-09-02T16:52:03","guid":{"rendered":"https:\/\/acquaviva.lavocedelpaese.info\/?p=2359"},"modified":"2023-09-02T16:52:04","modified_gmt":"2023-09-02T16:52:04","slug":"maria-ss-di-costantinopoli-al-via-il-triduo-di-preparazione","status":"publish","type":"post","link":"https:\/\/acquaviva.lavocedelpaese.info\/index.php\/2023\/09\/02\/maria-ss-di-costantinopoli-al-via-il-triduo-di-preparazione\/","title":{"rendered":"Maria SS. di Costantinopoli: al via il Triduo di preparazione"},"content":{"rendered":"\n<p>Al via questa sera in piazza dei Martiri del 1799 il primo giorno di triduo della Madonna di Costantinopoli, patrona e protettrice della Citt\u00e0 di Acquaviva delle Fonti.<\/p>\n\n\n\n<p>Alle ore 19.00 la Santa Messa sar\u00e0 presieduta da S. E. Mons. Franco Moscone arcivescovo di Manfredonia &#8211; Vieste- San Giovanni Rotondo.<\/p>\n\n\n\n<p>Domani domenica 3 settembre alle ore 19.00 la Santa Messa del Triduo alla Madonna di Costantinopoli sar\u00e0 presiduta da S.E, Mons. Luigi Mansi, Vescovo di Andria.<\/p>\n\n\n\n<p>Luned\u00ec 4 settembre alle ore 19.00 verr\u00e0 in citt\u00e0 S.E. Mons. Giovanni Intini, Vescovo di Brindisi-Ostuni.<\/p>\n\n\n\n<figure class=\"wp-block-image size-full\"><img decoding=\"async\" width=\"800\" height=\"800\" src=\"https:\/\/acquaviva.lavocedelpaese.info\/wp-content\/uploads\/2023\/09\/374496019_684298617063960_868509193913108968_n.jpg\" alt=\"\" class=\"wp-image-2361\" srcset=\"https:\/\/acquaviva.lavocedelpaese.info\/wp-content\/uploads\/2023\/09\/374496019_684298617063960_868509193913108968_n.jpg 800w, https:\/\/acquaviva.lavocedelpaese.info\/wp-content\/uploads\/2023\/09\/374496019_684298617063960_868509193913108968_n-300x300.jpg 300w, https:\/\/acquaviva.lavocedelpaese.info\/wp-content\/uploads\/2023\/09\/374496019_684298617063960_868509193913108968_n-150x150.jpg 150w, https:\/\/acquaviva.lavocedelpaese.info\/wp-content\/uploads\/2023\/09\/374496019_684298617063960_868509193913108968_n-768x768.jpg 768w\" sizes=\"(max-width: 800px) 100vw, 800px\" \/><\/figure>\n\n\n\n<figure class=\"wp-block-image size-full\"><img decoding=\"async\" width=\"800\" height=\"800\" src=\"https:\/\/acquaviva.lavocedelpaese.info\/wp-content\/uploads\/2023\/09\/Post-madonna-2023_Tavola-disegno-1-copia-2.jpg\" alt=\"\" class=\"wp-image-2362\" srcset=\"https:\/\/acquaviva.lavocedelpaese.info\/wp-content\/uploads\/2023\/09\/Post-madonna-2023_Tavola-disegno-1-copia-2.jpg 800w, https:\/\/acquaviva.lavocedelpaese.info\/wp-content\/uploads\/2023\/09\/Post-madonna-2023_Tavola-disegno-1-copia-2-300x300.jpg 300w, https:\/\/acquaviva.lavocedelpaese.info\/wp-content\/uploads\/2023\/09\/Post-madonna-2023_Tavola-disegno-1-copia-2-150x150.jpg 150w, https:\/\/acquaviva.lavocedelpaese.info\/wp-content\/uploads\/2023\/09\/Post-madonna-2023_Tavola-disegno-1-copia-2-768x768.jpg 768w\" sizes=\"(max-width: 800px) 100vw, 800px\" \/><\/figure>\n\n\n\n<figure class=\"wp-block-image size-full\"><img decoding=\"async\" width=\"800\" height=\"800\" src=\"https:\/\/acquaviva.lavocedelpaese.info\/wp-content\/uploads\/2023\/09\/Post-madonna-2023_Tavola-disegno-1-copia-3.jpg\" alt=\"\" class=\"wp-image-2363\" srcset=\"https:\/\/acquaviva.lavocedelpaese.info\/wp-content\/uploads\/2023\/09\/Post-madonna-2023_Tavola-disegno-1-copia-3.jpg 800w, https:\/\/acquaviva.lavocedelpaese.info\/wp-content\/uploads\/2023\/09\/Post-madonna-2023_Tavola-disegno-1-copia-3-300x300.jpg 300w, https:\/\/acquaviva.lavocedelpaese.info\/wp-content\/uploads\/2023\/09\/Post-madonna-2023_Tavola-disegno-1-copia-3-150x150.jpg 150w, https:\/\/acquaviva.lavocedelpaese.info\/wp-content\/uploads\/2023\/09\/Post-madonna-2023_Tavola-disegno-1-copia-3-768x768.jpg 768w\" sizes=\"(max-width: 800px) 100vw, 800px\" \/><\/figure>\n\n\n\n<figure class=\"wp-block-image size-full\"><img decoding=\"async\" width=\"570\" height=\"800\" src=\"https:\/\/acquaviva.lavocedelpaese.info\/wp-content\/uploads\/2023\/09\/LIBRETTO-202341.jpg\" alt=\"\" class=\"wp-image-2364\" srcset=\"https:\/\/acquaviva.lavocedelpaese.info\/wp-content\/uploads\/2023\/09\/LIBRETTO-202341.jpg 570w, https:\/\/acquaviva.lavocedelpaese.info\/wp-content\/uploads\/2023\/09\/LIBRETTO-202341-214x300.jpg 214w\" sizes=\"(max-width: 570px) 100vw, 570px\" \/><\/figure>\n\n\n\n<figure class=\"wp-block-image size-full\"><img decoding=\"async\" width=\"570\" height=\"800\" src=\"https:\/\/acquaviva.lavocedelpaese.info\/wp-content\/uploads\/2023\/09\/LIBRETTO-202349.jpg\" alt=\"\" class=\"wp-image-2365\" srcset=\"https:\/\/acquaviva.lavocedelpaese.info\/wp-content\/uploads\/2023\/09\/LIBRETTO-202349.jpg 570w, https:\/\/acquaviva.lavocedelpaese.info\/wp-content\/uploads\/2023\/09\/LIBRETTO-202349-214x300.jpg 214w\" sizes=\"(max-width: 570px) 100vw, 570px\" \/><\/figure>\n","protected":false},"excerpt":{"rendered":"<p>Al via questa sera in piazza dei Martiri del 1799 il primo giorno di triduo della Madonna di Costantinopoli, patrona<\/p>\n","protected":false},"author":4,"featured_media":2366,"comment_status":"open","ping_status":"closed","sticky":false,"template":"","format":"standard","meta":{"colormag_page_container_layout":"default_layout","colormag_page_sidebar_layout":"default_layout","_monsterinsights_skip_tracking":false,"_monsterinsights_sitenote_active":false,"_monsterinsights_sitenote_note":"","_monsterinsights_sitenote_category":0,"footnotes":""},"categories":[2,30],"tags":[],"class_list":["post-2359","post","type-post","status-publish","format-standard","has-post-thumbnail","hentry","category-attualita","category-news"],"_links":{"self":[{"href":"https:\/\/acquaviva.lavocedelpaese.info\/index.php\/wp-json\/wp\/v2\/posts\/2359","targetHints":{"allow":["GET"]}}],"collection":[{"href":"https:\/\/acquaviva.lavocedelpaese.info\/index.php\/wp-json\/wp\/v2\/posts"}],"about":[{"href":"https:\/\/acquaviva.lavocedelpaese.info\/index.php\/wp-json\/wp\/v2\/types\/post"}],"author":[{"embeddable":true,"href":"https:\/\/acquaviva.lavocedelpaese.info\/index.php\/wp-json\/wp\/v2\/users\/4"}],"replies":[{"embeddable":true,"href":"https:\/\/acquaviva.lavocedelpaese.info\/index.php\/wp-json\/wp\/v2\/comments?post=2359"}],"version-history":[{"count":1,"href":"https:\/\/acquaviva.lavocedelpaese.info\/index.php\/wp-json\/wp\/v2\/posts\/2359\/revisions"}],"predecessor-version":[{"id":2367,"href":"https:\/\/acquaviva.lavocedelpaese.info\/index.php\/wp-json\/wp\/v2\/posts\/2359\/revisions\/2367"}],"wp:featuredmedia":[{"embeddable":true,"href":"https:\/\/acquaviva.lavocedelpaese.info\/index.php\/wp-json\/wp\/v2\/media\/2366"}],"wp:attachment":[{"href":"https:\/\/acquaviva.lavocedelpaese.info\/index.php\/wp-json\/wp\/v2\/media?parent=2359"}],"wp:term":[{"taxonomy":"category","embeddable":true,"href":"https:\/\/acquaviva.lavocedelpaese.info\/index.php\/wp-json\/wp\/v2\/categories?post=2359"},{"taxonomy":"post_tag","embeddable":true,"href":"https:\/\/acquaviva.lavocedelpaese.info\/index.php\/wp-json\/wp\/v2\/tags?post=2359"}],"curies":[{"name":"wp","href":"https:\/\/api.w.org\/{rel}","templated":true}]}}