{"id":2344,"date":"2023-08-28T19:05:33","date_gmt":"2023-08-28T19:05:33","guid":{"rendered":"https:\/\/acquaviva.lavocedelpaese.info\/?p=2344"},"modified":"2023-08-30T15:22:24","modified_gmt":"2023-08-30T15:22:24","slug":"al-via-la-17-edizione-di-spazi-in-fiore-2023","status":"publish","type":"post","link":"https:\/\/acquaviva.lavocedelpaese.info\/index.php\/2023\/08\/28\/al-via-la-17-edizione-di-spazi-in-fiore-2023\/","title":{"rendered":"Al via la 17\u00b0 Edizione di Spazi in fiore 2023"},"content":{"rendered":"\n<p>Dal 28 agosto al 2 settembre 2023 ad Acquaviva delle Fonti<\/p>\n\n\n\n<p>Parte ufficialmente oggi luned\u00ec 28 agosto l&#8217;atteso evento di \u201cSpazi in Fiore\u201d promosso dall&#8217;APS Amici dell&#8217;Ambiente realizzato quest&#8217;anno con il patrocinio del Comune di Acquaviva delle Fonti e in collaborazione con il Centro Diurno Auxilium. Media partner: LA VOCE DEL PAESE.<\/p>\n\n\n\n<p>Incuriositi abbiamo incontrato la Presidente <strong>Milena Masiello<\/strong> (In foto) per conoscere i dettagli di questa 17\u00b0 edizione. <\/p>\n\n\n\n<p>\u201cIl Concorso si svolge ad Acquaviva delle Fonti dal 28 agosto al 2 settembre 2023.<\/p>\n\n\n\n<figure class=\"wp-block-image size-full\"><img decoding=\"async\" width=\"1000\" height=\"750\" src=\"https:\/\/acquaviva.lavocedelpaese.info\/wp-content\/uploads\/2023\/08\/IMG_20230828_193450_408.jpg\" alt=\"\" class=\"wp-image-2346\" srcset=\"https:\/\/acquaviva.lavocedelpaese.info\/wp-content\/uploads\/2023\/08\/IMG_20230828_193450_408.jpg 1000w, https:\/\/acquaviva.lavocedelpaese.info\/wp-content\/uploads\/2023\/08\/IMG_20230828_193450_408-300x225.jpg 300w, https:\/\/acquaviva.lavocedelpaese.info\/wp-content\/uploads\/2023\/08\/IMG_20230828_193450_408-768x576.jpg 768w\" sizes=\"(max-width: 1000px) 100vw, 1000px\" \/><\/figure>\n\n\n\n<p>Tre le categorie del Concorso a cui potersi ancora iscrivere entro il 31 agosto ore 22:00, offrendo un contributo volontario.<\/p>\n\n\n\n<ul class=\"wp-block-list\">\n<li>BALCONE IN FIORE rivolto a tutti coloro che hanno uno spazio verde allestito che vogliono far vedere in presenza alla Giuria.<\/li>\n\n\n\n<li>UN FIORE DI FOTO, rivolto a tutti gli amanti del giardinaggio e della fotografia si partecipa con unica foto inviata a <a href=\"mailto:spaziinfiore@gmail.com\">spaziinfiore@gmail.com<\/a> e tramite whatsapp al 33360628000. Oltre a indicare i propri dati personali, \u00e8 necessario dare un titolo e una breve descrizione alla fotografia in Concorso in modo che la giuria abbia maggiori elementi per giudicare.<\/li>\n\n\n\n<li>LA STRADA FIORITA a cui teniamo molto finalizzata alla valorizzazione del nostro Centro Storico.<\/li>\n<\/ul>\n\n\n\n<p>Quest&#8217;anno con queste difficolt\u00e0 ambientali abbiamo notato che il nostro verde non \u00e8 cos\u00ec florido coem gli altri anni e le iscrizioni al nostro Concorso non sono al momento cos\u00ec numerose. Approfitto di questo spazio per invitare la cittadinanza a partecipare in modo pi\u00f9 attivo a questa manifestazione che ci tengo a precisare organizziamo in citt\u00e0 da ben 17 anni.<\/p>\n\n\n\n<p>La Giuria sar\u00e0 composta da tre soci dell&#8217;Associazione: Saverio F. Iacobellis Presidente di Giuria giornalista e professore, la prof.ssa Mariolina Colucci, e Filippo Giordani andranno a visitare i posti iscritti in presenza venerd\u00ec 1\u00b0 settembre. Questi i criteri di valutazione: Composizione ed elementi di arredo, Luce e armonia cromatica, messaggio per la Sez. Foto coerenza al tema dei fiori.<\/p>\n\n\n\n<p>In questa settimana abbiamo inoltre, due importanti eventi: mercoled\u00ec 30 agosto nella sala Colafemmina alle ore 17.30 si terr\u00e0 la tavola rotonda sul tema \u201cColtivare la PACE fa bene. Eccome!\u201d con il prof. Eugenio Scardaccione, una personalit\u00e0 esuberante che ci coinvolger\u00e0 in un percorso: la pace non \u00e8 fine a s\u00e9 stessa ma aiuta a stare bene. Parleremo di benessere condiviso, la pace \u00e8 la base per vivere bene con se stessi e gli altri. Da non perdere l&#8217;intervento speciale vedremo un video di Sr Marilda Sportelli originaria di Acquaviva delle Fonti dal 2001 in Ciad in Missione.<\/p>\n\n\n\n<p>Un&#8217;esperienza concreta e reale di elementi di pace, ci racconta cosa \u00e8 per lei la pace in un posto molto martoriato dalla guerra e del suo progetto in aiuto delle ragazze di quel Paese.<\/p>\n\n\n\n<p>Spazi in fiore altre a rafforzare la mentalit\u00e0 ambientalista si pone tra gli obiettivi quello di valorizzare, ravvivare colorare le strade con il concorso vero e proprio (Balcone in fiore, la strada fiorita e un fiore di foto) vogliamo favorire un percorso culturale e scientifico.<\/p>\n\n\n\n<p>Il 2 settembre nell&#8217;atrio di Palazzo De Mari alle ore 20:30 si terr\u00e0 la Premiazione dei vincitori alle varie categorie di concorso, avremo un momento musicale insieme alle percussioni in cerchio con il mediatore musicale M\u00b0 Vincenzo Cantatore che ci coinvolger\u00e0 in modo interattivo. Suoneremo le percussioni tutti insieme, porter\u00e0 ben 35 strumenti, ci sar\u00e0 da mettersi in gioco e divertirsi, amiamo la convivialit\u00e0 e l&#8217;aspetto socializzante.<\/p>\n\n\n\n<p>Per saperne di pi\u00f9 clicca qui: <a href=\"https:\/\/www.tamborey.com\/2020\/01\/02\/drum-circle-puglia\/\">https:\/\/www.tamborey.com\/2020\/01\/02\/drum-circle-puglia\/<\/a><\/p>\n\n\n\n<figure class=\"wp-block-embed is-type-wp-embed is-provider-tamborey wp-block-embed-tamborey\"><div class=\"wp-block-embed__wrapper\">\n<blockquote class=\"wp-embedded-content\" data-secret=\"muVl8WsNce\"><a href=\"https:\/\/www.tamborey.com\/servizi\/la-voce-dei-tamburi\/\">LA VOCE DEI TAMBURI<\/a><\/blockquote><iframe loading=\"lazy\" class=\"wp-embedded-content\" sandbox=\"allow-scripts\" security=\"restricted\" style=\"position: absolute; clip: rect(1px, 1px, 1px, 1px);\" title=\"&#8220;LA VOCE DEI TAMBURI&#8221; &#8212; Tamborey\" src=\"https:\/\/www.tamborey.com\/servizi\/la-voce-dei-tamburi\/embed\/#?secret=DegsVH77mO#?secret=muVl8WsNce\" data-secret=\"muVl8WsNce\" width=\"600\" height=\"338\" frameborder=\"0\" marginwidth=\"0\" marginheight=\"0\" scrolling=\"no\"><\/iframe>\n<\/div><\/figure>\n\n\n\n<p><\/p>\n\n\n\n<p><\/p>\n\n\n\n<p>Si invita la cittadinanza alla partecipazione. Vi aspettiamo numerosi!\u201d<\/p>\n\n\n\n<figure class=\"wp-block-image size-large\"><img decoding=\"async\" width=\"705\" height=\"1024\" src=\"https:\/\/acquaviva.lavocedelpaese.info\/wp-content\/uploads\/2023\/08\/1b4650b3-6638-4a02-b090-02c49c05b336-705x1024.jpg\" alt=\"\" class=\"wp-image-2345\" \/><\/figure>\n","protected":false},"excerpt":{"rendered":"<p>Dal 28 agosto al 2 settembre 2023 ad Acquaviva delle Fonti Parte ufficialmente oggi luned\u00ec 28 agosto l&#8217;atteso evento di<\/p>\n","protected":false},"author":4,"featured_media":2345,"comment_status":"open","ping_status":"closed","sticky":false,"template":"","format":"standard","meta":{"colormag_page_container_layout":"default_layout","colormag_page_sidebar_layout":"default_layout","_monsterinsights_skip_tracking":false,"_monsterinsights_sitenote_active":false,"_monsterinsights_sitenote_note":"","_monsterinsights_sitenote_category":0,"footnotes":""},"categories":[5,6,30,28],"tags":[],"class_list":["post-2344","post","type-post","status-publish","format-standard","has-post-thumbnail","hentry","category-cultura","category-eventi","category-news","category-primo-piano"],"_links":{"self":[{"href":"https:\/\/acquaviva.lavocedelpaese.info\/index.php\/wp-json\/wp\/v2\/posts\/2344","targetHints":{"allow":["GET"]}}],"collection":[{"href":"https:\/\/acquaviva.lavocedelpaese.info\/index.php\/wp-json\/wp\/v2\/posts"}],"about":[{"href":"https:\/\/acquaviva.lavocedelpaese.info\/index.php\/wp-json\/wp\/v2\/types\/post"}],"author":[{"embeddable":true,"href":"https:\/\/acquaviva.lavocedelpaese.info\/index.php\/wp-json\/wp\/v2\/users\/4"}],"replies":[{"embeddable":true,"href":"https:\/\/acquaviva.lavocedelpaese.info\/index.php\/wp-json\/wp\/v2\/comments?post=2344"}],"version-history":[{"count":2,"href":"https:\/\/acquaviva.lavocedelpaese.info\/index.php\/wp-json\/wp\/v2\/posts\/2344\/revisions"}],"predecessor-version":[{"id":2350,"href":"https:\/\/acquaviva.lavocedelpaese.info\/index.php\/wp-json\/wp\/v2\/posts\/2344\/revisions\/2350"}],"wp:featuredmedia":[{"embeddable":true,"href":"https:\/\/acquaviva.lavocedelpaese.info\/index.php\/wp-json\/wp\/v2\/media\/2345"}],"wp:attachment":[{"href":"https:\/\/acquaviva.lavocedelpaese.info\/index.php\/wp-json\/wp\/v2\/media?parent=2344"}],"wp:term":[{"taxonomy":"category","embeddable":true,"href":"https:\/\/acquaviva.lavocedelpaese.info\/index.php\/wp-json\/wp\/v2\/categories?post=2344"},{"taxonomy":"post_tag","embeddable":true,"href":"https:\/\/acquaviva.lavocedelpaese.info\/index.php\/wp-json\/wp\/v2\/tags?post=2344"}],"curies":[{"name":"wp","href":"https:\/\/api.w.org\/{rel}","templated":true}]}}