{"id":2338,"date":"2023-08-26T15:15:00","date_gmt":"2023-08-26T15:15:00","guid":{"rendered":"https:\/\/acquaviva.lavocedelpaese.info\/?p=2338"},"modified":"2023-08-26T15:16:04","modified_gmt":"2023-08-26T15:16:04","slug":"netti-experience-dj-set-music-house","status":"publish","type":"post","link":"https:\/\/acquaviva.lavocedelpaese.info\/index.php\/2023\/08\/26\/netti-experience-dj-set-music-house\/","title":{"rendered":"Netti Experience- Dj Set Music House"},"content":{"rendered":"\n<p>Il 27 agosto ore 7.00 a Palazzo Marchesale di Santeramo in Colle<\/p>\n\n\n\n<p><\/p>\n\n\n\n<p>Francesco Netti \u00e8 stato un pittore dal grandissimo talento, dotato di una cultura smisurata e dalla spiccata curiosit\u00e0 per le cose del mondo. Ma \u00e8 stato anche altro: la sua vita \u00e8 stata costellata di viaggi esotici, relazioni appassionanti e\u2026 feste! Quanto al sapersi godere la vita, non \u00e8 stato secondo a nessuno\u2026 Fermatevi a guardare il quadro\u00a0<em>Dopo la festa (1864)<\/em>, o\u00a0<em>La carnevalata dei cocchieri (1877)<\/em>\u00a0entrambi esposti nella Pinacoteca Netti di Santeramo in Colle, in cui ritrae due balli in maschera (due dei tantissimi a cui partecip\u00f2) per farvi un\u2019idea\u2026<\/p>\n\n\n\n<p><em>Netti Experience-DJ SET: LA FESTA DOPO LA FESTA<\/em>&nbsp;\u00e8 un invito a conoscere il pittore anche sotto questa insolita veste. Dalle ore sette di domenica ventisette agosto, l\u2019Associazione Francesco Netti &#8211; APS allestisce nell\u2019atrio del Palazzo Marchesale un dj set di musica house, divanetti e una colazione in collaborazione con il Caff\u00e8 Italiano per introdurre ai meravigliosi quadri della mostra, in un modo un po\u2019 inconsueto.<\/p>\n\n\n\n<p>Per una volta, si potr\u00e0 assumere lo sguardo del Netti&nbsp;<em>viveur<\/em>, pi\u00f9 che del Netti pittore, mentre se ne contemplano i quadri.<\/p>\n\n\n\n<p>La mostra, aperta in maniera del tutto eccezionale alle prime ore del giorno, sar\u00e0 visitabile sempre in forma gratuita, con l\u2019inedita luce del mattino a illuminare le opere.<\/p>\n\n\n\n<p>Evento per tutti, espressamente pensato per:<\/p>\n\n\n\n<ul class=\"wp-block-list\">\n<li>Comitive prossime a lasciare Santeramo alla volta del mare pi\u00f9 vicino;<\/li>\n\n\n\n<li>Mattinieri;<\/li>\n\n\n\n<li>Amanti dell\u2019arte e del sole appena sorto;<\/li>\n<\/ul>\n\n\n\n<p>e soprattutto per:<\/p>\n\n\n\n<ul class=\"wp-block-list\">\n<li>Ragazzi di ritorno da un&nbsp;<em>lunghissimo<\/em>&nbsp;sabato sera, che troveranno ne La&nbsp;<em>festa dopo la festa<\/em>&nbsp;un modo per chiudere degnamente la nottata (o iniziare la giornata, se si ha ancora qualche forza residua).<\/li>\n<\/ul>\n\n\n\n<p>Il genio, il talento, e la cultura possono essere caratteri che, in uomo, ben si assemblano con la gioia di vivere, la spensieratezza e il rincorrere il piacere in molte possibili forme. Francesco Netti, anche in questo, c\u2019\u00e8 stato d\u2019esempio: non sarebbe forse stato il pittore che tutti conosciamo se non avesse affrontato in maniera cos\u00ec aperta e vitale le occasioni che il mondo gli ha offerto!<\/p>\n\n\n\n<figure class=\"wp-block-image size-full\"><img decoding=\"async\" width=\"454\" height=\"800\" src=\"https:\/\/acquaviva.lavocedelpaese.info\/wp-content\/uploads\/2023\/08\/Francesco_Netti_DJ_SET-1.jpg\" alt=\"\" class=\"wp-image-2342\" srcset=\"https:\/\/acquaviva.lavocedelpaese.info\/wp-content\/uploads\/2023\/08\/Francesco_Netti_DJ_SET-1.jpg 454w, https:\/\/acquaviva.lavocedelpaese.info\/wp-content\/uploads\/2023\/08\/Francesco_Netti_DJ_SET-1-170x300.jpg 170w\" sizes=\"(max-width: 454px) 100vw, 454px\" \/><\/figure>\n","protected":false},"excerpt":{"rendered":"<p>Il 27 agosto ore 7.00 a Palazzo Marchesale di Santeramo in Colle Francesco Netti \u00e8 stato un pittore dal grandissimo<\/p>\n","protected":false},"author":4,"featured_media":2339,"comment_status":"open","ping_status":"closed","sticky":false,"template":"","format":"standard","meta":{"colormag_page_container_layout":"default_layout","colormag_page_sidebar_layout":"default_layout","_monsterinsights_skip_tracking":false,"_monsterinsights_sitenote_active":false,"_monsterinsights_sitenote_note":"","_monsterinsights_sitenote_category":0,"footnotes":""},"categories":[5,6,30],"tags":[],"class_list":["post-2338","post","type-post","status-publish","format-standard","has-post-thumbnail","hentry","category-cultura","category-eventi","category-news"],"_links":{"self":[{"href":"https:\/\/acquaviva.lavocedelpaese.info\/index.php\/wp-json\/wp\/v2\/posts\/2338","targetHints":{"allow":["GET"]}}],"collection":[{"href":"https:\/\/acquaviva.lavocedelpaese.info\/index.php\/wp-json\/wp\/v2\/posts"}],"about":[{"href":"https:\/\/acquaviva.lavocedelpaese.info\/index.php\/wp-json\/wp\/v2\/types\/post"}],"author":[{"embeddable":true,"href":"https:\/\/acquaviva.lavocedelpaese.info\/index.php\/wp-json\/wp\/v2\/users\/4"}],"replies":[{"embeddable":true,"href":"https:\/\/acquaviva.lavocedelpaese.info\/index.php\/wp-json\/wp\/v2\/comments?post=2338"}],"version-history":[{"count":2,"href":"https:\/\/acquaviva.lavocedelpaese.info\/index.php\/wp-json\/wp\/v2\/posts\/2338\/revisions"}],"predecessor-version":[{"id":2343,"href":"https:\/\/acquaviva.lavocedelpaese.info\/index.php\/wp-json\/wp\/v2\/posts\/2338\/revisions\/2343"}],"wp:featuredmedia":[{"embeddable":true,"href":"https:\/\/acquaviva.lavocedelpaese.info\/index.php\/wp-json\/wp\/v2\/media\/2339"}],"wp:attachment":[{"href":"https:\/\/acquaviva.lavocedelpaese.info\/index.php\/wp-json\/wp\/v2\/media?parent=2338"}],"wp:term":[{"taxonomy":"category","embeddable":true,"href":"https:\/\/acquaviva.lavocedelpaese.info\/index.php\/wp-json\/wp\/v2\/categories?post=2338"},{"taxonomy":"post_tag","embeddable":true,"href":"https:\/\/acquaviva.lavocedelpaese.info\/index.php\/wp-json\/wp\/v2\/tags?post=2338"}],"curies":[{"name":"wp","href":"https:\/\/api.w.org\/{rel}","templated":true}]}}