{"id":2314,"date":"2023-08-22T17:27:27","date_gmt":"2023-08-22T17:27:27","guid":{"rendered":"https:\/\/acquaviva.lavocedelpaese.info\/?p=2314"},"modified":"2023-08-22T17:27:27","modified_gmt":"2023-08-22T17:27:27","slug":"volleyup-acquaviva-unaltra-giovane-acquavivese-promossa-in-serie-c","status":"publish","type":"post","link":"https:\/\/acquaviva.lavocedelpaese.info\/index.php\/2023\/08\/22\/volleyup-acquaviva-unaltra-giovane-acquavivese-promossa-in-serie-c\/","title":{"rendered":"Volleyup Acquaviva: un&#8217;altra giovane acquavivese promossa in serie C"},"content":{"rendered":"\n<p><\/p>\n\n\n\n<p><\/p>\n\n\n\n<p>Si arricchisce con un\u2019altra ragazza acquavivese il roster VOLLEYUP in vista del Campionato Nazionale di 1\u00b0 livello serie C femminile: si tratta del centrale Sara Belgiorno.<\/p>\n\n\n\n<p>L\u2019atleta acquavivese classe 2007, prodotto del vivaio della societ\u00e0 del Presidente Convertini, pratica pallavolo dall\u2019et\u00e0 di 7 anni.<\/p>\n\n\n\n<p>Lo scorso anno ha acquisito fondamentale esperienza con la compagine guidata da mister Antonio Bruno nel campionato under 18 ed in quello di 1\u00aa divisione femminile e si \u00e8 messa in evidenza conquistando il titolo di campionessa territoriale Bari-Foggia e vicecampionessa regionale nella categoria under 16 femminile con la divisa della VOLLEYUP&amp;LEONESSA.&nbsp;<\/p>\n\n\n\n<p>Per il Direttore Sportivo Giuseppe Petrelli, \u201cSara \u00e8, assieme ad altre atlete, tra i nostri fiori all&#8217;occhiello del settore giovanile. Sta affrontando le giuste esperienze per la sua crescita. Il suo atteggiamento propositivo e i suoi sorrisi stanno facendo la differenza. Lei rappresenta il futuro della nostra societ\u00e0, per Lei \u00e8 alle porte una stagione impegnativa che sono certo sar\u00e0 in grado di affrontare al meglio.&#8221;<\/p>\n\n\n\n<p>\u201cAmo la pallavolo, \u00e8 nel mio cuore. Sono pronta a cominciare questa nuova stagione. Ringrazio la societ\u00e0 per questa bellissima opportunit\u00e0! Mi impegner\u00f2 al massimo per crescere insieme alla squadra\u201d, precisa la libellula acquavivese.<\/p>\n\n\n\n<p>In bocca al lupo Sara.<\/p>\n\n\n\n<p><\/p>\n\n\n\n<figure class=\"wp-block-image size-full\"><img decoding=\"async\" width=\"600\" height=\"800\" src=\"https:\/\/acquaviva.lavocedelpaese.info\/wp-content\/uploads\/2023\/08\/sara1.jpg\" alt=\"\" class=\"wp-image-2315\" srcset=\"https:\/\/acquaviva.lavocedelpaese.info\/wp-content\/uploads\/2023\/08\/sara1.jpg 600w, https:\/\/acquaviva.lavocedelpaese.info\/wp-content\/uploads\/2023\/08\/sara1-225x300.jpg 225w\" sizes=\"(max-width: 600px) 100vw, 600px\" \/><\/figure>\n\n\n\n<figure class=\"wp-block-image size-full\"><img decoding=\"async\" width=\"1000\" height=\"668\" src=\"https:\/\/acquaviva.lavocedelpaese.info\/wp-content\/uploads\/2023\/08\/sara2.jpg\" alt=\"\" class=\"wp-image-2316\" srcset=\"https:\/\/acquaviva.lavocedelpaese.info\/wp-content\/uploads\/2023\/08\/sara2.jpg 1000w, https:\/\/acquaviva.lavocedelpaese.info\/wp-content\/uploads\/2023\/08\/sara2-300x200.jpg 300w, https:\/\/acquaviva.lavocedelpaese.info\/wp-content\/uploads\/2023\/08\/sara2-768x513.jpg 768w\" sizes=\"(max-width: 1000px) 100vw, 1000px\" \/><\/figure>\n\n\n\n<figure class=\"wp-block-image size-full\"><img decoding=\"async\" width=\"534\" height=\"800\" src=\"https:\/\/acquaviva.lavocedelpaese.info\/wp-content\/uploads\/2023\/08\/sara3.jpg\" alt=\"\" class=\"wp-image-2317\" srcset=\"https:\/\/acquaviva.lavocedelpaese.info\/wp-content\/uploads\/2023\/08\/sara3.jpg 534w, https:\/\/acquaviva.lavocedelpaese.info\/wp-content\/uploads\/2023\/08\/sara3-200x300.jpg 200w\" sizes=\"(max-width: 534px) 100vw, 534px\" \/><\/figure>\n\n\n\n<figure class=\"wp-block-image size-full\"><img decoding=\"async\" width=\"1000\" height=\"563\" src=\"https:\/\/acquaviva.lavocedelpaese.info\/wp-content\/uploads\/2023\/08\/sara4.jpg\" alt=\"\" class=\"wp-image-2318\" srcset=\"https:\/\/acquaviva.lavocedelpaese.info\/wp-content\/uploads\/2023\/08\/sara4.jpg 1000w, https:\/\/acquaviva.lavocedelpaese.info\/wp-content\/uploads\/2023\/08\/sara4-300x169.jpg 300w, https:\/\/acquaviva.lavocedelpaese.info\/wp-content\/uploads\/2023\/08\/sara4-768x432.jpg 768w\" sizes=\"(max-width: 1000px) 100vw, 1000px\" \/><\/figure>\n","protected":false},"excerpt":{"rendered":"<p>Si arricchisce con un\u2019altra ragazza acquavivese il roster VOLLEYUP in vista del Campionato Nazionale di 1\u00b0 livello serie C femminile:<\/p>\n","protected":false},"author":4,"featured_media":2319,"comment_status":"open","ping_status":"closed","sticky":false,"template":"","format":"standard","meta":{"colormag_page_container_layout":"default_layout","colormag_page_sidebar_layout":"default_layout","_monsterinsights_skip_tracking":false,"_monsterinsights_sitenote_active":false,"_monsterinsights_sitenote_note":"","_monsterinsights_sitenote_category":0,"footnotes":""},"categories":[33,15],"tags":[],"class_list":["post-2314","post","type-post","status-publish","format-standard","has-post-thumbnail","hentry","category-spalla","category-sport"],"_links":{"self":[{"href":"https:\/\/acquaviva.lavocedelpaese.info\/index.php\/wp-json\/wp\/v2\/posts\/2314","targetHints":{"allow":["GET"]}}],"collection":[{"href":"https:\/\/acquaviva.lavocedelpaese.info\/index.php\/wp-json\/wp\/v2\/posts"}],"about":[{"href":"https:\/\/acquaviva.lavocedelpaese.info\/index.php\/wp-json\/wp\/v2\/types\/post"}],"author":[{"embeddable":true,"href":"https:\/\/acquaviva.lavocedelpaese.info\/index.php\/wp-json\/wp\/v2\/users\/4"}],"replies":[{"embeddable":true,"href":"https:\/\/acquaviva.lavocedelpaese.info\/index.php\/wp-json\/wp\/v2\/comments?post=2314"}],"version-history":[{"count":1,"href":"https:\/\/acquaviva.lavocedelpaese.info\/index.php\/wp-json\/wp\/v2\/posts\/2314\/revisions"}],"predecessor-version":[{"id":2320,"href":"https:\/\/acquaviva.lavocedelpaese.info\/index.php\/wp-json\/wp\/v2\/posts\/2314\/revisions\/2320"}],"wp:featuredmedia":[{"embeddable":true,"href":"https:\/\/acquaviva.lavocedelpaese.info\/index.php\/wp-json\/wp\/v2\/media\/2319"}],"wp:attachment":[{"href":"https:\/\/acquaviva.lavocedelpaese.info\/index.php\/wp-json\/wp\/v2\/media?parent=2314"}],"wp:term":[{"taxonomy":"category","embeddable":true,"href":"https:\/\/acquaviva.lavocedelpaese.info\/index.php\/wp-json\/wp\/v2\/categories?post=2314"},{"taxonomy":"post_tag","embeddable":true,"href":"https:\/\/acquaviva.lavocedelpaese.info\/index.php\/wp-json\/wp\/v2\/tags?post=2314"}],"curies":[{"name":"wp","href":"https:\/\/api.w.org\/{rel}","templated":true}]}}