{"id":2300,"date":"2023-08-20T15:53:52","date_gmt":"2023-08-20T15:53:52","guid":{"rendered":"https:\/\/acquaviva.lavocedelpaese.info\/?p=2300"},"modified":"2023-08-21T15:24:49","modified_gmt":"2023-08-21T15:24:49","slug":"festeggiamenti-in-onore-maria-ss-di-costantinopoli","status":"publish","type":"post","link":"https:\/\/acquaviva.lavocedelpaese.info\/index.php\/2023\/08\/20\/festeggiamenti-in-onore-maria-ss-di-costantinopoli\/","title":{"rendered":"Festeggiamenti in onore Maria SS. di Costantinopoli"},"content":{"rendered":"\n<p>A colloquio con il Vice Presidente del Comitato Feste Patronali di Acquaviva delle Fonti<\/p>\n\n\n\n<p>di Isabella Giorgio<\/p>\n\n\n\n<p>Siamo qui questa sera ai piedi della torre dell&#8217;Orologio sede del Comitato Feste Patronali con il vice presidente Dott. <strong>Angelo Lovecchio<\/strong>, il tesoriere <strong>Antonio Panunzio <\/strong>e alcuni componenti. Fervono i preparativi per gli imminenti festeggiamenti in onore della Maria SS. di Costantinopoli, protettrice di Acquaviva delle Fonti previsti dal 2 al 6 settembre.<\/p>\n\n\n\n<figure class=\"wp-block-image size-full\"><img decoding=\"async\" width=\"600\" height=\"800\" src=\"https:\/\/acquaviva.lavocedelpaese.info\/wp-content\/uploads\/2023\/08\/IMG_20230817_componenti-comitato-feste-patronali-1.jpg\" alt=\"\" class=\"wp-image-2303\" srcset=\"https:\/\/acquaviva.lavocedelpaese.info\/wp-content\/uploads\/2023\/08\/IMG_20230817_componenti-comitato-feste-patronali-1.jpg 600w, https:\/\/acquaviva.lavocedelpaese.info\/wp-content\/uploads\/2023\/08\/IMG_20230817_componenti-comitato-feste-patronali-1-225x300.jpg 225w\" sizes=\"(max-width: 600px) 100vw, 600px\" \/><\/figure>\n\n\n\n<p>Incuriositi rivolgiamo loro qualche domanda per conoscere i dettagli e comunicare ai lettori de &#8220;LA VOCE DEL PAESE&#8221; il Programma. <strong>Come vi state muovendo? Quali sono le difficolt\u00e0 e criticit\u00e0 che state riscontrando? Entriamo nel dettaglio del programma, quali le novit\u00e0?<\/strong><\/p>\n\n\n\n<p>&#8220;Come ogni anno \u2013 ci dice prontamente Angelo Lovecchio- il 1\u00b0 marted\u00ec di settembre si festeggia la Madonna di Costantinopoli che \u00e8 la protettrice della nostra Citt\u00e0&#8221;.<\/p>\n\n\n\n<p>&#8220;Ci stiamo preparando a celebrare i 400 anni della dedicazione della Concattedrale, il 26 novembre 2023- ha scritto nel suo messaggio Mons. Domenico Giannuzzi, parroco e Presidente del Comitato Feste Patronali.- Per noi questo \u00e8 un Anno Giubilare caratterizzato dalla gioia e dalla riscoperta della fede da una memoria che si rinnova ogni giorno. La Festa Patronale sar\u00e0 preparata dal triduo presieduto da tre vescovi della nostra Regione che ci accompagneranno nella riflessione su &#8216;Maria e la Chiesa&#8217; alla luce del documento conciliare sulla Chiesa Lumen Gentium&#8221;.<\/p>\n\n\n\n<p>&#8220;Come nel passato, in occasioni speciali- precisa Lovecchio- quest&#8217;anno sar\u00e0 portata in processione per le vie della citt\u00e0 l&#8217;icona della Madonna di Costantinopoli custodita nella cripta della cattedrale. Abbiamo gi\u00e0 iniziato a smontarla dall&#8217;altare argenteo, durante la festa e nell&#8217;ottavario successivo sar\u00e0 esposta alla venerazione dei fedeli.<\/p>\n\n\n\n<p><strong>Luned\u00ec 21 agosto<\/strong> c&#8217;\u00e8 la <strong>tradizionale Fiera delle Merci<\/strong>. Quest&#8217;anno verr\u00e0 effettuata nell&#8217;area mercatale dove si svolge il mercato settimane come disposto dall&#8217;amministrazione comunale dalla mattina alla sera. In quell&#8217;occasione saremo presenti con il gazebo per la vendita dei biglietti della tradizionele Lotteria a premi in modo da consentire alle famiglie di sostenere la festa. Purtroppo ci siamo resi conto che la tradizionale questua non sta avendo molti riscontri, molti lavorando non sono in casa. Stiamo avendo difficolt\u00e0, non si riesce a raccogliere fondi a sufficienza quest&#8217;anno siamo anche in pochi. Vi anticipo che alla fine della festa lanceremo un appello. &#8220;Siamo alla ricerca di nuove leve- interviene il tesoriere Panunzio- auspichiamo un ricambio generazionale&#8221;. &#8220;Perch\u00e9 no, idee nuove, un modo diverso per approcciare l&#8217;organizzazione della festa, c&#8217;\u00e8 bisogno di maggiore collaborazione- riprende Angelo Lovecchio. Da gennaio si presenta una semplice domandina in modo spontaneo e gratuito, non c&#8217;\u00e8 alcun tesseramento: basta avere dai 18 anni in su e voler offrire un po&#8217; di tempo alla Madonna&#8221;.<\/p>\n\n\n\n<figure class=\"wp-block-image size-full\"><img decoding=\"async\" width=\"571\" height=\"800\" src=\"https:\/\/acquaviva.lavocedelpaese.info\/wp-content\/uploads\/2023\/08\/Copertina-libre-tto-2023.jpg\" alt=\"\" class=\"wp-image-2304\" srcset=\"https:\/\/acquaviva.lavocedelpaese.info\/wp-content\/uploads\/2023\/08\/Copertina-libre-tto-2023.jpg 571w, https:\/\/acquaviva.lavocedelpaese.info\/wp-content\/uploads\/2023\/08\/Copertina-libre-tto-2023-214x300.jpg 214w\" sizes=\"(max-width: 571px) 100vw, 571px\" \/><\/figure>\n\n\n\n<p><strong>Entriamo nel dettaglio del Programma&#8230;<\/strong><\/p>\n\n\n\n<p>\u201cPer il il <strong>Triduo di Preparazione (2-3-4 settembre 2023) <\/strong>Don Mimmo Giannuzzi ha invitato dei Vescovi, verr\u00e0 montato un palco in piazza dei Martiri del 1799.<\/p>\n\n\n\n<p>Sabato 2 settembre alle ore 19.00 la Santa Messa sar\u00e0 presieduta da S. E. Mons. Franco Moscone arcivescovo di Manfredonia &#8211; Vieste- San Giovanni Rotondo.<\/p>\n\n\n\n<p>Domenica 3 settembre per il secondo giorno di triduo alle ore 19.00 la Santa Messa sar\u00e0 presiduta da S.E, Mons. Luigi Mansi, Vescovo di Andria.<\/p>\n\n\n\n<p>Luned\u00ec 4 settembre alle ore 19.00 verr\u00e0 invece S.E. Mons. Giovanni Intini, Vecovo di Brindisi-Ostuni.<\/p>\n\n\n\n<p>Alle ore 20.00 i Vespri Solenni con il Capitolo Concattedrale \u2013 Omaggio all&#8217;Icona della Madonna di Costantinopoli.<\/p>\n\n\n\n<p>Domenica 3 settembre: Sante Messe in Cattedrale ore: 9.00 \u2013 10.15- 11.30.<\/p>\n\n\n\n<p>Alle 12: 30 si terr\u00e0 l&#8217;intronizzazione dell&#8217;immagine della Madonna di Costantinopoli.<\/p>\n\n\n\n<p>Alle 20:00 la tradizionale rievocazione storica dell&#8217;ingresso dell&#8217;icona della Madonna nella Citt\u00e0 di Acquaviva delle Fonti.<\/p>\n\n\n\n<p><em>&#8220;Secondo la leggenda l&#8217;icona mariana, giunta da Costantinopoli via mare, venne rinvenuta da due acquavivesi recatisi a Bari e fu portata in paese su di un carro trainato da due buoi, poi accolta dai marchesi di Acquaviva.<\/em><\/p>\n\n\n\n<p><em>Il corteo partir\u00e0 da Palazzo De Mari (p.zza Maria SS. Di Costantinopoli) da qui si muove il gruppo dei cortigiani i Signori di Acquaviva (famiglia Calvo) e le famiglie notabili e nobili acquavivesi (gli Amapani, Coriolano, i baroni Molignani magistratie dottori di corte molto devoti alla Protettrice.<\/em><\/p>\n\n\n\n<p><em>Da via Bari arriva il carro con l&#8217;icona della Beata Vergine trainato da buoi e accompagnato da coloni e popolani. All&#8217;incrocio tra via Bari e piazza Garibaldi punto che ricorda el porte di ingresso nel borgo antico della citt\u00e0 il Marchese e la sua sposa accolgono e rendono omaggio alla Vergine quindi formano un unico corteo che compiendo il giro della citt\u00e0 invita tutti i cittadini a renderle omaggio. Giunti in piazza dei Martini dinanzi la Cattedrale il Marchese volendo sotttolineare la devozione in onore della Madonna concede la festa di corte con esibizione degli sbandieratori&#8221;<\/em>.<\/p>\n\n\n\n<p>Quest&#8217;anno avremo \u2013 precisa Angelo Lovecchio- la presenza di diverse associazioni: &#8216;Timpanisti Fajanensis&#8217; di Fasano (Br), Gruppo Sbandieratori e Musici Citt\u00e0 di Oria (Br), Studio Danza Classica e Moderna, figuranti della&#8217;Associazione &#8216;Rosa di Jericho&#8217; di Mola di Bari, figuranti di San Nicola di Bari&#8221;.<\/p>\n\n\n\n<p><strong>Per quanto riguarda le bande musicali, invece?<\/strong><\/p>\n\n\n\n<p>&#8220;Ci saranno tre concerti bandistici: la domenica mattina 3 settembre avremo il <strong>Classico Concerto Bandistico Lirico-Sinfonico della Citt\u00e0 di Gravina in Puglia diretto dal M\u00b0 Emilio Silvestri<\/strong>. Far\u00e0 uno spettacolo musicale un po&#8217; diverso dal solito ci sar\u00e0 la presenza di un soprano e un tenore.<\/p>\n\n\n\n<p>Marted\u00ec 5 settembre per tutta la giornata si esibir\u00e0 sulla Cassarmonica sia la mattina alle ore 9:00 che alle ore 18:00 la <strong>Grande Orchestra di Fiati \u201cG. Ligonzo\u201d Citt\u00e0 di Conversano diretta dal M\u00b0 Angelo Schirinzi<\/strong>.<\/p>\n\n\n\n<p>Sante Messe in Cattedrale ore: 9.00 -10.15 \u2013 11.30 \u2013 17.30.<\/p>\n\n\n\n<p>Alle ore 19:00 la solenne concelebrazione eucaristica presieduta dal nostro Arcivescovo S.E. Mons. Giovanni Ricchiuti in piazza dei Martiri del 1799.<\/p>\n\n\n\n<p>Seguir\u00e0 la processione dell&#8217;icona della Madonna di Costantinopoli per le vie della citt\u00e0. Intorno alla mezzanotte il lancio della Mongolfiera a cura della Famiglia D&#8217;Al\u00f2 e a seguire intorno all&#8217;1:00 in contrada San Benedetto i fuochi d&#8217;artificio sulla via di Sannicandro.<\/p>\n\n\n\n<p>Mercoled\u00ec 6 settembre orario delle Sante Messe in Cattedrale ore 9.00 \u2013 19.00.<\/p>\n\n\n\n<p>Esibizione in Cassarmonica del <strong>Premiato Storico Gran Concerto Bandistico \u201cF. Fenaroli\u201d Citt\u00e0 di Lanciano diretta dal M\u00b0 Leonardo Quadrini<\/strong> sia la mattina alle ore 9.00 che alle ore 18.00.<\/p>\n\n\n\n<p>Alle 20.30 ci sar\u00e0 la processione dell&#8217;icona della Madonna verso la chiesa di San Francesco e inizio della peregrinatio Mariae presso tutte le Parrochie di Acquaviva delle Fonti secondo il calendario definito dai parroci. Rientrer\u00e0 in Cattedrale al termine dell&#8217;ottavario il 12 settembre giorno di S. Maria.<\/p>\n\n\n\n<p>Approfitto di questo spazio per ribadire che dobbiamo dare ora un maggiore sforzo, solleticare chi non ci ha ancora pensato a offrire un proprio contributo affinch\u00e9 con generosit\u00e0 e profonda devozione nei confronti della Madonna possiamo realizzare nel migliore dei modi la nostra festa patronale. Ci trovate in piazza dei Martiri a mattina dopo le 10.30 e la sera dopo le 18.00. Luned\u00ec 21 saremo in fiera e domenica il 27 agosto in tutte le Parrocchie in tutte le S. Messe. Questo esperimento \u00e8 stato fatto a San Eustachio, \u00e8 stato produttivo e lo ripeteremo a ridosso della festa patronale. I giorni della festa ci troverete anche in piazza Vittorio Emanuele II sotto il gazebo. Questo \u00e8 pi\u00f9 o meno a grandi linee il programma che abbiamo predisposto&#8221;.<\/p>\n\n\n\n<p><strong>Accennavi alla lotteria spiegaci meglio&#8230;<\/strong><\/p>\n\n\n\n<p>&#8220;Il biglietto ha un costo minimo di 5 euro. Ecco i Premi di quest&#8217;anno: Console di vetro curvato, una biciletta, un TV LED 40 pollici, un buono da un centro estetico e un buono da un parrucchiere.  I biglietti servono a tracciare il denaro raccolto che il nostro tesoriere versa in banca.<\/p>\n\n\n\n<p>In passato si \u00e8 un po&#8217; fantasticato, si \u00e8 pensato che una quota va poi a finire alla Cattedrale. Una cosa \u00e8 il Comitato Feste e altra cosa \u00e8 la Cattedrale a livello economico. Don Mimmo Giannuzzi ha previsto proprio la figura del vice presidente laico. Nell&#8217;organizzazione della festa patronale il discorso religioso \u00e8 curato dai parroci, quello civile \u00e8 demandato ai membri del Comitato e a me nello specifico la raccolta degli sponsor e la cura degli adempimenti burocratici. Alessandro Abrusci \u00e8 il nostro graphic desig. <\/p>\n\n\n\n<p>L&#8217;Amministrazione Comunale ci dar\u00e0 un contributo economico che da solo non riesce a coprire la maggior parte delle spese. A mio avviso devono provenire invece dai cittadini e dal tessuto produttivo di Acquaviva delle Fonti. Quest&#8217;anno per la prima volta siamo anche riusciti a coinvolgere anche la Zona industriale con notevoli difficolt\u00e0. Ringrazio quanti finora ci stanno sostenendo e incoraggiando attraverso il loro contributo economico.<\/p>\n\n\n\n<p>A febbraio ho firmato dei contratti e mi sono impegnato con delle spese e in cassa avevo zero. Fino al 31 maggio l&#8217;UTC aveva stabilito che piazza Vittorio Emanuele II era chiusa, a febbraio ho dato parola con le bande che dovevano stilare i propri calendari. Devi chiudere gli accordi nei tempi giusti. Mi chiedevano:&#8217;Dove suoneremo? E la Cassarmonica?&#8217; Si \u00e8 riusciti a risolvere temporaneamente, molto probabilmente al termine di questa festa patronale inizieranno i lavori. Speriamo che nel giro di un anno possano essere completati. Probabilmente l&#8217;anno prossimo bisogner\u00e0 organizzare la festa in modo differente.<\/p>\n\n\n\n<p>Ne parlavo con l&#8217;Amministrazione Comunale nei giorni scorsi dobbiamo un po&#8217; tutti quanti riscoprire l&#8217;orgoglio di essere acquavivesi&#8230; &#8220;<\/p>\n\n\n\n<p><strong>Ritieni che negli ultimi tempi il senso identitario manchi?<\/strong> <strong>\u00e8 qualcosa che va certamente costruito durante tutto l&#8217;anno, entrando nelle scuole, associazioni, parrocchie, perch\u00e9 no anche aprendo le porte dello Stesso Comitato Feste Patronali, costituire tavoli di concertazione e incontri pubblici&#8230;<\/strong><\/p>\n\n\n\n<p>&#8220;Nel nostro piccolo ognuno dovrebbe dare il proprio contributo, l&#8217;augurio che io faccio a me e agli agli altri membri del Comitato Feste Patronali in questi cinque anni \u00e8 di riuscire ad invertire un po&#8217; la rotta. Non ho certo la pretesa di farlo gi\u00e0 dal primo anno, per\u00f2 mi \u00e8 dispiaciuto sentire gli anni scorsi che molti acquavivesi si allontanano dalla citt\u00e0 proprio in quei giorni. Secondo me non \u00e8 una cosa condivisibile la rispetto per\u00f2.&#8221;<\/p>\n\n\n\n<p><strong>Sarebbe interessante approfondire il fenomeno a livello sociologico&#8230;<\/strong><\/p>\n\n\n\n<p>&#8220;Pi\u00f9 di qualcuno il marted\u00ec della Madonna se ne va al mare&#8230; io non voglio condannare la scelta, c&#8217;\u00e8 anche chi non ha nessun interesse e va rispettato, mi dispiace per\u00f2 che poi siano proprio quelle persone a fare la critica. L&#8217;anno scorso ho chiesto &#8216;ma tu hai dato un contributo al Comitato Feste Patronali per la buona riuscita dei festeggiamenti? No. E allora??<\/p>\n\n\n\n<p>Quello secondo me \u00e8 un aspetto su cui bisogna lavorare, si potrebbe stimolare un po&#8217; la riflessione, il mio augurio \u00e8 che la nostra festa patronale possa essere un momento di aggregazione cittadina, sentire un po&#8217; di pi\u00f9 il piacere dello stare insieme. Qualcuno mi dice tu sei un nostalgico, pu\u00f2 essere pure, mi piacerebbe tornare a vedere via Roma piena come nel passato.<\/p>\n\n\n\n<p><strong>E il Luna-Park dove sar\u00e0 ospitato? Ci saranno le bancarelle?<\/strong><\/p>\n\n\n\n<p>&#8220;Il tradizionale luna-park sar\u00e0 con le giostre dei pi\u00f9 piccoli in piazza Garibaldi e quelle per gli adulti in via della Repubblica (Quartiere San Giuseppe, ex zona 167). S\u00ec, ci saranno le bancarelle, nei limiti del possibile cercheremo di pedonalizzare anche via Roma. Oltre alle transenne ci saranno delle persone ai diversi varchi per consentire il rispetto dell&#8217;ordinanza.<\/p>\n\n\n\n<figure class=\"wp-block-image size-full\"><img decoding=\"async\" width=\"590\" height=\"800\" src=\"https:\/\/acquaviva.lavocedelpaese.info\/wp-content\/uploads\/2023\/08\/piantina-attrazioni-festa-patronale.jpg\" alt=\"\" class=\"wp-image-2305\" srcset=\"https:\/\/acquaviva.lavocedelpaese.info\/wp-content\/uploads\/2023\/08\/piantina-attrazioni-festa-patronale.jpg 590w, https:\/\/acquaviva.lavocedelpaese.info\/wp-content\/uploads\/2023\/08\/piantina-attrazioni-festa-patronale-221x300.jpg 221w\" sizes=\"(max-width: 590px) 100vw, 590px\" \/><\/figure>\n\n\n\n<figure class=\"wp-block-image size-full\"><img decoding=\"async\" width=\"555\" height=\"765\" src=\"https:\/\/acquaviva.lavocedelpaese.info\/wp-content\/uploads\/2023\/08\/Percorso-corteo-storico.jpg\" alt=\"\" class=\"wp-image-2306\" srcset=\"https:\/\/acquaviva.lavocedelpaese.info\/wp-content\/uploads\/2023\/08\/Percorso-corteo-storico.jpg 555w, https:\/\/acquaviva.lavocedelpaese.info\/wp-content\/uploads\/2023\/08\/Percorso-corteo-storico-218x300.jpg 218w\" sizes=\"(max-width: 555px) 100vw, 555px\" \/><\/figure>\n\n\n\n<figure class=\"wp-block-image size-full\"><img decoding=\"async\" width=\"1000\" height=\"699\" src=\"https:\/\/acquaviva.lavocedelpaese.info\/wp-content\/uploads\/2023\/08\/Percorso-Processione.jpg\" alt=\"\" class=\"wp-image-2307\" srcset=\"https:\/\/acquaviva.lavocedelpaese.info\/wp-content\/uploads\/2023\/08\/Percorso-Processione.jpg 1000w, https:\/\/acquaviva.lavocedelpaese.info\/wp-content\/uploads\/2023\/08\/Percorso-Processione-300x210.jpg 300w, https:\/\/acquaviva.lavocedelpaese.info\/wp-content\/uploads\/2023\/08\/Percorso-Processione-768x537.jpg 768w, https:\/\/acquaviva.lavocedelpaese.info\/wp-content\/uploads\/2023\/08\/Percorso-Processione-130x90.jpg 130w\" sizes=\"(max-width: 1000px) 100vw, 1000px\" \/><\/figure>\n\n\n\n<figure class=\"wp-block-image size-full\"><img decoding=\"async\" width=\"1000\" height=\"698\" src=\"https:\/\/acquaviva.lavocedelpaese.info\/wp-content\/uploads\/2023\/08\/concerti-bandistici-e-luna-park.jpg\" alt=\"\" class=\"wp-image-2308\" srcset=\"https:\/\/acquaviva.lavocedelpaese.info\/wp-content\/uploads\/2023\/08\/concerti-bandistici-e-luna-park.jpg 1000w, https:\/\/acquaviva.lavocedelpaese.info\/wp-content\/uploads\/2023\/08\/concerti-bandistici-e-luna-park-300x209.jpg 300w, https:\/\/acquaviva.lavocedelpaese.info\/wp-content\/uploads\/2023\/08\/concerti-bandistici-e-luna-park-768x536.jpg 768w, https:\/\/acquaviva.lavocedelpaese.info\/wp-content\/uploads\/2023\/08\/concerti-bandistici-e-luna-park-130x90.jpg 130w\" sizes=\"(max-width: 1000px) 100vw, 1000px\" \/><\/figure>\n\n\n\n<p><\/p>\n\n\n\n<figure class=\"wp-block-image size-full\"><img decoding=\"async\" width=\"600\" height=\"800\" src=\"https:\/\/acquaviva.lavocedelpaese.info\/wp-content\/uploads\/2023\/08\/IMG_20230817_193548_087.jpg\" alt=\"\" class=\"wp-image-2309\" srcset=\"https:\/\/acquaviva.lavocedelpaese.info\/wp-content\/uploads\/2023\/08\/IMG_20230817_193548_087.jpg 600w, https:\/\/acquaviva.lavocedelpaese.info\/wp-content\/uploads\/2023\/08\/IMG_20230817_193548_087-225x300.jpg 225w\" sizes=\"(max-width: 600px) 100vw, 600px\" \/><\/figure>\n","protected":false},"excerpt":{"rendered":"<p>A colloquio con il Vice Presidente del Comitato Feste Patronali di Acquaviva delle Fonti di Isabella Giorgio Siamo qui questa<\/p>\n","protected":false},"author":4,"featured_media":2302,"comment_status":"open","ping_status":"closed","sticky":false,"template":"","format":"standard","meta":{"colormag_page_container_layout":"default_layout","colormag_page_sidebar_layout":"default_layout","_monsterinsights_skip_tracking":false,"_monsterinsights_sitenote_active":false,"_monsterinsights_sitenote_note":"","_monsterinsights_sitenote_category":0,"footnotes":""},"categories":[2,6,28],"tags":[],"class_list":["post-2300","post","type-post","status-publish","format-standard","has-post-thumbnail","hentry","category-attualita","category-eventi","category-primo-piano"],"_links":{"self":[{"href":"https:\/\/acquaviva.lavocedelpaese.info\/index.php\/wp-json\/wp\/v2\/posts\/2300","targetHints":{"allow":["GET"]}}],"collection":[{"href":"https:\/\/acquaviva.lavocedelpaese.info\/index.php\/wp-json\/wp\/v2\/posts"}],"about":[{"href":"https:\/\/acquaviva.lavocedelpaese.info\/index.php\/wp-json\/wp\/v2\/types\/post"}],"author":[{"embeddable":true,"href":"https:\/\/acquaviva.lavocedelpaese.info\/index.php\/wp-json\/wp\/v2\/users\/4"}],"replies":[{"embeddable":true,"href":"https:\/\/acquaviva.lavocedelpaese.info\/index.php\/wp-json\/wp\/v2\/comments?post=2300"}],"version-history":[{"count":2,"href":"https:\/\/acquaviva.lavocedelpaese.info\/index.php\/wp-json\/wp\/v2\/posts\/2300\/revisions"}],"predecessor-version":[{"id":2313,"href":"https:\/\/acquaviva.lavocedelpaese.info\/index.php\/wp-json\/wp\/v2\/posts\/2300\/revisions\/2313"}],"wp:featuredmedia":[{"embeddable":true,"href":"https:\/\/acquaviva.lavocedelpaese.info\/index.php\/wp-json\/wp\/v2\/media\/2302"}],"wp:attachment":[{"href":"https:\/\/acquaviva.lavocedelpaese.info\/index.php\/wp-json\/wp\/v2\/media?parent=2300"}],"wp:term":[{"taxonomy":"category","embeddable":true,"href":"https:\/\/acquaviva.lavocedelpaese.info\/index.php\/wp-json\/wp\/v2\/categories?post=2300"},{"taxonomy":"post_tag","embeddable":true,"href":"https:\/\/acquaviva.lavocedelpaese.info\/index.php\/wp-json\/wp\/v2\/tags?post=2300"}],"curies":[{"name":"wp","href":"https:\/\/api.w.org\/{rel}","templated":true}]}}