{"id":2265,"date":"2023-08-10T11:33:00","date_gmt":"2023-08-10T11:33:00","guid":{"rendered":"https:\/\/acquaviva.lavocedelpaese.info\/?p=2265"},"modified":"2023-08-13T08:39:27","modified_gmt":"2023-08-13T08:39:27","slug":"volleyup-acquaviva-promossa-in-prima-squadra-la-palleggiatrice-federica-de-nicolo","status":"publish","type":"post","link":"https:\/\/acquaviva.lavocedelpaese.info\/index.php\/2023\/08\/10\/volleyup-acquaviva-promossa-in-prima-squadra-la-palleggiatrice-federica-de-nicolo\/","title":{"rendered":"Volleyup Acquaviva: promossa in prima squadra la palleggiatrice Federica De Nicol\u00f2"},"content":{"rendered":"\n<p><\/p>\n\n\n\n<p>Un giovanissimo talento VOLLEYUP si aggiunge al roster delle libellule per la stagione 2023\/2024 del Campionato Nazionale di 1\u00b0 livello serie C femminile: si tratta della palleggiatrice Federica De Nicol\u00f2.<\/p>\n\n\n\n<p>Lo scorso anno si \u00e8 messa in evidenza conquistando il titolo di campionessa territoriale Bari-Foggia e vicecampionessa regionale nella categoria under 16 femminile con la divisa della VOLLEYUP&amp;LEONESSA.<\/p>\n\n\n\n<p>Acquavivese, classe 2007 non ancora sedicenne, tocca i primi palloni all\u2019et\u00e0 di 6 anni, presso la societ\u00e0 New Volley Gioia. A 11 anni, affascinata dalla famiglia VOLLEYUP, decide di trasferirsi ad Acquaviva per entrare a farne parte.<\/p>\n\n\n\n<p>Cresciuta pallavolisticamente con la societ\u00e0 del Presidente Convertini, nella passata stagione ha collezionato diverse presenze nel campionato nazionale di 1\u00b0 livello &#8211; serie C femminile ed ha acquisito fondamentale esperienza sia nei campionati giovanili di categoria che nel campionato di 1<sup>a<\/sup> divisione femminile.<\/p>\n\n\n\n<p>&#8220;Fede rappresenta il futuro della VOLLEYUP! \u00c9 un\u2019atleta che vive con grande passione e dedizione la pallavolo, questo la sta indirizzando verso i campionati che contano. A Fede e ad altre sue coetanee spetta un anno impegnativo, che le vedr\u00e0 gareggiare su pi\u00f9 fronti, ma sono certo che tutte sapranno reggere questi numerosi impegni\u201d, queste le parole del DS Giuseppe Petrelli.<\/p>\n\n\n\n<p>\u201cRingrazio la VOLLEYUP per avermi dato questa nuova opportunit\u00e0 di crescita. Sono molto felice e grata per la fiducia riposta nei miei confronti. Mi impegner\u00f2 al massimo ad ogni allenamento e gara per dare il mio contributo affinch\u00e9 si realizzino tutti gli obiettivi, sia miei personali che di societ\u00e0. Buona fortuna a noi\u201d, queste le dichiarazioni della giovanissima palleggiatrice acquavivese che a settembre frequenter\u00e0 la terza classe del Liceo Scientifico \u201cR. CANUDO\u201d di Gioia del Colle.<\/p>\n\n\n\n<p>Acquaviva, 10 agosto 2023<\/p>\n\n\n\n<figure class=\"wp-block-image size-full\"><img decoding=\"async\" src=\"https:\/\/acquaviva.lavocedelpaese.info\/wp-content\/uploads\/2023\/08\/fede-01.jpg\" alt=\"\" class=\"wp-image-2266\" \/><\/figure>\n\n\n\n<figure class=\"wp-block-image size-full\"><img decoding=\"async\" width=\"533\" height=\"800\" src=\"https:\/\/acquaviva.lavocedelpaese.info\/wp-content\/uploads\/2023\/08\/fede-02.jpg\" alt=\"\" class=\"wp-image-2267\" srcset=\"https:\/\/acquaviva.lavocedelpaese.info\/wp-content\/uploads\/2023\/08\/fede-02.jpg 533w, https:\/\/acquaviva.lavocedelpaese.info\/wp-content\/uploads\/2023\/08\/fede-02-200x300.jpg 200w\" sizes=\"(max-width: 533px) 100vw, 533px\" \/><\/figure>\n\n\n\n<figure class=\"wp-block-image size-full\"><img decoding=\"async\" width=\"533\" height=\"800\" src=\"https:\/\/acquaviva.lavocedelpaese.info\/wp-content\/uploads\/2023\/08\/fede-03.jpeg\" alt=\"\" class=\"wp-image-2268\" srcset=\"https:\/\/acquaviva.lavocedelpaese.info\/wp-content\/uploads\/2023\/08\/fede-03.jpeg 533w, https:\/\/acquaviva.lavocedelpaese.info\/wp-content\/uploads\/2023\/08\/fede-03-200x300.jpeg 200w\" sizes=\"(max-width: 533px) 100vw, 533px\" \/><\/figure>\n\n\n\n<figure class=\"wp-block-image size-full\"><img decoding=\"async\" width=\"534\" height=\"800\" src=\"https:\/\/acquaviva.lavocedelpaese.info\/wp-content\/uploads\/2023\/08\/fede-04.jpeg\" alt=\"\" class=\"wp-image-2269\" srcset=\"https:\/\/acquaviva.lavocedelpaese.info\/wp-content\/uploads\/2023\/08\/fede-04.jpeg 534w, https:\/\/acquaviva.lavocedelpaese.info\/wp-content\/uploads\/2023\/08\/fede-04-200x300.jpeg 200w\" sizes=\"(max-width: 534px) 100vw, 534px\" \/><\/figure>\n","protected":false},"excerpt":{"rendered":"<p>Un giovanissimo talento VOLLEYUP si aggiunge al roster delle libellule per la stagione 2023\/2024 del Campionato Nazionale di 1\u00b0 livello<\/p>\n","protected":false},"author":4,"featured_media":2266,"comment_status":"open","ping_status":"closed","sticky":false,"template":"","format":"standard","meta":{"colormag_page_container_layout":"default_layout","colormag_page_sidebar_layout":"default_layout","_monsterinsights_skip_tracking":false,"_monsterinsights_sitenote_active":false,"_monsterinsights_sitenote_note":"","_monsterinsights_sitenote_category":0,"footnotes":""},"categories":[33,15],"tags":[],"class_list":["post-2265","post","type-post","status-publish","format-standard","has-post-thumbnail","hentry","category-spalla","category-sport"],"_links":{"self":[{"href":"https:\/\/acquaviva.lavocedelpaese.info\/index.php\/wp-json\/wp\/v2\/posts\/2265","targetHints":{"allow":["GET"]}}],"collection":[{"href":"https:\/\/acquaviva.lavocedelpaese.info\/index.php\/wp-json\/wp\/v2\/posts"}],"about":[{"href":"https:\/\/acquaviva.lavocedelpaese.info\/index.php\/wp-json\/wp\/v2\/types\/post"}],"author":[{"embeddable":true,"href":"https:\/\/acquaviva.lavocedelpaese.info\/index.php\/wp-json\/wp\/v2\/users\/4"}],"replies":[{"embeddable":true,"href":"https:\/\/acquaviva.lavocedelpaese.info\/index.php\/wp-json\/wp\/v2\/comments?post=2265"}],"version-history":[{"count":1,"href":"https:\/\/acquaviva.lavocedelpaese.info\/index.php\/wp-json\/wp\/v2\/posts\/2265\/revisions"}],"predecessor-version":[{"id":2270,"href":"https:\/\/acquaviva.lavocedelpaese.info\/index.php\/wp-json\/wp\/v2\/posts\/2265\/revisions\/2270"}],"wp:featuredmedia":[{"embeddable":true,"href":"https:\/\/acquaviva.lavocedelpaese.info\/index.php\/wp-json\/wp\/v2\/media\/2266"}],"wp:attachment":[{"href":"https:\/\/acquaviva.lavocedelpaese.info\/index.php\/wp-json\/wp\/v2\/media?parent=2265"}],"wp:term":[{"taxonomy":"category","embeddable":true,"href":"https:\/\/acquaviva.lavocedelpaese.info\/index.php\/wp-json\/wp\/v2\/categories?post=2265"},{"taxonomy":"post_tag","embeddable":true,"href":"https:\/\/acquaviva.lavocedelpaese.info\/index.php\/wp-json\/wp\/v2\/tags?post=2265"}],"curies":[{"name":"wp","href":"https:\/\/api.w.org\/{rel}","templated":true}]}}