{"id":2219,"date":"2023-07-26T16:56:40","date_gmt":"2023-07-26T16:56:40","guid":{"rendered":"https:\/\/acquaviva.lavocedelpaese.info\/?p=2219"},"modified":"2023-07-26T18:45:13","modified_gmt":"2023-07-26T18:45:13","slug":"give-back-una-strada-per-la-ricerca","status":"publish","type":"post","link":"https:\/\/acquaviva.lavocedelpaese.info\/index.php\/2023\/07\/26\/give-back-una-strada-per-la-ricerca\/","title":{"rendered":"&#8220;GIVE BACK! Una strada per la ricerca&#8221;"},"content":{"rendered":"\n<p>di Francesco Lenoci<\/p>\n\n\n\n<p>Il compito di un\u2019associazione culturale, detto in maniera generica, \u00e8 quello di promuovere la cultura in tutte le sue forme, attraverso l\u2019organizzazione di eventi e manifestazioni ad interesse diffuso.<\/p>\n\n\n\n<p>Quando per\u00f2, l\u2019interesse per la diffusione della cultura trova un legame forte e indissolubile con l\u2019amicizia e con tematiche di alto livello, allora l\u2019associazione diventa un modello esemplare da seguire e lodare.<\/p>\n\n\n\n<p>E questo \u00e8 il caso dell\u2019Associazione \u201cL\u2019onda\u201d di Acquaviva, attiva ormai da quasi 10 anni sul nostro territorio. L\u2019evento pubblico di punta \u00e8 \u201cStrada Chiusa\u201d, arrivato quest\u2019anno alla sua decima edizione e che ha raccolto negli anni l\u2019esibizione e i plausi di centinaia di artisti emergenti e di cartello da tutte le parti del mondo.<\/p>\n\n\n\n<p>Composta da pi\u00f9 di 60 volenterosi ragazzi e ragazze, L\u2019Onda, in questi anni, ha voluto (ri)valorizzare il mondo della strada, troppo spesso associato a concezioni e pregiudizi negativi. Uno dei soci, in particolare, ci ha sempre messo la faccia e tutte le forze che aveva per rompere questo luogo comune: Roberto Surico, per tutti \u201c<em>Surcett<\/em>\u201d, scomparso prematuramente nel febbraio 2023.<\/p>\n\n\n\n<p>L&#8217;evento di luned\u00ec 24 luglio, \u201cGIVE BACK: Sulla strada della Ricerca\u201d, \u00e8 stato in suo onore e di quanti, purtroppo tanti, ci salutano, prematuramente e non, a causa di malattie oncologiche.<\/p>\n\n\n\n<p>L&#8217;evento, tenutosi presso il Teatro Comunale Luciani, ha avuto proprio l\u2019obiettivo di sensibilizzare sull\u2019argomento i presenti e donare il ricavato proveniente dall&#8217;evento \u201cStrada Chiusa X\u201d all&#8217;Associazione Italiana per la Ricerca sul Cancro (AIRC).<\/p>\n\n\n\n<p><strong>Adriano Mastrorocco<\/strong>, presidente dell\u2019Associazione L\u2019Onda: \u201cL\u2019edizione di quest\u2019anno di Strada Chiusa \u00e8 stata un\u2019edizione che ci ha colpito in negativo per via della scomparsa di Roberto. Ci siamo sentiti meno, meno rispetto al giorno prima, impotenti e attoniti davanti a quello che era successo. Ma al tempo stesso, eravamo anche volenterosi di lasciare un segno tangibile in memoria del nostro amico. Non volevamo solo continuare il suo sogno e portare avanti la sua memoria; volevamo soprattutto dare il nostro contributo affinch\u00e9 queste situazioni siano sempre meno frequenti e, quando si verificano, saper come combattere nel migliore dei modi. Il nostro impegno per\u00f2 non bastava, sapevamo benissimo cosa significasse organizzare un evento di tale portata sotto l&#8217;aspetto economico. Cos\u00ec abbiamo deciso di lanciare una campagna di crowdfunding per dare la possibilit\u00e0 a tutti di partecipare e rendere effettivamente Strada Chiusa un evento di comunit\u00e0. Il risultato, forse un po\u2019 inaspettato, alla fine \u00e8 arrivato.&#8221;<\/p>\n\n\n\n<p>L\u2019Onda, infatti, ha donato <strong>9.000\u20ac <\/strong>all\u2019AIRC, segno di una grande cuore verso la prevenzione e la cura di queste patologie.<\/p>\n\n\n\n<p>Presenti sul palco anche testimoni e operatori dell\u2019Airc e di aziende del settore medicale. Mirella Immacolato &#8211; Coordinatrice Regionale Airc, Avv. Isabella Rubino &#8211; Consigliera Airc, Dott.ssa Elena Piccini &#8211; Ricercatrice Airc Universit\u00e0 degli Studi di Bari \u201cAldo Moro\u201d, Bernardo Ilgrande &#8211; Amministratore Gruppo OHPA Spa e Avv. Marco Lenoci &#8211; Sindaco di Acquaviva.<\/p>\n\n\n\n<p><strong>Mirella Immacolato<\/strong>: \u201cLa Puglia \u00e8 molto attiva e molto generosa come regione. E questa iniziativa ne \u00e8 la conferma. Ringrazio L\u2019Onda a nome dell\u2019associazione per questo gesto e per aver scelto AIRC quale beneficiario unico. Questi fondi si vanno ad aggiungere a quelli gi\u00e0 previsti per la regione nell\u2019anno 2022, pari a 1 milione 650 mila euro; fondi maggiori di quelli raccolti e a completa disposizione di tutti i centri di ricerca pugliesi.\u201d<\/p>\n\n\n\n<p><strong>Bernardo Ilgrande<\/strong>: \u201cQuesto palco oggi \u00e8 l\u2019esempio di perfezione assoluta: donatori, ricercatori, investitori e politici. Un paradigma perfetto per combattere la malattia. Il progetto che portiamo avanti \u00e8 il MICaHo. Un progetto da svariate centinaia di milioni di euro per la creazione di un centro specializzato, convenzionato, nella diagnosi e nella cura di ogni tipologia di neoplasia, che propone un modello innovativo di assistenza ospedaliera: il One Day Hospital. L\u2019obiettivo principale \u00e8 quello di ridurre drasticamente il tempo della diagnosi, dell&#8217;inizio delle terapie e, conseguentemente, anche della permanenza del paziente nella struttura. Tutto questo \u00e8 possibile grazie all\u2019Innovazione in campo tecnologico che permette di dotare l\u2019ospedale di un&#8217;infrastruttura all\u2019avanguardia che ne fa a tutti gli effetti uno smart hospital, dove la digitalizzazione coinvolge sia l\u2019ambito diagnostico che terapeutico\u201d.<\/p>\n\n\n\n<p><strong>Avv. Marco Lenoci<\/strong>: \u201cDevo essere sincero, conoscevo l\u2019associazione solo grazie a Roberto e non sapevo esattamente di cosa si occupasse. \u00c9 da quando sono diventato Sindaco che ho compreso, in effetti, il grande lavoro che tutti i ragazzi svolgono. Sono stato felice di essere stato chiamato da Adriano perch\u00e9 ritengo fosse il minimo dare il contributo di tutta l\u2019Amministrazione a questa vostra iniziativa. La scelta di donare questa cifra all\u2019AIRC vi rendere particolare merito e dimostra che le finalit\u00e0 di tutta quanta l\u2019associazione sono meritevoli. Confermo e ribadisco che l\u2019Amministrazione per il prossimo anno, laddove possibile, sar\u00e0 ben felice di ascoltarvi e collaborare nel miglior modo possibile. Grazie a tutti voi.\u201d<\/p>\n\n\n\n<p>Complimenti ragazzi anche da chi scrive. \u00c9 questa l\u2019Acquaviva di cui andare orgogliosi!<\/p>\n\n\n\n<p class=\"has-text-align-right\"><em><strong>Francesco Lenoci<\/strong><\/em><\/p>\n\n\n\n<p><\/p>\n\n\n\n<figure class=\"wp-block-image size-full\"><img decoding=\"async\" width=\"1000\" height=\"653\" src=\"https:\/\/acquaviva.lavocedelpaese.info\/wp-content\/uploads\/2023\/07\/IMG_5860.jpg\" alt=\"\" class=\"wp-image-2220\" srcset=\"https:\/\/acquaviva.lavocedelpaese.info\/wp-content\/uploads\/2023\/07\/IMG_5860.jpg 1000w, https:\/\/acquaviva.lavocedelpaese.info\/wp-content\/uploads\/2023\/07\/IMG_5860-300x196.jpg 300w, https:\/\/acquaviva.lavocedelpaese.info\/wp-content\/uploads\/2023\/07\/IMG_5860-768x502.jpg 768w\" sizes=\"(max-width: 1000px) 100vw, 1000px\" \/><\/figure>\n\n\n\n<figure class=\"wp-block-image size-full\"><img decoding=\"async\" width=\"1000\" height=\"696\" src=\"https:\/\/acquaviva.lavocedelpaese.info\/wp-content\/uploads\/2023\/07\/IMG_5840.jpg\" alt=\"\" class=\"wp-image-2221\" srcset=\"https:\/\/acquaviva.lavocedelpaese.info\/wp-content\/uploads\/2023\/07\/IMG_5840.jpg 1000w, https:\/\/acquaviva.lavocedelpaese.info\/wp-content\/uploads\/2023\/07\/IMG_5840-300x209.jpg 300w, https:\/\/acquaviva.lavocedelpaese.info\/wp-content\/uploads\/2023\/07\/IMG_5840-768x535.jpg 768w, https:\/\/acquaviva.lavocedelpaese.info\/wp-content\/uploads\/2023\/07\/IMG_5840-392x272.jpg 392w, https:\/\/acquaviva.lavocedelpaese.info\/wp-content\/uploads\/2023\/07\/IMG_5840-130x90.jpg 130w\" sizes=\"(max-width: 1000px) 100vw, 1000px\" \/><\/figure>\n\n\n\n<figure class=\"wp-block-gallery has-nested-images columns-default is-cropped wp-block-gallery-1 is-layout-flex wp-block-gallery-is-layout-flex\">\n<figure class=\"wp-block-image size-large\"><img decoding=\"async\" width=\"1000\" height=\"750\" data-id=\"2222\" src=\"https:\/\/acquaviva.lavocedelpaese.info\/wp-content\/uploads\/2023\/07\/Immagine-WhatsApp-2023-07-26-ore-15.19.25.jpg\" alt=\"\" class=\"wp-image-2222\" srcset=\"https:\/\/acquaviva.lavocedelpaese.info\/wp-content\/uploads\/2023\/07\/Immagine-WhatsApp-2023-07-26-ore-15.19.25.jpg 1000w, https:\/\/acquaviva.lavocedelpaese.info\/wp-content\/uploads\/2023\/07\/Immagine-WhatsApp-2023-07-26-ore-15.19.25-300x225.jpg 300w, https:\/\/acquaviva.lavocedelpaese.info\/wp-content\/uploads\/2023\/07\/Immagine-WhatsApp-2023-07-26-ore-15.19.25-768x576.jpg 768w\" sizes=\"(max-width: 1000px) 100vw, 1000px\" \/><\/figure>\n\n\n\n<figure class=\"wp-block-image size-large\"><img decoding=\"async\" width=\"1000\" height=\"750\" data-id=\"2223\" src=\"https:\/\/acquaviva.lavocedelpaese.info\/wp-content\/uploads\/2023\/07\/Immagine-WhatsApp-2023-07-26-ore-15.19.27.jpg\" alt=\"\" class=\"wp-image-2223\" srcset=\"https:\/\/acquaviva.lavocedelpaese.info\/wp-content\/uploads\/2023\/07\/Immagine-WhatsApp-2023-07-26-ore-15.19.27.jpg 1000w, https:\/\/acquaviva.lavocedelpaese.info\/wp-content\/uploads\/2023\/07\/Immagine-WhatsApp-2023-07-26-ore-15.19.27-300x225.jpg 300w, https:\/\/acquaviva.lavocedelpaese.info\/wp-content\/uploads\/2023\/07\/Immagine-WhatsApp-2023-07-26-ore-15.19.27-768x576.jpg 768w\" sizes=\"(max-width: 1000px) 100vw, 1000px\" \/><\/figure>\n\n\n\n<figure class=\"wp-block-image size-large\"><img decoding=\"async\" data-id=\"2224\" src=\"https:\/\/acquaviva.lavocedelpaese.info\/wp-content\/uploads\/2023\/07\/Immagine-WhatsApp-2023-07-26-ore-15.19.46.jpg\" alt=\"\" class=\"wp-image-2224\" \/><\/figure>\n\n\n\n<figure class=\"wp-block-image size-large\"><img decoding=\"async\" width=\"1000\" height=\"667\" data-id=\"2225\" src=\"https:\/\/acquaviva.lavocedelpaese.info\/wp-content\/uploads\/2023\/07\/IMG_5890.jpg\" alt=\"\" class=\"wp-image-2225\" srcset=\"https:\/\/acquaviva.lavocedelpaese.info\/wp-content\/uploads\/2023\/07\/IMG_5890.jpg 1000w, https:\/\/acquaviva.lavocedelpaese.info\/wp-content\/uploads\/2023\/07\/IMG_5890-300x200.jpg 300w, https:\/\/acquaviva.lavocedelpaese.info\/wp-content\/uploads\/2023\/07\/IMG_5890-768x512.jpg 768w\" sizes=\"(max-width: 1000px) 100vw, 1000px\" \/><\/figure>\n<\/figure>\n","protected":false},"excerpt":{"rendered":"<p>di Francesco Lenoci Il compito di un\u2019associazione culturale, detto in maniera generica, \u00e8 quello di promuovere la cultura in tutte<\/p>\n","protected":false},"author":4,"featured_media":2224,"comment_status":"open","ping_status":"closed","sticky":false,"template":"","format":"standard","meta":{"colormag_page_container_layout":"default_layout","colormag_page_sidebar_layout":"default_layout","_monsterinsights_skip_tracking":false,"_monsterinsights_sitenote_active":false,"_monsterinsights_sitenote_note":"","_monsterinsights_sitenote_category":0,"footnotes":""},"categories":[2,28],"tags":[],"class_list":["post-2219","post","type-post","status-publish","format-standard","has-post-thumbnail","hentry","category-attualita","category-primo-piano"],"_links":{"self":[{"href":"https:\/\/acquaviva.lavocedelpaese.info\/index.php\/wp-json\/wp\/v2\/posts\/2219","targetHints":{"allow":["GET"]}}],"collection":[{"href":"https:\/\/acquaviva.lavocedelpaese.info\/index.php\/wp-json\/wp\/v2\/posts"}],"about":[{"href":"https:\/\/acquaviva.lavocedelpaese.info\/index.php\/wp-json\/wp\/v2\/types\/post"}],"author":[{"embeddable":true,"href":"https:\/\/acquaviva.lavocedelpaese.info\/index.php\/wp-json\/wp\/v2\/users\/4"}],"replies":[{"embeddable":true,"href":"https:\/\/acquaviva.lavocedelpaese.info\/index.php\/wp-json\/wp\/v2\/comments?post=2219"}],"version-history":[{"count":2,"href":"https:\/\/acquaviva.lavocedelpaese.info\/index.php\/wp-json\/wp\/v2\/posts\/2219\/revisions"}],"predecessor-version":[{"id":2227,"href":"https:\/\/acquaviva.lavocedelpaese.info\/index.php\/wp-json\/wp\/v2\/posts\/2219\/revisions\/2227"}],"wp:featuredmedia":[{"embeddable":true,"href":"https:\/\/acquaviva.lavocedelpaese.info\/index.php\/wp-json\/wp\/v2\/media\/2224"}],"wp:attachment":[{"href":"https:\/\/acquaviva.lavocedelpaese.info\/index.php\/wp-json\/wp\/v2\/media?parent=2219"}],"wp:term":[{"taxonomy":"category","embeddable":true,"href":"https:\/\/acquaviva.lavocedelpaese.info\/index.php\/wp-json\/wp\/v2\/categories?post=2219"},{"taxonomy":"post_tag","embeddable":true,"href":"https:\/\/acquaviva.lavocedelpaese.info\/index.php\/wp-json\/wp\/v2\/tags?post=2219"}],"curies":[{"name":"wp","href":"https:\/\/api.w.org\/{rel}","templated":true}]}}