{"id":1903,"date":"2023-07-13T18:46:59","date_gmt":"2023-07-13T18:46:59","guid":{"rendered":"https:\/\/acquaviva.lavocedelpaese.info\/?p=1903"},"modified":"2023-07-13T18:47:00","modified_gmt":"2023-07-13T18:47:00","slug":"punti-cardinali-punti-di-orientamento-per-la-formazione-e-il-lavoro","status":"publish","type":"post","link":"https:\/\/acquaviva.lavocedelpaese.info\/index.php\/2023\/07\/13\/punti-cardinali-punti-di-orientamento-per-la-formazione-e-il-lavoro\/","title":{"rendered":"Punti Cardinali: punti di orientamento per la formazione e il lavoro"},"content":{"rendered":"\n<p>Dalla tradizione alla Green Economy<\/p>\n\n\n\n<p>Venerd\u00ec 14 luglio primo job day di \u201cPunti Cardinali\u201d.<br>Neet, disoccupati e studenti universitari saranno la platea privilegiata di questo appuntamento con l\u2019orientamento per la formazione ed il lavoro. Un incontro durante il quale poter esplorare aspetti di s\u00e9 in rapporto alla propria prospettiva lavorativa nel territorio di appartenenza.<br>Grazie a chi vorr\u00e0 partecipare ed ai relatori che hanno accolto il nostro invito.<br>Ci vediamo venerd\u00ec presso la Sala \u201cCesare Colafemmina\u201d a piano terra del nostro Palazzo di Citt\u00e0.<\/p>\n\n\n\n<figure class=\"wp-block-image size-full\"><img decoding=\"async\" src=\"https:\/\/acquaviva.lavocedelpaese.info\/wp-content\/uploads\/2023\/07\/358445263_829306372540673_6366802673706222693_n.jpg\" alt=\"\" class=\"wp-image-1904\" \/><\/figure>\n\n\n\n<p><\/p>\n","protected":false},"excerpt":{"rendered":"<p>Dalla tradizione alla Green Economy Venerd\u00ec 14 luglio primo job day di \u201cPunti Cardinali\u201d.Neet, disoccupati e studenti universitari saranno la<\/p>\n","protected":false},"author":4,"featured_media":1904,"comment_status":"open","ping_status":"closed","sticky":false,"template":"","format":"standard","meta":{"colormag_page_container_layout":"default_layout","colormag_page_sidebar_layout":"default_layout","_monsterinsights_skip_tracking":false,"_monsterinsights_sitenote_active":false,"_monsterinsights_sitenote_note":"","_monsterinsights_sitenote_category":0,"footnotes":""},"categories":[2,33],"tags":[],"class_list":["post-1903","post","type-post","status-publish","format-standard","has-post-thumbnail","hentry","category-attualita","category-spalla"],"_links":{"self":[{"href":"https:\/\/acquaviva.lavocedelpaese.info\/index.php\/wp-json\/wp\/v2\/posts\/1903","targetHints":{"allow":["GET"]}}],"collection":[{"href":"https:\/\/acquaviva.lavocedelpaese.info\/index.php\/wp-json\/wp\/v2\/posts"}],"about":[{"href":"https:\/\/acquaviva.lavocedelpaese.info\/index.php\/wp-json\/wp\/v2\/types\/post"}],"author":[{"embeddable":true,"href":"https:\/\/acquaviva.lavocedelpaese.info\/index.php\/wp-json\/wp\/v2\/users\/4"}],"replies":[{"embeddable":true,"href":"https:\/\/acquaviva.lavocedelpaese.info\/index.php\/wp-json\/wp\/v2\/comments?post=1903"}],"version-history":[{"count":1,"href":"https:\/\/acquaviva.lavocedelpaese.info\/index.php\/wp-json\/wp\/v2\/posts\/1903\/revisions"}],"predecessor-version":[{"id":1905,"href":"https:\/\/acquaviva.lavocedelpaese.info\/index.php\/wp-json\/wp\/v2\/posts\/1903\/revisions\/1905"}],"wp:featuredmedia":[{"embeddable":true,"href":"https:\/\/acquaviva.lavocedelpaese.info\/index.php\/wp-json\/wp\/v2\/media\/1904"}],"wp:attachment":[{"href":"https:\/\/acquaviva.lavocedelpaese.info\/index.php\/wp-json\/wp\/v2\/media?parent=1903"}],"wp:term":[{"taxonomy":"category","embeddable":true,"href":"https:\/\/acquaviva.lavocedelpaese.info\/index.php\/wp-json\/wp\/v2\/categories?post=1903"},{"taxonomy":"post_tag","embeddable":true,"href":"https:\/\/acquaviva.lavocedelpaese.info\/index.php\/wp-json\/wp\/v2\/tags?post=1903"}],"curies":[{"name":"wp","href":"https:\/\/api.w.org\/{rel}","templated":true}]}}