{"id":1887,"date":"2023-06-16T19:50:00","date_gmt":"2023-06-16T19:50:00","guid":{"rendered":"https:\/\/acquaviva.lavocedelpaese.info\/?p=1887"},"modified":"2023-07-09T09:54:16","modified_gmt":"2023-07-09T09:54:16","slug":"incontro-con-don-marco-pagniello","status":"publish","type":"post","link":"https:\/\/acquaviva.lavocedelpaese.info\/index.php\/2023\/06\/16\/incontro-con-don-marco-pagniello\/","title":{"rendered":"Incontro con Don Marco Pagniello"},"content":{"rendered":"\n<p><\/p>\n\n\n\n<p>Il 13 giugno 2023, la citt\u00e0 di Acquaviva delle Fonti ha avuto l&#8217;onore di ospitare <strong>Don Marco Pagniello, Direttore di Caritas Italiana<\/strong>, presso Emporio Sociale &#8220;Le Sette ceste&#8221; e il Centro &#8220;Tabit\u00e0-Casa dei Talenti&#8221;, per un incontro con i giovani del Servizio Civile.<\/p>\n\n\n\n<p>In particolare, presso Tabit\u00e0, si \u00e8 avuto modo di discutere sul tema che concerne &#8220;La Povert\u00e0 Giovanile&#8221;; negli ultimi anni la Caritas sta cercando di andare incontro a piccoli passi per aiutare gli adolescenti, non solo dal punto di vista economico ma anche a livello sociale. Bisogna rendere i giovani protagonisti, non solo come destinatari, con lo scopo di aiutare il prossimo e coloro che vivono in situazioni inaccettabili, rendendoli utili in una societ\u00e0 incombe alla tecnologia che sta circondando l&#8217;intero mondo. Fortunatamente con l&#8217;arrivo del Servizio Civile, coloro che ci partecipano dedicano la propria scelta volontaria per assistere gli anziani, disabili, malati, istituire dei centri di ascolto e comunicazione come Tabit\u00e0, per il quale durante l&#8217;evento sono intervenuti due ragazzi che hanno partecipato in prima persona a tale compito. Dalle risposte emerse si \u00e8 delineato un miglioramento dal punto di vista caratteriale e di crescita, aver piantato delle radici per diventare degli adulti pi\u00f9 consapevoli del prossimo futuro e tale esperienza \u00e8 servita a creare nuovi stimoli per progetti ancora pi\u00f9 avvincenti. Ma il momento chiave arriva alla fatidica domanda posta da un attuale volontario del Servizio Civile a Don Marco pertinente al significato vero e proprio della Povert\u00e0 Giovanile.<\/p>\n\n\n\n<p>&#8220;Inizio il discorso partendo dal dato stimato dei 3 milioni di Neet, il cosiddetto nullafacente, sia dal punto di vista dello studio che lavorativo rinunciando alla vita sociale chiudendosi in loro stessi. I giovani non sono un problema, anzi, una risorsa da investire, alcuni che presentano problemi di temperamento devono trovare una risposta positiva nella Comunit\u00e0 in cui ritrovarsi e relazionarsi, dove iniziare un ottimo cammino di formazione. Ma la povert\u00e0 pi\u00f9 importante \u00e8 quella di SENSO, dopo la Pandemia coloro che hanno sofferto maggiormente sono stati gli adolescenti che hanno subito le conseguenze del Covid pi\u00f9 di altri, perch\u00e8 si sono ritrovati da soli, chiusi in casa non potendo disporre di vita sociale per mesi, questo ha portato un aumento di richiesta di supporto psicologico e uso di farmaci per curare stati d&#8217;ansia, di panico e tanto altro.&#8221;<\/p>\n\n\n\n<p>L&#8217;incontro \u00e8 stato davvero entusiasmante per il quale vi \u00e8 stata la partecipazione del Sindaco Marco Lenoci e le parole di Don Marco hanno avuto un ottimo responso da ragazzi presenti per questo evento, dove hanno avuto l&#8217;occasione di poter interloquire a seconda di questo tema che colpisce soprattutto gli adolescenti da diversi punti di vista inducendoli a seguire altre strade.<\/p>\n\n\n\n<p class=\"has-text-align-right\"><strong>ANTONIO SABINI<\/strong><\/p>\n\n\n\n<figure class=\"wp-block-gallery has-nested-images columns-default is-cropped wp-block-gallery-1 is-layout-flex wp-block-gallery-is-layout-flex\">\n<figure class=\"wp-block-image size-large\"><img decoding=\"async\" width=\"1000\" height=\"750\" data-id=\"1889\" src=\"https:\/\/acquaviva.lavocedelpaese.info\/wp-content\/uploads\/2023\/07\/IMG-20230615-WA0036-1.jpg\" alt=\"\" class=\"wp-image-1889\" srcset=\"https:\/\/acquaviva.lavocedelpaese.info\/wp-content\/uploads\/2023\/07\/IMG-20230615-WA0036-1.jpg 1000w, https:\/\/acquaviva.lavocedelpaese.info\/wp-content\/uploads\/2023\/07\/IMG-20230615-WA0036-1-300x225.jpg 300w, https:\/\/acquaviva.lavocedelpaese.info\/wp-content\/uploads\/2023\/07\/IMG-20230615-WA0036-1-768x576.jpg 768w\" sizes=\"(max-width: 1000px) 100vw, 1000px\" \/><\/figure>\n\n\n\n<figure class=\"wp-block-image size-large\"><img decoding=\"async\" width=\"1000\" height=\"750\" data-id=\"1892\" src=\"https:\/\/acquaviva.lavocedelpaese.info\/wp-content\/uploads\/2023\/07\/IMG-20230615-WA0028.jpg\" alt=\"\" class=\"wp-image-1892\" srcset=\"https:\/\/acquaviva.lavocedelpaese.info\/wp-content\/uploads\/2023\/07\/IMG-20230615-WA0028.jpg 1000w, https:\/\/acquaviva.lavocedelpaese.info\/wp-content\/uploads\/2023\/07\/IMG-20230615-WA0028-300x225.jpg 300w, https:\/\/acquaviva.lavocedelpaese.info\/wp-content\/uploads\/2023\/07\/IMG-20230615-WA0028-768x576.jpg 768w\" sizes=\"(max-width: 1000px) 100vw, 1000px\" \/><\/figure>\n\n\n\n<figure class=\"wp-block-image size-large\"><img decoding=\"async\" width=\"1000\" height=\"750\" data-id=\"1891\" src=\"https:\/\/acquaviva.lavocedelpaese.info\/wp-content\/uploads\/2023\/07\/IMG-20230615-WA0027.jpg\" alt=\"\" class=\"wp-image-1891\" srcset=\"https:\/\/acquaviva.lavocedelpaese.info\/wp-content\/uploads\/2023\/07\/IMG-20230615-WA0027.jpg 1000w, https:\/\/acquaviva.lavocedelpaese.info\/wp-content\/uploads\/2023\/07\/IMG-20230615-WA0027-300x225.jpg 300w, https:\/\/acquaviva.lavocedelpaese.info\/wp-content\/uploads\/2023\/07\/IMG-20230615-WA0027-768x576.jpg 768w\" sizes=\"(max-width: 1000px) 100vw, 1000px\" \/><\/figure>\n\n\n\n<figure class=\"wp-block-image size-large\"><img decoding=\"async\" width=\"1000\" height=\"750\" data-id=\"1890\" src=\"https:\/\/acquaviva.lavocedelpaese.info\/wp-content\/uploads\/2023\/07\/IMG-20230615-WA0037.jpg\" alt=\"\" class=\"wp-image-1890\" srcset=\"https:\/\/acquaviva.lavocedelpaese.info\/wp-content\/uploads\/2023\/07\/IMG-20230615-WA0037.jpg 1000w, https:\/\/acquaviva.lavocedelpaese.info\/wp-content\/uploads\/2023\/07\/IMG-20230615-WA0037-300x225.jpg 300w, https:\/\/acquaviva.lavocedelpaese.info\/wp-content\/uploads\/2023\/07\/IMG-20230615-WA0037-768x576.jpg 768w\" sizes=\"(max-width: 1000px) 100vw, 1000px\" \/><\/figure>\n<\/figure>\n","protected":false},"excerpt":{"rendered":"<p>Il 13 giugno 2023, la citt\u00e0 di Acquaviva delle Fonti ha avuto l&#8217;onore di ospitare Don Marco Pagniello, Direttore di<\/p>\n","protected":false},"author":4,"featured_media":1888,"comment_status":"open","ping_status":"closed","sticky":false,"template":"","format":"standard","meta":{"colormag_page_container_layout":"default_layout","colormag_page_sidebar_layout":"default_layout","_monsterinsights_skip_tracking":false,"_monsterinsights_sitenote_active":false,"_monsterinsights_sitenote_note":"","_monsterinsights_sitenote_category":0,"footnotes":""},"categories":[2,33],"tags":[],"class_list":["post-1887","post","type-post","status-publish","format-standard","has-post-thumbnail","hentry","category-attualita","category-spalla"],"_links":{"self":[{"href":"https:\/\/acquaviva.lavocedelpaese.info\/index.php\/wp-json\/wp\/v2\/posts\/1887","targetHints":{"allow":["GET"]}}],"collection":[{"href":"https:\/\/acquaviva.lavocedelpaese.info\/index.php\/wp-json\/wp\/v2\/posts"}],"about":[{"href":"https:\/\/acquaviva.lavocedelpaese.info\/index.php\/wp-json\/wp\/v2\/types\/post"}],"author":[{"embeddable":true,"href":"https:\/\/acquaviva.lavocedelpaese.info\/index.php\/wp-json\/wp\/v2\/users\/4"}],"replies":[{"embeddable":true,"href":"https:\/\/acquaviva.lavocedelpaese.info\/index.php\/wp-json\/wp\/v2\/comments?post=1887"}],"version-history":[{"count":1,"href":"https:\/\/acquaviva.lavocedelpaese.info\/index.php\/wp-json\/wp\/v2\/posts\/1887\/revisions"}],"predecessor-version":[{"id":1893,"href":"https:\/\/acquaviva.lavocedelpaese.info\/index.php\/wp-json\/wp\/v2\/posts\/1887\/revisions\/1893"}],"wp:featuredmedia":[{"embeddable":true,"href":"https:\/\/acquaviva.lavocedelpaese.info\/index.php\/wp-json\/wp\/v2\/media\/1888"}],"wp:attachment":[{"href":"https:\/\/acquaviva.lavocedelpaese.info\/index.php\/wp-json\/wp\/v2\/media?parent=1887"}],"wp:term":[{"taxonomy":"category","embeddable":true,"href":"https:\/\/acquaviva.lavocedelpaese.info\/index.php\/wp-json\/wp\/v2\/categories?post=1887"},{"taxonomy":"post_tag","embeddable":true,"href":"https:\/\/acquaviva.lavocedelpaese.info\/index.php\/wp-json\/wp\/v2\/tags?post=1887"}],"curies":[{"name":"wp","href":"https:\/\/api.w.org\/{rel}","templated":true}]}}