{"id":1827,"date":"2023-06-16T17:33:35","date_gmt":"2023-06-16T17:33:35","guid":{"rendered":"https:\/\/acquaviva.lavocedelpaese.info\/?p=1827"},"modified":"2023-06-16T17:40:44","modified_gmt":"2023-06-16T17:40:44","slug":"nominata-la-giunta-si-parte","status":"publish","type":"post","link":"https:\/\/acquaviva.lavocedelpaese.info\/index.php\/2023\/06\/16\/nominata-la-giunta-si-parte\/","title":{"rendered":"Nominata la Giunta, si parte!"},"content":{"rendered":"\n<p><\/p>\n\n\n\n<p><\/p>\n\n\n\n<p>\u201cQuesta mattina- comunica il sindaco di Acquaviva delle Fonti <strong>Marco Lenoci-<\/strong> abbiamo compiuto il primo passo della nuova amministrazione.<\/p>\n\n\n\n<p>Vicesindaco \u00e8 Claudio Solazzo nonch\u00e9 assessore con delega a Attivit\u00e0 produttive &#8211; Commercio &#8211; Agricoltura &#8211; Rifiuti &#8211; Transizione digitale &#8211; Efficienza energetica<\/p>\n\n\n\n<p>Mariagrazia Barbieri \u00e8 assessora a Cultura e Beni Culturali &#8211; Pubblica Istruzione &#8211; Lavori Pubblici &#8211; Manutenzione &#8211; Verde pubblico &#8211; Decoro urbano<\/p>\n\n\n\n<p>Imma Morano \u00e8 assessora a Politiche Sociali &#8211; Gestione Beni Confiscati &#8211; Pari Opportunit\u00e0 &#8211; Politiche Giovanili<\/p>\n\n\n\n<p>Michele Petruzzellis \u00e8 assessore a Servizi Finanziari &#8211; Fonti di finanziamento per programma di mandato &#8211; Personale<\/p>\n\n\n\n<p>Gianni Spinelli \u00e8 assessore a Polizia Locale &#8211; Mobilit\u00e0 Sostenibile &#8211; Protezione civile &#8211; Ambiente<\/p>\n\n\n\n<p>Restano in capo a me Rapporti e Comunicazioni Istituzionali &#8211; Trasparenza e Partecipazione Istituzionale &#8211; Sport &#8211; Gemellaggi Istituzionali &#8211; Urbanistica &#8211; PNRR &#8211; Contenzioso<\/p>\n\n\n\n<p>Buon lavoro a tutti<\/p>\n\n\n\n<p>Viva Acquaviva!\u201d<\/p>\n\n\n\n<p><\/p>\n\n\n\n<figure class=\"wp-block-image size-full\"><img decoding=\"async\" width=\"800\" height=\"800\" src=\"https:\/\/acquaviva.lavocedelpaese.info\/wp-content\/uploads\/2023\/06\/354058260_182135848160577_399040948572045213_n.jpg\" alt=\"\" class=\"wp-image-1828\" srcset=\"https:\/\/acquaviva.lavocedelpaese.info\/wp-content\/uploads\/2023\/06\/354058260_182135848160577_399040948572045213_n.jpg 800w, https:\/\/acquaviva.lavocedelpaese.info\/wp-content\/uploads\/2023\/06\/354058260_182135848160577_399040948572045213_n-300x300.jpg 300w, https:\/\/acquaviva.lavocedelpaese.info\/wp-content\/uploads\/2023\/06\/354058260_182135848160577_399040948572045213_n-150x150.jpg 150w, https:\/\/acquaviva.lavocedelpaese.info\/wp-content\/uploads\/2023\/06\/354058260_182135848160577_399040948572045213_n-768x768.jpg 768w\" sizes=\"(max-width: 800px) 100vw, 800px\" \/><\/figure>\n\n\n\n<div class=\"wp-block-file\"><a href=\"https:\/\/acquaviva.lavocedelpaese.info\/2688663c-20d9-47b4-80a2-ad4a071a7ec0\" class=\"wp-block-file__button wp-element-button\" download>Download<\/a><\/div>\n\n\n\n<div class=\"wp-block-file\"><a href=\"https:\/\/acquaviva.lavocedelpaese.info\/0665a340-3efb-41ba-9b3f-7c1d76d37658\" class=\"wp-block-file__button wp-element-button\" download>Download<\/a><\/div>\n\n\n\n\n","protected":false},"excerpt":{"rendered":"<p>\u201cQuesta mattina- comunica il sindaco di Acquaviva delle Fonti Marco Lenoci- abbiamo compiuto il primo passo della nuova amministrazione. Vicesindaco<\/p>\n","protected":false},"author":4,"featured_media":1829,"comment_status":"open","ping_status":"closed","sticky":false,"template":"","format":"standard","meta":{"colormag_page_container_layout":"default_layout","colormag_page_sidebar_layout":"default_layout","_monsterinsights_skip_tracking":false,"_monsterinsights_sitenote_active":false,"_monsterinsights_sitenote_note":"","_monsterinsights_sitenote_category":0,"footnotes":""},"categories":[3,28],"tags":[],"class_list":["post-1827","post","type-post","status-publish","format-standard","has-post-thumbnail","hentry","category-politica","category-primo-piano"],"_links":{"self":[{"href":"https:\/\/acquaviva.lavocedelpaese.info\/index.php\/wp-json\/wp\/v2\/posts\/1827","targetHints":{"allow":["GET"]}}],"collection":[{"href":"https:\/\/acquaviva.lavocedelpaese.info\/index.php\/wp-json\/wp\/v2\/posts"}],"about":[{"href":"https:\/\/acquaviva.lavocedelpaese.info\/index.php\/wp-json\/wp\/v2\/types\/post"}],"author":[{"embeddable":true,"href":"https:\/\/acquaviva.lavocedelpaese.info\/index.php\/wp-json\/wp\/v2\/users\/4"}],"replies":[{"embeddable":true,"href":"https:\/\/acquaviva.lavocedelpaese.info\/index.php\/wp-json\/wp\/v2\/comments?post=1827"}],"version-history":[{"count":2,"href":"https:\/\/acquaviva.lavocedelpaese.info\/index.php\/wp-json\/wp\/v2\/posts\/1827\/revisions"}],"predecessor-version":[{"id":1834,"href":"https:\/\/acquaviva.lavocedelpaese.info\/index.php\/wp-json\/wp\/v2\/posts\/1827\/revisions\/1834"}],"wp:featuredmedia":[{"embeddable":true,"href":"https:\/\/acquaviva.lavocedelpaese.info\/index.php\/wp-json\/wp\/v2\/media\/1829"}],"wp:attachment":[{"href":"https:\/\/acquaviva.lavocedelpaese.info\/index.php\/wp-json\/wp\/v2\/media?parent=1827"}],"wp:term":[{"taxonomy":"category","embeddable":true,"href":"https:\/\/acquaviva.lavocedelpaese.info\/index.php\/wp-json\/wp\/v2\/categories?post=1827"},{"taxonomy":"post_tag","embeddable":true,"href":"https:\/\/acquaviva.lavocedelpaese.info\/index.php\/wp-json\/wp\/v2\/tags?post=1827"}],"curies":[{"name":"wp","href":"https:\/\/api.w.org\/{rel}","templated":true}]}}