{"id":1752,"date":"2023-05-27T06:22:18","date_gmt":"2023-05-27T06:22:18","guid":{"rendered":"https:\/\/acquaviva.lavocedelpaese.info\/?p=1752"},"modified":"2023-05-27T06:22:19","modified_gmt":"2023-05-27T06:22:19","slug":"pentecoste-mons-ricchiuti-ad-acquaviva-per-benedire-le-immagini-dei-santi-papi-giovanni-xxiii-e-paolo-vi","status":"publish","type":"post","link":"https:\/\/acquaviva.lavocedelpaese.info\/index.php\/2023\/05\/27\/pentecoste-mons-ricchiuti-ad-acquaviva-per-benedire-le-immagini-dei-santi-papi-giovanni-xxiii-e-paolo-vi\/","title":{"rendered":"Pentecoste, Mons. Ricchiuti ad Acquaviva per benedire le immagini dei Santi Papi Giovanni XXIII e Paolo VI"},"content":{"rendered":"\n<p>La Citt\u00e0 di Acquaviva delle Fonti sta vivendo un Anno Giubilare straordinario indetto in occasione dei 400 anni dell&#8217;anniversario  della dedicazione della Concattedrale.<\/p>\n\n\n\n<p>Il 28 maggio, domenica di Pentecoste, alle ore 19.00 l&#8217;Arcivescovo Mons. Giovanni Ricchiuti benedir\u00e0 le immagini  dei Santi Papi Giovanni XXIII e Paolo VI eseguiti dall&#8217;artista  Giovanni Lorenzetti. <\/p>\n\n\n\n<p>I ritratti saranno poi esposti al culto.<\/p>\n\n\n\n<figure class=\"wp-block-image size-full\"><img decoding=\"async\" width=\"933\" height=\"800\" src=\"https:\/\/acquaviva.lavocedelpaese.info\/wp-content\/uploads\/2023\/05\/Mons-Giannuzzi-1.jpg\" alt=\"\" class=\"wp-image-1754\" srcset=\"https:\/\/acquaviva.lavocedelpaese.info\/wp-content\/uploads\/2023\/05\/Mons-Giannuzzi-1.jpg 933w, https:\/\/acquaviva.lavocedelpaese.info\/wp-content\/uploads\/2023\/05\/Mons-Giannuzzi-1-300x257.jpg 300w, https:\/\/acquaviva.lavocedelpaese.info\/wp-content\/uploads\/2023\/05\/Mons-Giannuzzi-1-768x659.jpg 768w\" sizes=\"(max-width: 933px) 100vw, 933px\" \/><\/figure>\n\n\n\n<p>&#8220;Un appuntamento storico- ha dichiarato il parroco <strong>Mons. Domenico Giannuzzi<\/strong>&#8211; che sono certo lascer\u00e0 un segno  nella vita della nostra Comunit\u00e0 e nella storia della nostra Concattedrale&#8221;. <\/p>\n\n\n\n<p>Le opere sono state volute dalla Parrocchia, non solo come un&#8217;occasione celebrativa, ma come richiamo al prezioso magistero del Concilio Vaticano II.<\/p>\n\n\n\n<p>&#8220;Ci siamo chiesti- prosegue Giannuzzi-  quale messaggio la nostra comunit\u00e0 avrebbe potuto lasciare come testimone alle prossime generazioni. La memoria dei Santi Giovanni XXIII e Paolo VI  ci aiuter\u00e0 ad accogliere l&#8217;invito di San Giovanni Paolo II a ricercare nel Concilio Vaticano II la bussola del terzo millennio cristiano.<\/p>\n\n\n\n<p>Due Papi, due Santi contemporanei che hanno inciso inscindibilmente , con il loro pontificato e la loro inconfondibile personalit\u00e0, la storia ecclesiastica e umana degli ultimi decenni: papa Giovanni XXIII, nato Angelo Giuseppe Roncalli, il &#8216;papa buono&#8217;, ci ha insegnato il linguaggio della tenerezza con il quale annunciare il vangelo della pace. Ha sempre svolto la sua missione pastorale con umilt\u00e0,  con un temperamento coinvolgente e di forte attrazione popolare.<\/p>\n\n\n\n<p>Paolo VI, nato Giovanni Battista Montini, il &#8216;papa del dialogo&#8217;, ha aiutato il popolo di Dio a riconoscere il mistero della Chiesa nel suo profondo legame a Cristo e nel rapporto con il mondo contemporaneo, con la sua cultura, umilt\u00e0, sensibilit\u00e0 \u00e8 stato maestro di dialogo e accoglienza verso tutti.<\/p>\n\n\n\n<p>Due diverse personalit\u00e0 accomunate da un&#8217;unica missione: il Concilio Vaticano II, quell&#8217;evento che \u00e8 stato definito il concilio della seconda  riforma cattolica, dopo quella fondativa del XVI secolo.<\/p>\n\n\n\n<p>Per la nostra Parrocchia questa domenica di Pentecoste sar\u00e0 un&#8217;occasione preziosa per invocare su tutti noi il dono dello Spirito Santo. <\/p>\n\n\n\n<p>Sarebbe un grande dono se tutti- ragazzi, giovani, adulti nella diversit\u00e0 dei carismi (Azione Cattolica, Neocatecumenali, AGESCI, granelli di Senape, Tabit\u00e0) e ministeri (consiglio pastorale, coro, catechisti, Caritas, ministri straordinari, lettori) &#8211; partecipassimo a questa Solenne Celebrazione per accogliere il dono di questi compagni di viaggio che, dal cielo ci guidano, ci benedicono e pregano per noi&#8221;.<\/p>\n\n\n\n<p><\/p>\n","protected":false},"excerpt":{"rendered":"<p>La Citt\u00e0 di Acquaviva delle Fonti sta vivendo un Anno Giubilare straordinario indetto in occasione dei 400 anni dell&#8217;anniversario della<\/p>\n","protected":false},"author":4,"featured_media":1753,"comment_status":"open","ping_status":"closed","sticky":false,"template":"","format":"standard","meta":{"colormag_page_container_layout":"default_layout","colormag_page_sidebar_layout":"default_layout","_monsterinsights_skip_tracking":false,"_monsterinsights_sitenote_active":false,"_monsterinsights_sitenote_note":"","_monsterinsights_sitenote_category":0,"footnotes":""},"categories":[2,28],"tags":[],"class_list":["post-1752","post","type-post","status-publish","format-standard","has-post-thumbnail","hentry","category-attualita","category-primo-piano"],"_links":{"self":[{"href":"https:\/\/acquaviva.lavocedelpaese.info\/index.php\/wp-json\/wp\/v2\/posts\/1752","targetHints":{"allow":["GET"]}}],"collection":[{"href":"https:\/\/acquaviva.lavocedelpaese.info\/index.php\/wp-json\/wp\/v2\/posts"}],"about":[{"href":"https:\/\/acquaviva.lavocedelpaese.info\/index.php\/wp-json\/wp\/v2\/types\/post"}],"author":[{"embeddable":true,"href":"https:\/\/acquaviva.lavocedelpaese.info\/index.php\/wp-json\/wp\/v2\/users\/4"}],"replies":[{"embeddable":true,"href":"https:\/\/acquaviva.lavocedelpaese.info\/index.php\/wp-json\/wp\/v2\/comments?post=1752"}],"version-history":[{"count":1,"href":"https:\/\/acquaviva.lavocedelpaese.info\/index.php\/wp-json\/wp\/v2\/posts\/1752\/revisions"}],"predecessor-version":[{"id":1755,"href":"https:\/\/acquaviva.lavocedelpaese.info\/index.php\/wp-json\/wp\/v2\/posts\/1752\/revisions\/1755"}],"wp:featuredmedia":[{"embeddable":true,"href":"https:\/\/acquaviva.lavocedelpaese.info\/index.php\/wp-json\/wp\/v2\/media\/1753"}],"wp:attachment":[{"href":"https:\/\/acquaviva.lavocedelpaese.info\/index.php\/wp-json\/wp\/v2\/media?parent=1752"}],"wp:term":[{"taxonomy":"category","embeddable":true,"href":"https:\/\/acquaviva.lavocedelpaese.info\/index.php\/wp-json\/wp\/v2\/categories?post=1752"},{"taxonomy":"post_tag","embeddable":true,"href":"https:\/\/acquaviva.lavocedelpaese.info\/index.php\/wp-json\/wp\/v2\/tags?post=1752"}],"curies":[{"name":"wp","href":"https:\/\/api.w.org\/{rel}","templated":true}]}}