{"id":1717,"date":"2023-05-19T13:34:00","date_gmt":"2023-05-19T13:34:00","guid":{"rendered":"https:\/\/acquaviva.lavocedelpaese.info\/?p=1717"},"modified":"2023-05-21T08:39:04","modified_gmt":"2023-05-21T08:39:04","slug":"acquaviva-e-matera-gemellate-in-nome-di-santeustachio","status":"publish","type":"post","link":"https:\/\/acquaviva.lavocedelpaese.info\/index.php\/2023\/05\/19\/acquaviva-e-matera-gemellate-in-nome-di-santeustachio\/","title":{"rendered":"Acquaviva e Matera gemellate in nome di Sant\u2019Eustachio"},"content":{"rendered":"\n<h1 class=\"wp-block-heading\"><\/h1>\n\n\n\n<p>Un patto di amicizia &#8220;per la valorizzazione, la promozione ed il godimento del patrimonio culturale, storico e artistico legato anche alla tradizione ed in particolare intorno alla figura di Sant&#8217; Eustachio, Patrono di entrambi i comuni e simbolo di culto e devozione delle due comunit\u00e0&#8221;.<\/p>\n\n\n\n<p>Sar\u00e0 presentato domani sera 19 maggio alle 18.00 a Palazzo De Mari dai sindaci di Acquaviva e di Matera, Davide Carlucci e Domenico Bennardi.<\/p>\n\n\n\n<p>Il primo cittadino lucano ha, infatti, promosso una rete nazionale di Comuni italiani devoti al Santo patrono Sant&#8217;Eustachi<\/p>\n\n\n\n<p>Seguir\u00e0 alle 19.00 la Santa messa in Cattedrale, alla quale parteciper\u00e0 anche il delegato del Vescovo di Matera, e la processione per le vie della citt\u00e0.<\/p>\n\n\n\n<p>Il patto sar\u00e0 poi ufficializzato sabato pomeriggio nella Citt\u00e0 dei Sassi.<\/p>\n\n\n\n<figure class=\"wp-block-image size-full is-resized\"><img decoding=\"async\" src=\"https:\/\/acquaviva.lavocedelpaese.info\/wp-content\/uploads\/2023\/05\/347800180_592134856317181_5416565011851864495_n.jpg\" alt=\"\" class=\"wp-image-1718\" width=\"470\" height=\"273\" srcset=\"https:\/\/acquaviva.lavocedelpaese.info\/wp-content\/uploads\/2023\/05\/347800180_592134856317181_5416565011851864495_n.jpg 761w, https:\/\/acquaviva.lavocedelpaese.info\/wp-content\/uploads\/2023\/05\/347800180_592134856317181_5416565011851864495_n-300x174.jpg 300w\" sizes=\"(max-width: 470px) 100vw, 470px\" \/><\/figure>\n\n\n\n<figure class=\"wp-block-image size-full\"><img decoding=\"async\" width=\"400\" height=\"500\" src=\"https:\/\/acquaviva.lavocedelpaese.info\/wp-content\/uploads\/2023\/05\/347813595_260534463139103_8660199449179669856_n.jpg\" alt=\"\" class=\"wp-image-1719\" srcset=\"https:\/\/acquaviva.lavocedelpaese.info\/wp-content\/uploads\/2023\/05\/347813595_260534463139103_8660199449179669856_n.jpg 400w, https:\/\/acquaviva.lavocedelpaese.info\/wp-content\/uploads\/2023\/05\/347813595_260534463139103_8660199449179669856_n-240x300.jpg 240w\" sizes=\"(max-width: 400px) 100vw, 400px\" \/><\/figure>\n","protected":false},"excerpt":{"rendered":"<p>Un patto di amicizia &#8220;per la valorizzazione, la promozione ed il godimento del patrimonio culturale, storico e artistico legato anche<\/p>\n","protected":false},"author":4,"featured_media":1720,"comment_status":"open","ping_status":"closed","sticky":false,"template":"","format":"standard","meta":{"colormag_page_container_layout":"default_layout","colormag_page_sidebar_layout":"default_layout","_monsterinsights_skip_tracking":false,"_monsterinsights_sitenote_active":false,"_monsterinsights_sitenote_note":"","_monsterinsights_sitenote_category":0,"footnotes":""},"categories":[2,30],"tags":[],"class_list":["post-1717","post","type-post","status-publish","format-standard","has-post-thumbnail","hentry","category-attualita","category-news"],"_links":{"self":[{"href":"https:\/\/acquaviva.lavocedelpaese.info\/index.php\/wp-json\/wp\/v2\/posts\/1717","targetHints":{"allow":["GET"]}}],"collection":[{"href":"https:\/\/acquaviva.lavocedelpaese.info\/index.php\/wp-json\/wp\/v2\/posts"}],"about":[{"href":"https:\/\/acquaviva.lavocedelpaese.info\/index.php\/wp-json\/wp\/v2\/types\/post"}],"author":[{"embeddable":true,"href":"https:\/\/acquaviva.lavocedelpaese.info\/index.php\/wp-json\/wp\/v2\/users\/4"}],"replies":[{"embeddable":true,"href":"https:\/\/acquaviva.lavocedelpaese.info\/index.php\/wp-json\/wp\/v2\/comments?post=1717"}],"version-history":[{"count":1,"href":"https:\/\/acquaviva.lavocedelpaese.info\/index.php\/wp-json\/wp\/v2\/posts\/1717\/revisions"}],"predecessor-version":[{"id":1721,"href":"https:\/\/acquaviva.lavocedelpaese.info\/index.php\/wp-json\/wp\/v2\/posts\/1717\/revisions\/1721"}],"wp:featuredmedia":[{"embeddable":true,"href":"https:\/\/acquaviva.lavocedelpaese.info\/index.php\/wp-json\/wp\/v2\/media\/1720"}],"wp:attachment":[{"href":"https:\/\/acquaviva.lavocedelpaese.info\/index.php\/wp-json\/wp\/v2\/media?parent=1717"}],"wp:term":[{"taxonomy":"category","embeddable":true,"href":"https:\/\/acquaviva.lavocedelpaese.info\/index.php\/wp-json\/wp\/v2\/categories?post=1717"},{"taxonomy":"post_tag","embeddable":true,"href":"https:\/\/acquaviva.lavocedelpaese.info\/index.php\/wp-json\/wp\/v2\/tags?post=1717"}],"curies":[{"name":"wp","href":"https:\/\/api.w.org\/{rel}","templated":true}]}}