{"id":1704,"date":"2023-05-16T08:22:28","date_gmt":"2023-05-16T08:22:28","guid":{"rendered":"https:\/\/acquaviva.lavocedelpaese.info\/?p=1704"},"modified":"2023-05-16T08:38:29","modified_gmt":"2023-05-16T08:38:29","slug":"amministrative-2023-acquaviva-va-al-ballottaggio","status":"publish","type":"post","link":"https:\/\/acquaviva.lavocedelpaese.info\/index.php\/2023\/05\/16\/amministrative-2023-acquaviva-va-al-ballottaggio\/","title":{"rendered":"Amministrative 2023: Acquaviva va al ballottaggio"},"content":{"rendered":"\n<p>Domenica 14 e luned\u00ec 15 maggio la nostra citt\u00e0 \u00e8 stata chiamata alle urne per l&#8217;elezione del sindaco e del Consiglio Comunale.<\/p>\n\n\n\n<p>Acquaviva con i suoi 20.087 abitanti (Fonte: Censimento 2021) \u00e8 tra i 9 Comuni della Citt\u00e0 Metropolitana di Bari (Altamura, Casamassima, Mola di Bari, Monopoli, Noci, Poggiorsini, Toritto e Valenzano), insieme a quelli della BAT (2), di BR (8), di FG (11), Le (13) e Ta (8).<\/p>\n\n\n\n<p>In questo primo turno elettorale si \u00e8 recato alle urne il 72,25% degli elettori (pari a 17.655), un dato che mostra un leggero aumento percentuale rispetto all&#8217;affluenza delle Comunali del 2018 (71,95%) e alla media nella Provincia di Bari (66,38%). 20 le Sezioni ad Acquaviva delle Fonti.<\/p>\n\n\n\n<p>A scendere in campo ben quattro candidati (in ordine alfabetico): Rossella Giorgio, Marco Lenoci, Francesca Pietroforte e Francesco Pistilli. Due donne e due uomini. A sostenere le loro candidature ben 19 liste di cui solo 4 Partiti (PD, M5S, FI, Fratelli d&#8217;Italia) e 15 liste civiche, per un totale di 304 candidati consiglieri comunali.<\/p>\n\n\n\n<p>Nessun candidato sindaco \u00e8 stato eletto al 1\u00b0 turno.<\/p>\n\n\n\n<p><strong>Il 28 e 29 MAGGIO 2023 ad Acquaviva delle Fonti si andr\u00e0 al ballottaggio tra la candidata sindaca FRANCESCA PIETROFORTE e il candidato sindaco MARCO LENOCI.<\/strong><\/p>\n\n\n\n<figure class=\"wp-block-image size-full\"><img decoding=\"async\" width=\"644\" height=\"291\" src=\"https:\/\/acquaviva.lavocedelpaese.info\/wp-content\/uploads\/2023\/05\/Pietroforte_Lenoci_candidati-sindaci-2.jpg\" alt=\"\" class=\"wp-image-1708\" srcset=\"https:\/\/acquaviva.lavocedelpaese.info\/wp-content\/uploads\/2023\/05\/Pietroforte_Lenoci_candidati-sindaci-2.jpg 644w, https:\/\/acquaviva.lavocedelpaese.info\/wp-content\/uploads\/2023\/05\/Pietroforte_Lenoci_candidati-sindaci-2-300x136.jpg 300w\" sizes=\"(max-width: 644px) 100vw, 644px\" \/><\/figure>\n\n\n\n<p>La campagna elettorale prosegue per altre due settimane: obiettivo convincere gli indecisi sulla bont\u00e0 del progetto e puntare sugli elettori delle liste che non hanno superato il 1\u00b0 turno.<\/p>\n\n\n\n<p>D&#8217;altra parte la differenza percentuale tra i due schieramenti \u00e8 davvero irrisoria.<\/p>\n\n\n\n<p><strong>La coalizione di Francesca Pietroforte sindaca ha ottenuto al primo turno il 38.06% con 4756 voti, mentre la coalizione a supporto di Marco Lenoci il 37,09% con 4635 voti.<\/strong><\/p>\n\n\n\n<p><strong>Segue la coalizione a supporto del candidato Francesco Pistilli con il 20,32 % con 2539 voti e quella a sostegno della candidata sindaca Rossella Giorgio 4,54 % con 567 voti.<\/strong><\/p>\n\n\n\n<p><strong>Schede bianche: 50 (0,39%) , schede nulle 209 (1,64%). Voti contestati: 0.<\/strong><\/p>\n\n\n\n<p><strong>Voti validi: 12497 (97,97%).<\/strong><\/p>\n\n\n\n<p><\/p>\n\n\n\n<p>[Fonte Eligendo: dato aggiornato al 16.05.2023 ore 02: 58 ]<\/p>\n\n\n\n<figure class=\"wp-block-table\"><table><tbody><tr><td><strong>FRANCESCA PIETROFORTE<\/strong><\/td><td><strong>4.756 voti<\/strong><\/td><td><strong>38,06<\/strong> <strong>%<\/strong><\/td><\/tr><\/tbody><\/table><\/figure>\n\n\n\n<figure class=\"wp-block-table\"><table><tbody><tr><td>Partito Democratico<\/td><td>992 voti<\/td><td>8,4 %<\/td><\/tr><tr><td>Terra Futura<\/td><td>543 voti<\/td><td>4,6 %<\/td><\/tr><tr><td>Pietroforte Sindaca<\/td><td>1.363 voti<\/td><td>11,55 %<\/td><\/tr><tr><td>Progetto Acquaviva<\/td><td>726 voti<\/td><td>6,15 %<\/td><\/tr><tr><td>Abc &#8211; Ambiente Benessere Comunita&#8217;<\/td><td>715 voti<\/td><td>6,06%<\/td><\/tr><\/tbody><\/table><\/figure>\n\n\n\n<figure class=\"wp-block-table\"><table><tbody><tr><td><strong>MARCO LENOCI<\/strong><\/td><td><strong>4.635 voti<\/strong><\/td><td><strong>37,09 %<\/strong><\/td><\/tr><\/tbody><\/table><\/figure>\n\n\n\n<figure class=\"wp-block-table\"><table><tbody><tr><td>Forza Italia<\/td><td>998 voti<\/td><td>8,45 %<\/td><\/tr><tr><td>Fratelli D&#8217;Italia Giorgia Meloni<\/td><td>802 voti<\/td><td>6,79 %<\/td><\/tr><tr><td>Marco Lenoci Per Acquaviva<\/td><td>1.635 voti<\/td><td>13,85 %<\/td><\/tr><tr><td>Noi Moderati<\/td><td>754 voti<\/td><td>6,39 %<\/td><\/tr><tr><td>Senso Civico<\/td><td>359 voti<\/td><td>3,04 %<\/td><\/tr><\/tbody><\/table><\/figure>\n\n\n\n<figure class=\"wp-block-table\"><table><tbody><tr><td><strong>FRANCESCO PISTILLI<\/strong><\/td><td><strong>2.539 voti<\/strong><\/td><td><strong>20,32 %<\/strong><\/td><\/tr><\/tbody><\/table><\/figure>\n\n\n\n<figure class=\"wp-block-table\"><table><tbody><tr><td>Pistilli Sindaco<\/td><td>931 voti<\/td><td>7,89 %<\/td><\/tr><tr><td>Iniziativa Comune<\/td><td>300 voti <\/td><td>2,54 %<\/td><\/tr><tr><td>A Viso Aperto<\/td><td>348 voti<\/td><td>2,95 %<\/td><\/tr><tr><td>Per Acquaviva<\/td><td>123 voti<\/td><td>1,04 %<\/td><\/tr><tr><td>Alleanza Per Acquaviva<\/td><td>107 voti<\/td><td>0,91 %<\/td><\/tr><tr><td>Acquaviva In Comune<\/td><td>143 voti<\/td><td>1,21 %<\/td><\/tr><tr><td>Cdl<\/td><td>496 voti<\/td><td>4,2 %<\/td><\/tr><\/tbody><\/table><\/figure>\n\n\n\n<figure class=\"wp-block-table\"><table><tbody><tr><td><strong>ROSSELLA GIORGIO<\/strong><\/td><td><strong>567 voti<\/strong><\/td><td><strong>4,54 %<\/strong><\/td><\/tr><\/tbody><\/table><\/figure>\n\n\n\n<figure class=\"wp-block-table\"><table><tbody><tr><td>Movimento 5 Stelle<\/td><td>313 voti<\/td><td>2,65 %<\/td><\/tr><tr><td>Cittadini In Movimento<\/td><td>157 voti<\/td><td>1,33 %<\/td><\/tr><\/tbody><\/table><\/figure>\n\n\n\n<p><\/p>\n\n\n\n<p><\/p>\n\n\n\n<figure class=\"wp-block-image size-full\"><img decoding=\"async\" width=\"1000\" height=\"586\" src=\"https:\/\/acquaviva.lavocedelpaese.info\/wp-content\/uploads\/2023\/05\/Risultati-per-Seggio.jpg\" alt=\"\" class=\"wp-image-1707\" srcset=\"https:\/\/acquaviva.lavocedelpaese.info\/wp-content\/uploads\/2023\/05\/Risultati-per-Seggio.jpg 1000w, https:\/\/acquaviva.lavocedelpaese.info\/wp-content\/uploads\/2023\/05\/Risultati-per-Seggio-300x176.jpg 300w, https:\/\/acquaviva.lavocedelpaese.info\/wp-content\/uploads\/2023\/05\/Risultati-per-Seggio-768x450.jpg 768w\" sizes=\"(max-width: 1000px) 100vw, 1000px\" \/><\/figure>\n\n\n\n<p>I 30 candidati Consiglieri pi\u00f9 votati: <\/p>\n\n\n\n<p><a href=\"https:\/\/cloud.comune.acquaviva.ba.it\/elezioni\/client\/modules.php?id_cons_gen=31&amp;name=Elezioni&amp;id_comune=72001&amp;file=index&amp;op=graf_candidato\">https:\/\/cloud.comune.acquaviva.ba.it\/elezioni\/client\/modules.php?id_cons_gen=31&amp;name=Elezioni&amp;id_comune=72001&amp;file=index&amp;op=graf_candidato<\/a><\/p>\n","protected":false},"excerpt":{"rendered":"<p>Domenica 14 e luned\u00ec 15 maggio la nostra citt\u00e0 \u00e8 stata chiamata alle urne per l&#8217;elezione del sindaco e del<\/p>\n","protected":false},"author":4,"featured_media":1706,"comment_status":"open","ping_status":"closed","sticky":false,"template":"","format":"standard","meta":{"colormag_page_container_layout":"default_layout","colormag_page_sidebar_layout":"default_layout","_monsterinsights_skip_tracking":false,"_monsterinsights_sitenote_active":false,"_monsterinsights_sitenote_note":"","_monsterinsights_sitenote_category":0,"footnotes":""},"categories":[3,28],"tags":[],"class_list":["post-1704","post","type-post","status-publish","format-standard","has-post-thumbnail","hentry","category-politica","category-primo-piano"],"_links":{"self":[{"href":"https:\/\/acquaviva.lavocedelpaese.info\/index.php\/wp-json\/wp\/v2\/posts\/1704","targetHints":{"allow":["GET"]}}],"collection":[{"href":"https:\/\/acquaviva.lavocedelpaese.info\/index.php\/wp-json\/wp\/v2\/posts"}],"about":[{"href":"https:\/\/acquaviva.lavocedelpaese.info\/index.php\/wp-json\/wp\/v2\/types\/post"}],"author":[{"embeddable":true,"href":"https:\/\/acquaviva.lavocedelpaese.info\/index.php\/wp-json\/wp\/v2\/users\/4"}],"replies":[{"embeddable":true,"href":"https:\/\/acquaviva.lavocedelpaese.info\/index.php\/wp-json\/wp\/v2\/comments?post=1704"}],"version-history":[{"count":2,"href":"https:\/\/acquaviva.lavocedelpaese.info\/index.php\/wp-json\/wp\/v2\/posts\/1704\/revisions"}],"predecessor-version":[{"id":1711,"href":"https:\/\/acquaviva.lavocedelpaese.info\/index.php\/wp-json\/wp\/v2\/posts\/1704\/revisions\/1711"}],"wp:featuredmedia":[{"embeddable":true,"href":"https:\/\/acquaviva.lavocedelpaese.info\/index.php\/wp-json\/wp\/v2\/media\/1706"}],"wp:attachment":[{"href":"https:\/\/acquaviva.lavocedelpaese.info\/index.php\/wp-json\/wp\/v2\/media?parent=1704"}],"wp:term":[{"taxonomy":"category","embeddable":true,"href":"https:\/\/acquaviva.lavocedelpaese.info\/index.php\/wp-json\/wp\/v2\/categories?post=1704"},{"taxonomy":"post_tag","embeddable":true,"href":"https:\/\/acquaviva.lavocedelpaese.info\/index.php\/wp-json\/wp\/v2\/tags?post=1704"}],"curies":[{"name":"wp","href":"https:\/\/api.w.org\/{rel}","templated":true}]}}