{"id":1628,"date":"2023-05-08T07:59:13","date_gmt":"2023-05-08T07:59:13","guid":{"rendered":"https:\/\/acquaviva.lavocedelpaese.info\/?p=1628"},"modified":"2023-05-08T07:59:14","modified_gmt":"2023-05-08T07:59:14","slug":"3concorso-poetico-domenica-salamida-cantori-di-liberta","status":"publish","type":"post","link":"https:\/\/acquaviva.lavocedelpaese.info\/index.php\/2023\/05\/08\/3concorso-poetico-domenica-salamida-cantori-di-liberta\/","title":{"rendered":"3\u00b0Concorso poetico &#8220;Domenica Salamida&#8221; CANTORI DI LIBERT\u00c0"},"content":{"rendered":"\n<p>CANTORI DI LIBERT\u00c0<\/p>\n\n\n\n<p>In occasione della giornata della Liberazione, l&#8217;Associazione Culturale &#8220;Piovono Libri&#8221; \u00e8 lieta di presentare la terza edizione del concorso poetico &#8220;Domenica Salamida&#8221; rivolto ai bambini e alle bambine, ai ragazzi e alle ragazze dai 6 ai 13 anni.<br>I partecipanti dovranno scrivere un componimento poetico originale avente come argomento la libert\u00e0 ed inviarlo in formato Word o Pdf, corredato di firma, et\u00e0, recapito telefonico e paese di provenienza alla mail Piovonolibri@hotmail.com entro il 31 maggio 2023.<br>Una giuria selezioner\u00e0 i tre componimenti pi\u00f9 suggestivi, che verranno premiati per fasce d&#8217;et\u00e0 con buoni spendibili in libri.<\/p>\n\n\n\n<figure class=\"wp-block-image size-full is-resized\"><img decoding=\"async\" src=\"https:\/\/acquaviva.lavocedelpaese.info\/wp-content\/uploads\/2023\/05\/305622992_454888303363161_2761291589488820075_n.jpg\" alt=\"\" class=\"wp-image-1630\" width=\"223\" height=\"224\" srcset=\"https:\/\/acquaviva.lavocedelpaese.info\/wp-content\/uploads\/2023\/05\/305622992_454888303363161_2761291589488820075_n.jpg 796w, https:\/\/acquaviva.lavocedelpaese.info\/wp-content\/uploads\/2023\/05\/305622992_454888303363161_2761291589488820075_n-300x300.jpg 300w, https:\/\/acquaviva.lavocedelpaese.info\/wp-content\/uploads\/2023\/05\/305622992_454888303363161_2761291589488820075_n-150x150.jpg 150w, https:\/\/acquaviva.lavocedelpaese.info\/wp-content\/uploads\/2023\/05\/305622992_454888303363161_2761291589488820075_n-768x772.jpg 768w\" sizes=\"(max-width: 223px) 100vw, 223px\" \/><\/figure>\n\n\n\n<figure class=\"wp-block-image size-full\"><img decoding=\"async\" width=\"450\" height=\"800\" src=\"https:\/\/acquaviva.lavocedelpaese.info\/wp-content\/uploads\/2023\/05\/344802139_967031431097873_1968015119616111567_n-1.jpg\" alt=\"\" class=\"wp-image-1629\" srcset=\"https:\/\/acquaviva.lavocedelpaese.info\/wp-content\/uploads\/2023\/05\/344802139_967031431097873_1968015119616111567_n-1.jpg 450w, https:\/\/acquaviva.lavocedelpaese.info\/wp-content\/uploads\/2023\/05\/344802139_967031431097873_1968015119616111567_n-1-169x300.jpg 169w\" sizes=\"(max-width: 450px) 100vw, 450px\" \/><\/figure>\n","protected":false},"excerpt":{"rendered":"<p>CANTORI DI LIBERT\u00c0 In occasione della giornata della Liberazione, l&#8217;Associazione Culturale &#8220;Piovono Libri&#8221; \u00e8 lieta di presentare la terza edizione<\/p>\n","protected":false},"author":4,"featured_media":1631,"comment_status":"open","ping_status":"closed","sticky":false,"template":"","format":"standard","meta":{"colormag_page_container_layout":"default_layout","colormag_page_sidebar_layout":"default_layout","_monsterinsights_skip_tracking":false,"_monsterinsights_sitenote_active":false,"_monsterinsights_sitenote_note":"","_monsterinsights_sitenote_category":0,"footnotes":""},"categories":[5,33],"tags":[],"class_list":["post-1628","post","type-post","status-publish","format-standard","has-post-thumbnail","hentry","category-cultura","category-spalla"],"_links":{"self":[{"href":"https:\/\/acquaviva.lavocedelpaese.info\/index.php\/wp-json\/wp\/v2\/posts\/1628","targetHints":{"allow":["GET"]}}],"collection":[{"href":"https:\/\/acquaviva.lavocedelpaese.info\/index.php\/wp-json\/wp\/v2\/posts"}],"about":[{"href":"https:\/\/acquaviva.lavocedelpaese.info\/index.php\/wp-json\/wp\/v2\/types\/post"}],"author":[{"embeddable":true,"href":"https:\/\/acquaviva.lavocedelpaese.info\/index.php\/wp-json\/wp\/v2\/users\/4"}],"replies":[{"embeddable":true,"href":"https:\/\/acquaviva.lavocedelpaese.info\/index.php\/wp-json\/wp\/v2\/comments?post=1628"}],"version-history":[{"count":1,"href":"https:\/\/acquaviva.lavocedelpaese.info\/index.php\/wp-json\/wp\/v2\/posts\/1628\/revisions"}],"predecessor-version":[{"id":1632,"href":"https:\/\/acquaviva.lavocedelpaese.info\/index.php\/wp-json\/wp\/v2\/posts\/1628\/revisions\/1632"}],"wp:featuredmedia":[{"embeddable":true,"href":"https:\/\/acquaviva.lavocedelpaese.info\/index.php\/wp-json\/wp\/v2\/media\/1631"}],"wp:attachment":[{"href":"https:\/\/acquaviva.lavocedelpaese.info\/index.php\/wp-json\/wp\/v2\/media?parent=1628"}],"wp:term":[{"taxonomy":"category","embeddable":true,"href":"https:\/\/acquaviva.lavocedelpaese.info\/index.php\/wp-json\/wp\/v2\/categories?post=1628"},{"taxonomy":"post_tag","embeddable":true,"href":"https:\/\/acquaviva.lavocedelpaese.info\/index.php\/wp-json\/wp\/v2\/tags?post=1628"}],"curies":[{"name":"wp","href":"https:\/\/api.w.org\/{rel}","templated":true}]}}