{"id":1586,"date":"2023-05-03T18:37:38","date_gmt":"2023-05-03T18:37:38","guid":{"rendered":"https:\/\/acquaviva.lavocedelpaese.info\/?p=1586"},"modified":"2023-05-03T18:37:39","modified_gmt":"2023-05-03T18:37:39","slug":"oh-raga-ma-voi-siete-mai-stati-ad-acquaviva-delle-fonti","status":"publish","type":"post","link":"https:\/\/acquaviva.lavocedelpaese.info\/index.php\/2023\/05\/03\/oh-raga-ma-voi-siete-mai-stati-ad-acquaviva-delle-fonti\/","title":{"rendered":"\u201cOh rag\u00e0, ma voi siete mai stati ad Acquaviva delle Fonti?!\u201d"},"content":{"rendered":"\n<p><\/p>\n\n\n\n<p><em>di Francesco Lenoci<\/em><\/p>\n\n\n\n<p>\u201c<em>Oh rag\u00e0, ma voi siete mai stati a..<\/em>\u201d<\/p>\n\n\n\n<p>\u00c9 questo il tormentone del momento in alcuni dei borghi della provincia di Bari. E tra questi c\u2019\u00e8 anche la nostra cittadina. Una domanda semplice, innocente, ma anche d\u2019impatto, che ha scatenato un chiacchiericcio social e di piazza, arrivando addirittura a toccare anche la nostra campagna elettorale.<\/p>\n\n\n\n<p>Il protagonista \u00e8 Fabrizio Cota, giovane pugliese della provincia di Foggia, San Severo, YouTuber e TikToker da 69 mila follower e da decine di migliaia di visualizzazioni.<\/p>\n\n\n\n<p>Nei panni di un\u2019improvvisata guida turistica, Fabrizio atterra nella nostra citt\u00e0 in un giornata uggiosa e fredda, che non rovina per\u00f2 lo spettacolo offerto dalle nostre bellezze e dalla nostra storia.<\/p>\n\n\n\n<p>Il suo tour parte dalle prime informazioni degne di nota della nostra citt\u00e0, risalenti al periodo normanno svevo, per poi procedere in una carrellata veloce di alcuni edifici, chiese, particolari storici e curiosit\u00e0 che caratterizzano Acquaviva.<\/p>\n\n\n\n<p>Certo, non si tratta di un documentario o di un video promozionale a tutti gli effetti. Alcune informazioni sono errate, sommarie, non rendono giustizia alla nostra storia e al nostro patrimonio culturale. Non vengono messe in risalto tutte le nostre bellezze, per esempio il Teatro Comunale Luciani, il Museo Archeologico e le tradizioni popolari legate alla festa patronale.<\/p>\n\n\n\n<p>Ma, ovviamente, come cittadini, apprezziamo l\u2019impegno, la voglia e l\u2019entusiasmo di Fabrizio nel promuovere il territorio pugliese e la nostra citt\u00e0. Ne siamo orgogliosi e lo ringraziamo. Se vorr\u00e0 tornare nuovamente a trovarci, potremmo organizzare con lui una visita pi\u00f9 approfondita del nostro borgo e, ne siamo sicuri, ne rimarr\u00e0 affascinato.<\/p>\n\n\n\n<p>Non avete ancora visto il video? Qui il link: <a href=\"https:\/\/www.instagram.com\/p\/Cri1xO-OA2e\/\"><u>https:\/\/www.instagram.com\/p\/Cri1xO-OA2e\/<\/u><\/a><\/p>\n","protected":false},"excerpt":{"rendered":"<p>di Francesco Lenoci \u201cOh rag\u00e0, ma voi siete mai stati a..\u201d \u00c9 questo il tormentone del momento in alcuni dei<\/p>\n","protected":false},"author":4,"featured_media":1587,"comment_status":"open","ping_status":"closed","sticky":false,"template":"","format":"standard","meta":{"colormag_page_container_layout":"default_layout","colormag_page_sidebar_layout":"default_layout","_monsterinsights_skip_tracking":false,"_monsterinsights_sitenote_active":false,"_monsterinsights_sitenote_note":"","_monsterinsights_sitenote_category":0,"footnotes":""},"categories":[2,33],"tags":[],"class_list":["post-1586","post","type-post","status-publish","format-standard","has-post-thumbnail","hentry","category-attualita","category-spalla"],"_links":{"self":[{"href":"https:\/\/acquaviva.lavocedelpaese.info\/index.php\/wp-json\/wp\/v2\/posts\/1586","targetHints":{"allow":["GET"]}}],"collection":[{"href":"https:\/\/acquaviva.lavocedelpaese.info\/index.php\/wp-json\/wp\/v2\/posts"}],"about":[{"href":"https:\/\/acquaviva.lavocedelpaese.info\/index.php\/wp-json\/wp\/v2\/types\/post"}],"author":[{"embeddable":true,"href":"https:\/\/acquaviva.lavocedelpaese.info\/index.php\/wp-json\/wp\/v2\/users\/4"}],"replies":[{"embeddable":true,"href":"https:\/\/acquaviva.lavocedelpaese.info\/index.php\/wp-json\/wp\/v2\/comments?post=1586"}],"version-history":[{"count":1,"href":"https:\/\/acquaviva.lavocedelpaese.info\/index.php\/wp-json\/wp\/v2\/posts\/1586\/revisions"}],"predecessor-version":[{"id":1588,"href":"https:\/\/acquaviva.lavocedelpaese.info\/index.php\/wp-json\/wp\/v2\/posts\/1586\/revisions\/1588"}],"wp:featuredmedia":[{"embeddable":true,"href":"https:\/\/acquaviva.lavocedelpaese.info\/index.php\/wp-json\/wp\/v2\/media\/1587"}],"wp:attachment":[{"href":"https:\/\/acquaviva.lavocedelpaese.info\/index.php\/wp-json\/wp\/v2\/media?parent=1586"}],"wp:term":[{"taxonomy":"category","embeddable":true,"href":"https:\/\/acquaviva.lavocedelpaese.info\/index.php\/wp-json\/wp\/v2\/categories?post=1586"},{"taxonomy":"post_tag","embeddable":true,"href":"https:\/\/acquaviva.lavocedelpaese.info\/index.php\/wp-json\/wp\/v2\/tags?post=1586"}],"curies":[{"name":"wp","href":"https:\/\/api.w.org\/{rel}","templated":true}]}}