{"id":1448,"date":"2023-04-19T19:56:07","date_gmt":"2023-04-19T19:56:07","guid":{"rendered":"https:\/\/acquaviva.lavocedelpaese.info\/?p=1448"},"modified":"2023-04-21T17:29:18","modified_gmt":"2023-04-21T17:29:18","slug":"la-bambina-librata","status":"publish","type":"post","link":"https:\/\/acquaviva.lavocedelpaese.info\/index.php\/2023\/04\/19\/la-bambina-librata\/","title":{"rendered":"Teatri d&#8217;Acqua: &#8220;La Bambina librata&#8221; il 20 aprile ad Acquaviva"},"content":{"rendered":"\n<p><strong><br><\/strong><em>Spettacolo teatrale di e con Angela Iurilli<\/em><em><br><\/em><em><br><\/em><strong>Teatro Comunale Luciani<\/strong><\/p>\n\n\n\n<p><strong>Gioved\u00ec 20 aprile 2023<\/strong><\/p>\n\n\n\n<p><em>Nell\u2019ambito del Festival Teatri d\u2019Acqua<\/em><\/p>\n\n\n\n<p><em>Festival teatrale e pedagogico dedicato all\u2019infanzia&#8230;e alle sue interazioni<\/em><strong><br><\/strong><strong><br><\/strong><strong>Acquaviva delle Fonti&nbsp;<\/strong><\/p>\n\n\n\n<p><strong> Gioved\u00ec 20 aprile<\/strong> alle ore 19:00, presso il <strong>Teatro Comunale Luciani<\/strong> di Acquaviva delle Fonti, nell\u2019ambito del Festival \u201c<strong>Teatri d\u2019Acqua &#8211; Festival teatrale e pedagogico dedicato all\u2019infanzia&#8230;e alle sue interazioni<\/strong>\u201d andr\u00e0 in scena lo spettacolo teatrale \u201c<strong>La Bambina Librata<\/strong>\u201d testo e regia <strong>Angela Iurilli<\/strong>, con <strong>Marianna Di Muro<\/strong> e <strong>Angela Iurilli<\/strong>, musiche <strong>Nicola Masciullo<\/strong>, costumi <strong>Giulia Barbanente<\/strong> scene <strong>Andrea Vitti<\/strong>.&nbsp;<\/p>\n\n\n\n<p>Questo spettacolo \u00e8 dedicato a tutti quei bambini che, crescendo, sono stati spinti il pi\u00f9 lontano possibile dal s\u00e9 pi\u00f9 profondo. Allora partiamo da una storia. Partiamo da Adele, evidentemente speciale, impossibile non vederla, eppure i suoi genitori\u2026 un padre avido, chef impegnato in sofisticazioni alimentari, e una madre apatica e teledipendente. Per fortuna il destino ha in serbo per lei altri incontri. Una mite bibliotecaria la accompagner\u00e0 nella sua fame di libri; ad un modello autoritario come quello della Direttrice Strozzarelli si contrappone un\u2019accogliente e rispettosa maestra, Letizia De Grazia. Poi l\u2019amichetta Paola, suo fratello Francesco. Tanti gli incontri e molti gli spunti di riflessione di uno spettacolo dal ritmo serrato, divertente, commovente e pungente allo stesso tempo, che passa con destrezza dal registro lirico a quello grottesco. La pi\u00e8ce si rivolge a tutte le bambine e a tutti i bambini, agli adulti che saranno un giorno e alle nuove bambini e ai nuovi bambini a cui staranno accanto.&nbsp;&nbsp;<\/p>\n\n\n\n<p>Una storia di formazione che prende spunto dal celebre romanzo \u201cMatilde\u201d di Roald Dahl. Gli adulti sono chiamati a riflettere sulla posizione di educatori, mentori o oppressori; i piccoli, sull\u2019importanza di scoprire se stessi e di scegliere le proprie figure guida. Un tributo alla spontaneit\u00e0, alla curiosit\u00e0 naturale, al coraggio di lottare, all\u2019istinto di giustizia e solidariet\u00e0: a tutti quei valori che tendono a mutare in stanchezza e indifferenza quando si diventa grandi.<\/p>\n\n\n\n<figure class=\"wp-block-image size-full\"><img decoding=\"async\" width=\"566\" height=\"800\" src=\"https:\/\/acquaviva.lavocedelpaese.info\/wp-content\/uploads\/2023\/04\/Festival-Teatri-dAcqua.jpeg\" alt=\"\" class=\"wp-image-1450\" srcset=\"https:\/\/acquaviva.lavocedelpaese.info\/wp-content\/uploads\/2023\/04\/Festival-Teatri-dAcqua.jpeg 566w, https:\/\/acquaviva.lavocedelpaese.info\/wp-content\/uploads\/2023\/04\/Festival-Teatri-dAcqua-212x300.jpeg 212w\" sizes=\"(max-width: 566px) 100vw, 566px\" \/><\/figure>\n\n\n\n<p><strong>Informazioni<\/strong>:<\/p>\n\n\n\n<p>Facebook | <a href=\"https:\/\/www.facebook.com\/ass.ombre\" target=\"_blank\" rel=\"noreferrer noopener\">https:\/\/www.facebook.com\/ass.ombre<\/a><\/p>\n\n\n\n<p>Cell. 3284720034 &#8211; 3519345903<\/p>\n\n\n\n<p><a href=\"mailto:ombre.associazione@gmail.com\" target=\"_blank\" rel=\"noreferrer noopener\">ombre.associazione@gmail.com<\/a><\/p>\n\n\n\n<p><br><strong>Botteghino<\/strong>:<strong><br><\/strong>I biglietti per lo spettacolo teatrale saranno disponibili presso i seguenti punti vendita di Acquaviva delle Fonti: Il Canarino Giocattoli, Matite Curiose Giocolibreria e Primigi Store.<\/p>\n\n\n\n<p><strong>Biglietti Spettacoli<\/strong>:<\/p>\n\n\n\n<p>Singoli: \u20ac8. Gruppi di 8+ persone: \u20ac 6.<br><\/p>\n\n\n\n<p><strong>LA BAMBINA LIBRATA<\/strong><\/p>\n\n\n\n<p><strong>Testo e regia <\/strong><strong><br><\/strong>Angela Iurilli<\/p>\n\n\n\n<p><strong>Con<\/strong><br>Marianna Di Muro e Angela Iurilli<\/p>\n\n\n\n<p><strong>Musiche <\/strong><strong><br><\/strong>Nicola Masciullo<\/p>\n\n\n\n<p><strong>Costumi <\/strong><strong><br><\/strong>Giulia Barbanente<\/p>\n\n\n\n<p><strong>Scene <\/strong><strong><br><\/strong>Andrea Vitti<strong><br><\/strong><br>Gioved\u00ec 20 aprile 2023<br><em><br><\/em><strong><em>Teatro Comunale Luciani<\/em><\/strong><em><br><\/em>P.zza Vittorio Emanuele II, 1, 70021 Acquaviva delle Fonti BA<br>tel. 080 306 5111<br>email: <a href=\"mailto:acquavivaeventiecultura@gmail.com\" target=\"_blank\" rel=\"noreferrer noopener\">acquavivaeventiecultura@gmail.com<\/a><\/p>\n\n\n\n<p>FB: <a rel=\"noreferrer noopener\" href=\"http:\/\/www.facebook.com\/TeatroComunaleAcquavivadelleFonti\" target=\"_blank\">www.facebook.com\/TeatroComunaleAcquavivadelleFonti<\/a><\/p>\n\n\n\n<figure class=\"wp-block-gallery has-nested-images columns-default is-cropped wp-block-gallery-1 is-layout-flex wp-block-gallery-is-layout-flex\">\n<figure class=\"wp-block-image size-large\"><img decoding=\"async\" width=\"1000\" height=\"688\" data-id=\"1454\" src=\"https:\/\/acquaviva.lavocedelpaese.info\/wp-content\/uploads\/2023\/04\/Librata_01-200-1.jpg\" alt=\"\" class=\"wp-image-1454\" srcset=\"https:\/\/acquaviva.lavocedelpaese.info\/wp-content\/uploads\/2023\/04\/Librata_01-200-1.jpg 1000w, https:\/\/acquaviva.lavocedelpaese.info\/wp-content\/uploads\/2023\/04\/Librata_01-200-1-300x206.jpg 300w, https:\/\/acquaviva.lavocedelpaese.info\/wp-content\/uploads\/2023\/04\/Librata_01-200-1-768x528.jpg 768w, https:\/\/acquaviva.lavocedelpaese.info\/wp-content\/uploads\/2023\/04\/Librata_01-200-1-130x90.jpg 130w\" sizes=\"(max-width: 1000px) 100vw, 1000px\" \/><\/figure>\n\n\n\n<figure class=\"wp-block-image size-large\"><img decoding=\"async\" width=\"1000\" height=\"667\" data-id=\"1455\" src=\"https:\/\/acquaviva.lavocedelpaese.info\/wp-content\/uploads\/2023\/04\/Librata_02-063-1.jpg\" alt=\"\" class=\"wp-image-1455\" srcset=\"https:\/\/acquaviva.lavocedelpaese.info\/wp-content\/uploads\/2023\/04\/Librata_02-063-1.jpg 1000w, https:\/\/acquaviva.lavocedelpaese.info\/wp-content\/uploads\/2023\/04\/Librata_02-063-1-300x200.jpg 300w, https:\/\/acquaviva.lavocedelpaese.info\/wp-content\/uploads\/2023\/04\/Librata_02-063-1-768x512.jpg 768w\" sizes=\"(max-width: 1000px) 100vw, 1000px\" \/><\/figure>\n<\/figure>\n","protected":false},"excerpt":{"rendered":"<p>Spettacolo teatrale di e con Angela IurilliTeatro Comunale Luciani Gioved\u00ec 20 aprile 2023 Nell\u2019ambito del Festival Teatri d\u2019Acqua Festival teatrale<\/p>\n","protected":false},"author":4,"featured_media":1449,"comment_status":"open","ping_status":"closed","sticky":false,"template":"","format":"standard","meta":{"colormag_page_container_layout":"default_layout","colormag_page_sidebar_layout":"default_layout","_monsterinsights_skip_tracking":false,"_monsterinsights_sitenote_active":false,"_monsterinsights_sitenote_note":"","_monsterinsights_sitenote_category":0,"footnotes":""},"categories":[5,33],"tags":[],"class_list":["post-1448","post","type-post","status-publish","format-standard","has-post-thumbnail","hentry","category-cultura","category-spalla"],"_links":{"self":[{"href":"https:\/\/acquaviva.lavocedelpaese.info\/index.php\/wp-json\/wp\/v2\/posts\/1448","targetHints":{"allow":["GET"]}}],"collection":[{"href":"https:\/\/acquaviva.lavocedelpaese.info\/index.php\/wp-json\/wp\/v2\/posts"}],"about":[{"href":"https:\/\/acquaviva.lavocedelpaese.info\/index.php\/wp-json\/wp\/v2\/types\/post"}],"author":[{"embeddable":true,"href":"https:\/\/acquaviva.lavocedelpaese.info\/index.php\/wp-json\/wp\/v2\/users\/4"}],"replies":[{"embeddable":true,"href":"https:\/\/acquaviva.lavocedelpaese.info\/index.php\/wp-json\/wp\/v2\/comments?post=1448"}],"version-history":[{"count":2,"href":"https:\/\/acquaviva.lavocedelpaese.info\/index.php\/wp-json\/wp\/v2\/posts\/1448\/revisions"}],"predecessor-version":[{"id":1482,"href":"https:\/\/acquaviva.lavocedelpaese.info\/index.php\/wp-json\/wp\/v2\/posts\/1448\/revisions\/1482"}],"wp:featuredmedia":[{"embeddable":true,"href":"https:\/\/acquaviva.lavocedelpaese.info\/index.php\/wp-json\/wp\/v2\/media\/1449"}],"wp:attachment":[{"href":"https:\/\/acquaviva.lavocedelpaese.info\/index.php\/wp-json\/wp\/v2\/media?parent=1448"}],"wp:term":[{"taxonomy":"category","embeddable":true,"href":"https:\/\/acquaviva.lavocedelpaese.info\/index.php\/wp-json\/wp\/v2\/categories?post=1448"},{"taxonomy":"post_tag","embeddable":true,"href":"https:\/\/acquaviva.lavocedelpaese.info\/index.php\/wp-json\/wp\/v2\/tags?post=1448"}],"curies":[{"name":"wp","href":"https:\/\/api.w.org\/{rel}","templated":true}]}}