{"id":1400,"date":"2023-04-14T18:07:00","date_gmt":"2023-04-14T18:07:00","guid":{"rendered":"https:\/\/acquaviva.lavocedelpaese.info\/?p=1400"},"modified":"2023-04-15T08:09:20","modified_gmt":"2023-04-15T08:09:20","slug":"monologo-al-teatro-luciani-di-acquaviva-delle-fonti-roberto-mercadini-felicita-for-dummies","status":"publish","type":"post","link":"https:\/\/acquaviva.lavocedelpaese.info\/index.php\/2023\/04\/14\/monologo-al-teatro-luciani-di-acquaviva-delle-fonti-roberto-mercadini-felicita-for-dummies\/","title":{"rendered":"Monologo al teatro Luciani di Acquaviva delle Fonti Roberto Mercadini &#8211; Felicit\u00e0 for Dummies"},"content":{"rendered":"\n<p>Domenica <strong>7 maggio 2023<\/strong> alle ore <strong>20:00<\/strong> presso il <strong>teatro Luciani<\/strong> di <strong>Acquaviva delle Fonti<\/strong> l\u2019autore <strong>Roberto Mercadini<\/strong>, metter\u00e0 in scena il monologo &#8220;<strong>Felicit\u00e0 for dummies<\/strong>&#8220;. I biglietti sono in vendita al <strong>botteghino<\/strong> del teatro il <strong>marted\u00ec<\/strong> dalle <strong>10:00<\/strong> alle <strong>12:00<\/strong> ed il <strong>gioved\u00ec<\/strong> dalle <strong>17:00<\/strong> alle <strong>19:00<\/strong>. <strong>Online<\/strong> al seguente link: https:\/\/www.eventbrite.it\/e\/biglietti-felicita-for-dummies-604682781477<\/p>\n\n\n\n<p>Per chi non lo conoscesse Roberto Mercadini \u00e8 nato a Cesena nel 1978. Ha in repertorio oltre venti monologhi, che spaziano dalla Bibbia ebraica all\u2019origine della filosofia, dall\u2019evoluzionismo alla felicit\u00e0.<\/p>\n\n\n\n<p>Citando l\u2019autore: \u201cRacconto storie (che contengono storie (che contengono altre storie)).<\/p>\n\n\n\n<p>A volte sopra un palcoscenico. A volte in video. A volte dentro un libro\u201d<\/p>\n\n\n\n<p>Il monologo &#8220;<strong>Felicit\u00e0 for dummies<\/strong>&#8221; in programma il <strong>7 maggio 2023,<\/strong> usa la metafora dell&#8217;albero e ha la forma di un albero.<\/p>\n\n\n\n<p>Il tronco \u00e8 una definizione originale ma assai salda di felicit\u00e0, un significato della parola radicato nell&#8217;etimo: felice viene da felix, termine che in latino indicava, per esempio, un albero molto fruttuoso.<\/p>\n\n\n\n<p>Da tale ceppo massiccio si diramano quattro discorsi: sul dare frutto, sulla forma perfetta, sull&#8217;innalzare rami e l&#8217;affondare radici, sul contattare altri alberi.<\/p>\n\n\n\n<p>Ogni discorso si biforca a sua volta in due storie.<\/p>\n\n\n\n<p>Cos\u00ec incontreremo un matematico, un artista, un atleta, un oratore, un giardiniere, un astronomo, un genio, un poeta.<\/p>\n\n\n\n<p>Una narrazione commossa e comica. E, allo stesso tempo, un&#8217;impetuosa orazione sul senso del vivere.<\/p>\n\n\n\n<p>Il nome dell\u2019autore vi \u00e8 familiare? Questo perch\u00e9 il 7 agosto 2019, Roberto Mercadini, si \u00e8 esibito presso l\u2019Atrio Comunale di Acquaviva delle Fonti, recitando il monologo \u201cNoi siamo il suolo, noi siamo la terra\u201d riscuotendo un grande interesse di pubblico.<\/p>\n\n\n\n<p>Durante il corso dei quattro anni che ci separano da questo evento, l\u2019esperienza e la fama dell\u2019autore sono aumentate notevolmente, per questo motivo la rappresentazione programmata per il <strong>7 maggio 2023<\/strong> siamo sicuri incontrer\u00e0 un\u2019ampia partecipazione ed interesse della comunit\u00e0 acquavivese e dell\u2019intera provincia di Bari.<\/p>\n\n\n\n<p class=\"has-text-align-right\"><strong>Fabio Milano<\/strong><\/p>\n\n\n\n<figure class=\"wp-block-image size-full\"><img decoding=\"async\" width=\"800\" height=\"800\" src=\"https:\/\/acquaviva.lavocedelpaese.info\/wp-content\/uploads\/2023\/04\/Locandina-Mercadini.jpg\" alt=\"\" class=\"wp-image-1401\" srcset=\"https:\/\/acquaviva.lavocedelpaese.info\/wp-content\/uploads\/2023\/04\/Locandina-Mercadini.jpg 800w, https:\/\/acquaviva.lavocedelpaese.info\/wp-content\/uploads\/2023\/04\/Locandina-Mercadini-300x300.jpg 300w, https:\/\/acquaviva.lavocedelpaese.info\/wp-content\/uploads\/2023\/04\/Locandina-Mercadini-150x150.jpg 150w, https:\/\/acquaviva.lavocedelpaese.info\/wp-content\/uploads\/2023\/04\/Locandina-Mercadini-768x768.jpg 768w\" sizes=\"(max-width: 800px) 100vw, 800px\" \/><\/figure>\n","protected":false},"excerpt":{"rendered":"<p>Domenica 7 maggio 2023 alle ore 20:00 presso il teatro Luciani di Acquaviva delle Fonti l\u2019autore Roberto Mercadini, metter\u00e0 in<\/p>\n","protected":false},"author":4,"featured_media":1402,"comment_status":"open","ping_status":"closed","sticky":false,"template":"","format":"standard","meta":{"colormag_page_container_layout":"default_layout","colormag_page_sidebar_layout":"default_layout","_monsterinsights_skip_tracking":false,"_monsterinsights_sitenote_active":false,"_monsterinsights_sitenote_note":"","_monsterinsights_sitenote_category":0,"footnotes":""},"categories":[5,30],"tags":[],"class_list":["post-1400","post","type-post","status-publish","format-standard","has-post-thumbnail","hentry","category-cultura","category-news"],"_links":{"self":[{"href":"https:\/\/acquaviva.lavocedelpaese.info\/index.php\/wp-json\/wp\/v2\/posts\/1400","targetHints":{"allow":["GET"]}}],"collection":[{"href":"https:\/\/acquaviva.lavocedelpaese.info\/index.php\/wp-json\/wp\/v2\/posts"}],"about":[{"href":"https:\/\/acquaviva.lavocedelpaese.info\/index.php\/wp-json\/wp\/v2\/types\/post"}],"author":[{"embeddable":true,"href":"https:\/\/acquaviva.lavocedelpaese.info\/index.php\/wp-json\/wp\/v2\/users\/4"}],"replies":[{"embeddable":true,"href":"https:\/\/acquaviva.lavocedelpaese.info\/index.php\/wp-json\/wp\/v2\/comments?post=1400"}],"version-history":[{"count":1,"href":"https:\/\/acquaviva.lavocedelpaese.info\/index.php\/wp-json\/wp\/v2\/posts\/1400\/revisions"}],"predecessor-version":[{"id":1403,"href":"https:\/\/acquaviva.lavocedelpaese.info\/index.php\/wp-json\/wp\/v2\/posts\/1400\/revisions\/1403"}],"wp:featuredmedia":[{"embeddable":true,"href":"https:\/\/acquaviva.lavocedelpaese.info\/index.php\/wp-json\/wp\/v2\/media\/1402"}],"wp:attachment":[{"href":"https:\/\/acquaviva.lavocedelpaese.info\/index.php\/wp-json\/wp\/v2\/media?parent=1400"}],"wp:term":[{"taxonomy":"category","embeddable":true,"href":"https:\/\/acquaviva.lavocedelpaese.info\/index.php\/wp-json\/wp\/v2\/categories?post=1400"},{"taxonomy":"post_tag","embeddable":true,"href":"https:\/\/acquaviva.lavocedelpaese.info\/index.php\/wp-json\/wp\/v2\/tags?post=1400"}],"curies":[{"name":"wp","href":"https:\/\/api.w.org\/{rel}","templated":true}]}}