{"id":1367,"date":"2023-04-01T15:59:40","date_gmt":"2023-04-01T15:59:40","guid":{"rendered":"https:\/\/acquaviva.lavocedelpaese.info\/?p=1367"},"modified":"2023-04-01T15:59:41","modified_gmt":"2023-04-01T15:59:41","slug":"il-figliol-prodigo-musical-il-15-16-e-21-aprile","status":"publish","type":"post","link":"https:\/\/acquaviva.lavocedelpaese.info\/index.php\/2023\/04\/01\/il-figliol-prodigo-musical-il-15-16-e-21-aprile\/","title":{"rendered":"&#8220;Il figliol Prodigo&#8221; musical: il 15-16 e 21 aprile"},"content":{"rendered":"\n<p>Il Gruppo teatrale &#8220;Parrocchia San Domenico&#8221; presenta il musical &#8220;Il Figliol Prodigo&#8221;.<\/p>\n\n\n\n<p>&#8220;Un uomo aveva due figli. Il pi\u00f9 giovane dei due disse al padre: &#8220;Padre, dammi la parte di patrimonio che mi spetta&#8221;. Ed egli divise tra loro le sue sostanze.&#8221; Lc 15, 11-32<\/p>\n\n\n\n<p>Vi aspettiamo numerosi per vivere insieme quella che \u00e8 stata descritta da Papa Benedetto XVI come &#8220;la pi\u00f9 bella parabola di Ges\u00f9&#8221;, in chiave rivisitata e con tante sorprese.<\/p>\n\n\n\n<p><\/p>\n\n\n\n<p><strong>15-16-21 APR 2023 | &#8220;IL FIGLIOL PRODIGO&#8221; IL MUSICAL | Acquaviva delle Fonti | Sala Teatro Oratorio San Domenico Savio | II trav. Via T. Francavilla | ore 20<\/strong><\/p>\n\n\n\n<p><\/p>\n\n\n\n<figure class=\"wp-block-image size-full\"><img decoding=\"async\" src=\"https:\/\/acquaviva.lavocedelpaese.info\/wp-content\/uploads\/2023\/04\/5d8e0614-9280-41dd-bee0-bf66656f16a9.jpg\" alt=\"\" class=\"wp-image-1368\" \/><\/figure>\n","protected":false},"excerpt":{"rendered":"<p>Il Gruppo teatrale &#8220;Parrocchia San Domenico&#8221; presenta il musical &#8220;Il Figliol Prodigo&#8221;. &#8220;Un uomo aveva due figli. Il pi\u00f9 giovane<\/p>\n","protected":false},"author":4,"featured_media":1368,"comment_status":"open","ping_status":"closed","sticky":false,"template":"","format":"standard","meta":{"colormag_page_container_layout":"default_layout","colormag_page_sidebar_layout":"default_layout","_monsterinsights_skip_tracking":false,"_monsterinsights_sitenote_active":false,"_monsterinsights_sitenote_note":"","_monsterinsights_sitenote_category":0,"footnotes":""},"categories":[5,30],"tags":[],"class_list":["post-1367","post","type-post","status-publish","format-standard","has-post-thumbnail","hentry","category-cultura","category-news"],"_links":{"self":[{"href":"https:\/\/acquaviva.lavocedelpaese.info\/index.php\/wp-json\/wp\/v2\/posts\/1367","targetHints":{"allow":["GET"]}}],"collection":[{"href":"https:\/\/acquaviva.lavocedelpaese.info\/index.php\/wp-json\/wp\/v2\/posts"}],"about":[{"href":"https:\/\/acquaviva.lavocedelpaese.info\/index.php\/wp-json\/wp\/v2\/types\/post"}],"author":[{"embeddable":true,"href":"https:\/\/acquaviva.lavocedelpaese.info\/index.php\/wp-json\/wp\/v2\/users\/4"}],"replies":[{"embeddable":true,"href":"https:\/\/acquaviva.lavocedelpaese.info\/index.php\/wp-json\/wp\/v2\/comments?post=1367"}],"version-history":[{"count":1,"href":"https:\/\/acquaviva.lavocedelpaese.info\/index.php\/wp-json\/wp\/v2\/posts\/1367\/revisions"}],"predecessor-version":[{"id":1369,"href":"https:\/\/acquaviva.lavocedelpaese.info\/index.php\/wp-json\/wp\/v2\/posts\/1367\/revisions\/1369"}],"wp:featuredmedia":[{"embeddable":true,"href":"https:\/\/acquaviva.lavocedelpaese.info\/index.php\/wp-json\/wp\/v2\/media\/1368"}],"wp:attachment":[{"href":"https:\/\/acquaviva.lavocedelpaese.info\/index.php\/wp-json\/wp\/v2\/media?parent=1367"}],"wp:term":[{"taxonomy":"category","embeddable":true,"href":"https:\/\/acquaviva.lavocedelpaese.info\/index.php\/wp-json\/wp\/v2\/categories?post=1367"},{"taxonomy":"post_tag","embeddable":true,"href":"https:\/\/acquaviva.lavocedelpaese.info\/index.php\/wp-json\/wp\/v2\/tags?post=1367"}],"curies":[{"name":"wp","href":"https:\/\/api.w.org\/{rel}","templated":true}]}}