{"id":1236,"date":"2023-03-17T19:05:00","date_gmt":"2023-03-17T19:05:00","guid":{"rendered":"https:\/\/acquaviva.lavocedelpaese.info\/?p=1236"},"modified":"2023-03-18T17:09:37","modified_gmt":"2023-03-18T17:09:37","slug":"lhair-stylist-massimo-colapietro-alla-milano-fashion-week-2023-2","status":"publish","type":"post","link":"https:\/\/acquaviva.lavocedelpaese.info\/index.php\/2023\/03\/17\/lhair-stylist-massimo-colapietro-alla-milano-fashion-week-2023-2\/","title":{"rendered":"L&#8217;hair stylist Massimo Colapietro alla Milano Fashion Week 2023"},"content":{"rendered":"\n<p><strong>\u201cLa Bellezza \u00e8 alla costante ricerca di unicit\u00e0\u201d<\/strong><\/p>\n\n\n\n<p><\/p>\n\n\n\n<p>Un parrucchiere acquavivese tra i protagonisti della Milano Fashion Week 2023, l&#8217;evento dedicato alla Moda che si \u00e8 svolto nel capoluogo lombardo dal 21 al 27 febbraio.<\/p>\n\n\n\n<p>Si tratta di Massimo Colapietro detto Max, 45 anni Hair Stylist e formatore per @theclubitalia @wellaprofessionals_italia @wellahair Top colorist club Italia #wellaitalia, titolare @i_colapietro_parrucchieri in Piazza Kolbe 7\/A ad Acquaviva delle Fonti.<\/p>\n\n\n\n<p>Alla sua seconda partecipazione, Max del I Colapietro Parrucchieri di Acquaviva delle Fonti \u00e8 Official Hair Stylist della Milano Fashion Week 2023\/2024 insieme a Wella, partner ufficiale di CNMI per le creazioni hair nei backstage,con il team &#8216;the best club&#8217; di cui \u00e8 formatore.<\/p>\n\n\n\n<p>\u201cE&#8217; stata un&#8217;esperienza davvero molto bella, diversa dalla prima: sono stato nella splendida location di Casa<strong> degli Atellani<\/strong>&nbsp;scelta dal brand&nbsp;<strong>Bally<\/strong>, qui ho respirato un&#8217;aria di grande fermento creativo, linfa preziosa per il mio lavoro di ogni giorno in salone. Queste occasioni sono importanti, ci consentono di affinare le nostre competenze per rendere sempre pi\u00f9 belle le clienti che si affidano a noi. Oltre a vivere il backstage a stretto contatto con grandi hair stylist internazionali su modelle di fama mondiale, mi sono guardato a 360\u00b0 e vissuto l&#8217;arrivo degli ospiti. Ho apprezzato molto i loro outifit, capaci attraverso i diversi accostamenti di rendere ciascuna persona, unica, autentica e con una propria identit\u00e0. Look molto puliti e vissuti. Cosa porto a casa? La bellezza \u00e8 alla costante ricerca di unicit\u00e0\u201d.<\/p>\n\n\n\n<p><\/p>\n\n\n\n<p class=\"has-text-align-right\"><strong>REDAZIONALE<\/strong><\/p>\n\n\n\n<figure class=\"wp-block-image size-full\"><img decoding=\"async\" width=\"517\" height=\"556\" src=\"https:\/\/acquaviva.lavocedelpaese.info\/wp-content\/uploads\/2023\/03\/Max-Hair-stylist-1.jpg\" alt=\"\" class=\"wp-image-1240\" srcset=\"https:\/\/acquaviva.lavocedelpaese.info\/wp-content\/uploads\/2023\/03\/Max-Hair-stylist-1.jpg 517w, https:\/\/acquaviva.lavocedelpaese.info\/wp-content\/uploads\/2023\/03\/Max-Hair-stylist-1-279x300.jpg 279w\" sizes=\"(max-width: 517px) 100vw, 517px\" \/><\/figure>\n","protected":false},"excerpt":{"rendered":"<p>\u201cLa Bellezza \u00e8 alla costante ricerca di unicit\u00e0\u201d Un parrucchiere acquavivese tra i protagonisti della Milano Fashion Week 2023, l&#8217;evento<\/p>\n","protected":false},"author":4,"featured_media":1238,"comment_status":"open","ping_status":"closed","sticky":false,"template":"","format":"standard","meta":{"colormag_page_container_layout":"default_layout","colormag_page_sidebar_layout":"default_layout","_monsterinsights_skip_tracking":false,"_monsterinsights_sitenote_active":false,"_monsterinsights_sitenote_note":"","_monsterinsights_sitenote_category":0,"footnotes":""},"categories":[33],"tags":[],"class_list":["post-1236","post","type-post","status-publish","format-standard","has-post-thumbnail","hentry","category-spalla"],"_links":{"self":[{"href":"https:\/\/acquaviva.lavocedelpaese.info\/index.php\/wp-json\/wp\/v2\/posts\/1236","targetHints":{"allow":["GET"]}}],"collection":[{"href":"https:\/\/acquaviva.lavocedelpaese.info\/index.php\/wp-json\/wp\/v2\/posts"}],"about":[{"href":"https:\/\/acquaviva.lavocedelpaese.info\/index.php\/wp-json\/wp\/v2\/types\/post"}],"author":[{"embeddable":true,"href":"https:\/\/acquaviva.lavocedelpaese.info\/index.php\/wp-json\/wp\/v2\/users\/4"}],"replies":[{"embeddable":true,"href":"https:\/\/acquaviva.lavocedelpaese.info\/index.php\/wp-json\/wp\/v2\/comments?post=1236"}],"version-history":[{"count":2,"href":"https:\/\/acquaviva.lavocedelpaese.info\/index.php\/wp-json\/wp\/v2\/posts\/1236\/revisions"}],"predecessor-version":[{"id":1246,"href":"https:\/\/acquaviva.lavocedelpaese.info\/index.php\/wp-json\/wp\/v2\/posts\/1236\/revisions\/1246"}],"wp:featuredmedia":[{"embeddable":true,"href":"https:\/\/acquaviva.lavocedelpaese.info\/index.php\/wp-json\/wp\/v2\/media\/1238"}],"wp:attachment":[{"href":"https:\/\/acquaviva.lavocedelpaese.info\/index.php\/wp-json\/wp\/v2\/media?parent=1236"}],"wp:term":[{"taxonomy":"category","embeddable":true,"href":"https:\/\/acquaviva.lavocedelpaese.info\/index.php\/wp-json\/wp\/v2\/categories?post=1236"},{"taxonomy":"post_tag","embeddable":true,"href":"https:\/\/acquaviva.lavocedelpaese.info\/index.php\/wp-json\/wp\/v2\/tags?post=1236"}],"curies":[{"name":"wp","href":"https:\/\/api.w.org\/{rel}","templated":true}]}}