{"id":1198,"date":"2023-03-12T21:30:00","date_gmt":"2023-03-12T21:30:00","guid":{"rendered":"https:\/\/acquaviva.lavocedelpaese.info\/?p=1198"},"modified":"2023-03-17T18:35:29","modified_gmt":"2023-03-17T18:35:29","slug":"premiazione-comuni-plastic-free-2023","status":"publish","type":"post","link":"https:\/\/acquaviva.lavocedelpaese.info\/index.php\/2023\/03\/12\/premiazione-comuni-plastic-free-2023\/","title":{"rendered":"Premiazione Comuni Plastic Free 2023"},"content":{"rendered":"\n<p>Sabato 11 marzo 2023 nella splendida cornice di Palazzo Re Enzo a Bologna si \u00e8 tenuta la premiazione di 69 Comuni da tutta Italia che si sono aggiudicati un attestato di virtuosit\u00e0 da parte della Associazione Plastic Free odv Onlus.&nbsp;<\/p>\n\n\n\n<p>L\u2019evento \u00e8 stato patrocinato dal Parlamento Europeo, dal Senato della Repubblica, dalla Camera dei deputati, dal MASE e da Bologna, citt\u00e0 ospitante.<\/p>\n\n\n\n<p>Plastic Free da tre anni a questa parte si occupa di rimuovere plastica e rifiuti dall&#8217;ambiente e sensibilizzare sulla pericolosit\u00e0 della plastica, soprattutto monouso, che inquina e uccide ogni giorno centinaia di animali marini e non.<\/p>\n\n\n\n<p>Ad oggi l&#8217;associazione ha rimosso dall&#8217;ambiente circa 3.000.000 kg di plastica e altri rifiuti e sensibilizzato oltre 118.975 studenti in tutta Italia.<\/p>\n\n\n\n<p>I Comuni premiati sono: Acquaviva Delle Fonti (BA), Agropoli (SA), Arcugnano (VI), Bacoli (NA), Benevento, Bergeggi (SV), Bologna, Borgo Virgilio (MN), Caivano (NA), Caorle (VE), Cassina de&#8217; Pecchi (MI), Castellarano (RE), Castelsardo (SS), Castiglione Del Lago (PG), Castro (LE), Chieti, Cittadella (PD), Corciano (PG), Cuneo, Diamante (CS), Elmas (CA), Eraclea (VE), Falciano Del Massico (CE), Favara (AG), Fermo, Ferrara, Fierozzo (TN), Firenze, Frassilongo (TN), Genova, Guardia Sanframondi (BN), Gussago (BS), Isernia, Jesolo (VE), Legnago (VR), Maddaloni (CE), Maenza (LT), Marcon (VE), Matera, Merano (BZ), Mira (VE), Mogliano Veneto (TV), Montenero Di Bisaccia (CB), Montepaone (CZ), Monterosi (VT), Mottola (TA), Palu&#8217; del Fersina (TN), Pavia, Pergine Valsugana (TN), Pesaro, Piossasco (TO), Pontecchio Polesine (RO), Prato, Roccalumera (ME), San Casciano Val Di Pesa (FI), Sanremo (IM), Sant\u2019Orsola Terme (TN), Sasso Marconi (BO), Saviano (NA), Silvi (TE), Sperlonga (LT), Taglio Di Po (RO), Termoli (CB), Terre Del Reno (FE), Tortora (CS), Tropea (VV), Udine, Vallelaghi (TN), Vicenza.<\/p>\n\n\n\n<p>La mattinata ha visto il susseguirsi di diversi interventi tra una premiazione e l&#8217;altra: dal Presidente, Luca De Gaetano, al direttore generale Lorenzo Zitignani, passando per Antonio Rancati, segretario generale, fino ad arrivare al Sindaco di Bologna, Matteo Lepore, al Cardinale Matteo Maria Zuppi, Presidente della Conferenza Episcopale Italiana, al vicepresidente della Camera dei Deputati, Sergio Costa, al dott. Antonio Ragusa, della U.O.C. ostetricia e ginecologia dell&#8217;Ospedale Fatebenefratelli di Roma, che ha illustrato una sua recente scoperta scientifica alquanto sconcertante, ovvero che sono state ritrovate particelle di plastica nella placenta umana.&nbsp;<\/p>\n\n\n\n<p>Un evento davvero sentito e partecipato, un incontro tra volontari, istituzioni ed esperti perch\u00e9 c&#8217;\u00e8 bisogno di confronto, di informazione e di condivisione. Sensibilizzare il pi\u00f9 possibile su questo tema resta una priorit\u00e0 di tutti noi.<\/p>\n\n\n\n<p>Tre i comuni pugliesi premiati: Acquaviva delle Fonti (Ba), Castro (Le) e Mottola (Ta). Tanta l&#8217; emozione nel rappresentare il nostro Comune in un evento cos\u00ec importante. Portiamo a casa un bel riconoscimento e la voglia di fare ancora meglio per il futuro.&nbsp;<\/p>\n\n\n\n<p>Se saremo uniti e compatti arriveremo a sensibilizzare sempre pi\u00f9 concittadini verso l&#8217;adozione di buone pratiche atte a scongiurare l&#8217;utilizzo scellerato della plastica usa e getta con il conseguente (troppo spesso) riversamento di questa ed altri rifiuti nell&#8217;ambiente che dobbiamo difendere e preservare per il futuro nostro e dei nostri figli.<\/p>\n\n\n\n<p>Non abbiamo un Pianeta B.&nbsp;<\/p>\n\n\n\n<p>Concludo con il ringraziare l&#8217;amministrazione tutta nella figura del Sindaco Davide Carlucci, sempre attento e disponibile che mi ha accompagnata in questa bellissima avventura bolognese, e l&#8217;Assessora all&#8217;ambiente Venturina Caporusso con la quale abbiamo collaborato egregiamente sin dal primo giorno. Un sentito ringraziamento va poi ai volontari di Acquaviva Plastic Free, molto attivi e presenti, vero motore delle nostre azioni di pulizia, che spero aumentino sempre pi\u00f9. Ringrazio i miei amici referenti, la mia famiglia dal cuore blu e la tartaruga sul petto, con l&#8217;augurio che possano raggiungere tutti il riconoscimento il prossimo anno perch\u00e9 lo meritano ed infine un grazie speciale alla mia famiglia ed ai miei bambini, il mio futuro, i miei maestri di vita.<\/p>\n\n\n\n<figure class=\"wp-block-gallery has-nested-images columns-default is-cropped wp-block-gallery-1 is-layout-flex wp-block-gallery-is-layout-flex\">\n<figure class=\"wp-block-image size-large\"><img decoding=\"async\" width=\"600\" height=\"800\" data-id=\"1206\" src=\"https:\/\/acquaviva.lavocedelpaese.info\/wp-content\/uploads\/2023\/03\/IMG_20230311_092129.jpg\" alt=\"\" class=\"wp-image-1206\" srcset=\"https:\/\/acquaviva.lavocedelpaese.info\/wp-content\/uploads\/2023\/03\/IMG_20230311_092129.jpg 600w, https:\/\/acquaviva.lavocedelpaese.info\/wp-content\/uploads\/2023\/03\/IMG_20230311_092129-225x300.jpg 225w\" sizes=\"(max-width: 600px) 100vw, 600px\" \/><\/figure>\n\n\n\n<figure class=\"wp-block-image size-large\"><img decoding=\"async\" width=\"600\" height=\"800\" data-id=\"1204\" src=\"https:\/\/acquaviva.lavocedelpaese.info\/wp-content\/uploads\/2023\/03\/IMG_20230311_094424.jpg\" alt=\"\" class=\"wp-image-1204\" srcset=\"https:\/\/acquaviva.lavocedelpaese.info\/wp-content\/uploads\/2023\/03\/IMG_20230311_094424.jpg 600w, https:\/\/acquaviva.lavocedelpaese.info\/wp-content\/uploads\/2023\/03\/IMG_20230311_094424-225x300.jpg 225w\" sizes=\"(max-width: 600px) 100vw, 600px\" \/><\/figure>\n\n\n\n<figure class=\"wp-block-image size-large\"><img decoding=\"async\" width=\"600\" height=\"800\" data-id=\"1205\" src=\"https:\/\/acquaviva.lavocedelpaese.info\/wp-content\/uploads\/2023\/03\/IMG_20230311_102332.jpg\" alt=\"\" class=\"wp-image-1205\" srcset=\"https:\/\/acquaviva.lavocedelpaese.info\/wp-content\/uploads\/2023\/03\/IMG_20230311_102332.jpg 600w, https:\/\/acquaviva.lavocedelpaese.info\/wp-content\/uploads\/2023\/03\/IMG_20230311_102332-225x300.jpg 225w\" sizes=\"(max-width: 600px) 100vw, 600px\" \/><\/figure>\n\n\n\n<figure class=\"wp-block-image size-large\"><img decoding=\"async\" width=\"600\" height=\"800\" data-id=\"1203\" src=\"https:\/\/acquaviva.lavocedelpaese.info\/wp-content\/uploads\/2023\/03\/IMG_20230311_105641.jpg\" alt=\"\" class=\"wp-image-1203\" srcset=\"https:\/\/acquaviva.lavocedelpaese.info\/wp-content\/uploads\/2023\/03\/IMG_20230311_105641.jpg 600w, https:\/\/acquaviva.lavocedelpaese.info\/wp-content\/uploads\/2023\/03\/IMG_20230311_105641-225x300.jpg 225w\" sizes=\"(max-width: 600px) 100vw, 600px\" \/><\/figure>\n\n\n\n<figure class=\"wp-block-image size-large\"><img decoding=\"async\" width=\"1000\" height=\"750\" data-id=\"1201\" src=\"https:\/\/acquaviva.lavocedelpaese.info\/wp-content\/uploads\/2023\/03\/IMG-20230311-WA0040.jpg\" alt=\"\" class=\"wp-image-1201\" srcset=\"https:\/\/acquaviva.lavocedelpaese.info\/wp-content\/uploads\/2023\/03\/IMG-20230311-WA0040.jpg 1000w, https:\/\/acquaviva.lavocedelpaese.info\/wp-content\/uploads\/2023\/03\/IMG-20230311-WA0040-300x225.jpg 300w, https:\/\/acquaviva.lavocedelpaese.info\/wp-content\/uploads\/2023\/03\/IMG-20230311-WA0040-768x576.jpg 768w\" sizes=\"(max-width: 1000px) 100vw, 1000px\" \/><\/figure>\n\n\n\n<figure class=\"wp-block-image size-large\"><img decoding=\"async\" width=\"600\" height=\"800\" data-id=\"1200\" src=\"https:\/\/acquaviva.lavocedelpaese.info\/wp-content\/uploads\/2023\/03\/IMG-20230311-WA0073.jpg\" alt=\"\" class=\"wp-image-1200\" srcset=\"https:\/\/acquaviva.lavocedelpaese.info\/wp-content\/uploads\/2023\/03\/IMG-20230311-WA0073.jpg 600w, https:\/\/acquaviva.lavocedelpaese.info\/wp-content\/uploads\/2023\/03\/IMG-20230311-WA0073-225x300.jpg 225w\" sizes=\"(max-width: 600px) 100vw, 600px\" \/><\/figure>\n\n\n\n<figure class=\"wp-block-image size-large\"><img decoding=\"async\" width=\"800\" height=\"800\" data-id=\"1199\" src=\"https:\/\/acquaviva.lavocedelpaese.info\/wp-content\/uploads\/2023\/03\/IMG_20230312_130743_570.webp\" alt=\"\" class=\"wp-image-1199\" srcset=\"https:\/\/acquaviva.lavocedelpaese.info\/wp-content\/uploads\/2023\/03\/IMG_20230312_130743_570.webp 800w, https:\/\/acquaviva.lavocedelpaese.info\/wp-content\/uploads\/2023\/03\/IMG_20230312_130743_570-300x300.webp 300w, https:\/\/acquaviva.lavocedelpaese.info\/wp-content\/uploads\/2023\/03\/IMG_20230312_130743_570-150x150.webp 150w, https:\/\/acquaviva.lavocedelpaese.info\/wp-content\/uploads\/2023\/03\/IMG_20230312_130743_570-768x768.webp 768w\" sizes=\"(max-width: 800px) 100vw, 800px\" \/><\/figure>\n\n\n\n<figure class=\"wp-block-image size-large\"><img decoding=\"async\" width=\"1000\" height=\"667\" data-id=\"1202\" src=\"https:\/\/acquaviva.lavocedelpaese.info\/wp-content\/uploads\/2023\/03\/Acquaviva-delle-Fonti-PF.jpg\" alt=\"\" class=\"wp-image-1202\" srcset=\"https:\/\/acquaviva.lavocedelpaese.info\/wp-content\/uploads\/2023\/03\/Acquaviva-delle-Fonti-PF.jpg 1000w, https:\/\/acquaviva.lavocedelpaese.info\/wp-content\/uploads\/2023\/03\/Acquaviva-delle-Fonti-PF-300x200.jpg 300w, https:\/\/acquaviva.lavocedelpaese.info\/wp-content\/uploads\/2023\/03\/Acquaviva-delle-Fonti-PF-768x512.jpg 768w\" sizes=\"(max-width: 1000px) 100vw, 1000px\" \/><\/figure>\n<\/figure>\n","protected":false},"excerpt":{"rendered":"<p>Sabato 11 marzo 2023 nella splendida cornice di Palazzo Re Enzo a Bologna si \u00e8 tenuta la premiazione di 69<\/p>\n","protected":false},"author":4,"featured_media":1207,"comment_status":"open","ping_status":"closed","sticky":false,"template":"","format":"standard","meta":{"colormag_page_container_layout":"default_layout","colormag_page_sidebar_layout":"default_layout","_monsterinsights_skip_tracking":false,"_monsterinsights_sitenote_active":false,"_monsterinsights_sitenote_note":"","_monsterinsights_sitenote_category":0,"footnotes":""},"categories":[2,33],"tags":[],"class_list":["post-1198","post","type-post","status-publish","format-standard","has-post-thumbnail","hentry","category-attualita","category-spalla"],"_links":{"self":[{"href":"https:\/\/acquaviva.lavocedelpaese.info\/index.php\/wp-json\/wp\/v2\/posts\/1198","targetHints":{"allow":["GET"]}}],"collection":[{"href":"https:\/\/acquaviva.lavocedelpaese.info\/index.php\/wp-json\/wp\/v2\/posts"}],"about":[{"href":"https:\/\/acquaviva.lavocedelpaese.info\/index.php\/wp-json\/wp\/v2\/types\/post"}],"author":[{"embeddable":true,"href":"https:\/\/acquaviva.lavocedelpaese.info\/index.php\/wp-json\/wp\/v2\/users\/4"}],"replies":[{"embeddable":true,"href":"https:\/\/acquaviva.lavocedelpaese.info\/index.php\/wp-json\/wp\/v2\/comments?post=1198"}],"version-history":[{"count":2,"href":"https:\/\/acquaviva.lavocedelpaese.info\/index.php\/wp-json\/wp\/v2\/posts\/1198\/revisions"}],"predecessor-version":[{"id":1223,"href":"https:\/\/acquaviva.lavocedelpaese.info\/index.php\/wp-json\/wp\/v2\/posts\/1198\/revisions\/1223"}],"wp:featuredmedia":[{"embeddable":true,"href":"https:\/\/acquaviva.lavocedelpaese.info\/index.php\/wp-json\/wp\/v2\/media\/1207"}],"wp:attachment":[{"href":"https:\/\/acquaviva.lavocedelpaese.info\/index.php\/wp-json\/wp\/v2\/media?parent=1198"}],"wp:term":[{"taxonomy":"category","embeddable":true,"href":"https:\/\/acquaviva.lavocedelpaese.info\/index.php\/wp-json\/wp\/v2\/categories?post=1198"},{"taxonomy":"post_tag","embeddable":true,"href":"https:\/\/acquaviva.lavocedelpaese.info\/index.php\/wp-json\/wp\/v2\/tags?post=1198"}],"curies":[{"name":"wp","href":"https:\/\/api.w.org\/{rel}","templated":true}]}}