{"id":1134,"date":"2023-03-04T15:20:05","date_gmt":"2023-03-04T15:20:05","guid":{"rendered":"https:\/\/acquaviva.lavocedelpaese.info\/?p=1134"},"modified":"2023-03-04T15:20:06","modified_gmt":"2023-03-04T15:20:06","slug":"giornata-internazionale-della-donna","status":"publish","type":"post","link":"https:\/\/acquaviva.lavocedelpaese.info\/index.php\/2023\/03\/04\/giornata-internazionale-della-donna\/","title":{"rendered":"Giornata Internazionale della Donna"},"content":{"rendered":"\n<p>La storia della festa delle donne risale ai primi del Novecento e tuttavia la \u201cquestione\u201d femminile \u00e8, ancora oggi, pi\u00f9 che mai attuale. In Italia la prima giornata della donna si \u00e8 svolta nel 1922 ma la rivendicazione dei diritti delle donne non pu\u00f2 dirsi una guerra vinta. \u00c8 fondamentale educare le nuove generazioni al rispetto e alla nonviolenza e lavorare per foggiare le regole di convivenza civile alla parit\u00e0 di genere.<\/p>\n\n\n\n<p>Siamo infatti ancora lontani dall\u2019 aver raggiunto la <a><\/a>parit\u00e0 e le pari opportunit\u00e0, ma non solo. Il bilancio delle vittime di femminicidio \u00e8 molto alto, e non solo non accenna a diminuire, ma sembra continuamente aumentare.<\/p>\n\n\n\n<p>L\u20198 marzo parliamone insieme.<\/p>\n\n\n\n<figure class=\"wp-block-image size-full\"><img decoding=\"async\" src=\"https:\/\/acquaviva.lavocedelpaese.info\/wp-content\/uploads\/2023\/03\/334669685_8757817867626637_1947068112382696500_n.jpg\" alt=\"\" class=\"wp-image-1135\" \/><\/figure>\n\n\n\n<figure class=\"wp-block-image size-full\"><img decoding=\"async\" width=\"542\" height=\"800\" src=\"https:\/\/acquaviva.lavocedelpaese.info\/wp-content\/uploads\/2023\/03\/330126644_1712520439164017_990871870695142315_n.jpg\" alt=\"\" class=\"wp-image-1136\" srcset=\"https:\/\/acquaviva.lavocedelpaese.info\/wp-content\/uploads\/2023\/03\/330126644_1712520439164017_990871870695142315_n.jpg 542w, https:\/\/acquaviva.lavocedelpaese.info\/wp-content\/uploads\/2023\/03\/330126644_1712520439164017_990871870695142315_n-203x300.jpg 203w\" sizes=\"(max-width: 542px) 100vw, 542px\" \/><\/figure>\n","protected":false},"excerpt":{"rendered":"<p>La storia della festa delle donne risale ai primi del Novecento e tuttavia la \u201cquestione\u201d femminile \u00e8, ancora oggi, pi\u00f9<\/p>\n","protected":false},"author":4,"featured_media":1135,"comment_status":"open","ping_status":"closed","sticky":false,"template":"","format":"standard","meta":{"colormag_page_container_layout":"default_layout","colormag_page_sidebar_layout":"default_layout","_monsterinsights_skip_tracking":false,"_monsterinsights_sitenote_active":false,"_monsterinsights_sitenote_note":"","_monsterinsights_sitenote_category":0,"footnotes":""},"categories":[2,30],"tags":[],"class_list":["post-1134","post","type-post","status-publish","format-standard","has-post-thumbnail","hentry","category-attualita","category-news"],"_links":{"self":[{"href":"https:\/\/acquaviva.lavocedelpaese.info\/index.php\/wp-json\/wp\/v2\/posts\/1134","targetHints":{"allow":["GET"]}}],"collection":[{"href":"https:\/\/acquaviva.lavocedelpaese.info\/index.php\/wp-json\/wp\/v2\/posts"}],"about":[{"href":"https:\/\/acquaviva.lavocedelpaese.info\/index.php\/wp-json\/wp\/v2\/types\/post"}],"author":[{"embeddable":true,"href":"https:\/\/acquaviva.lavocedelpaese.info\/index.php\/wp-json\/wp\/v2\/users\/4"}],"replies":[{"embeddable":true,"href":"https:\/\/acquaviva.lavocedelpaese.info\/index.php\/wp-json\/wp\/v2\/comments?post=1134"}],"version-history":[{"count":1,"href":"https:\/\/acquaviva.lavocedelpaese.info\/index.php\/wp-json\/wp\/v2\/posts\/1134\/revisions"}],"predecessor-version":[{"id":1137,"href":"https:\/\/acquaviva.lavocedelpaese.info\/index.php\/wp-json\/wp\/v2\/posts\/1134\/revisions\/1137"}],"wp:featuredmedia":[{"embeddable":true,"href":"https:\/\/acquaviva.lavocedelpaese.info\/index.php\/wp-json\/wp\/v2\/media\/1135"}],"wp:attachment":[{"href":"https:\/\/acquaviva.lavocedelpaese.info\/index.php\/wp-json\/wp\/v2\/media?parent=1134"}],"wp:term":[{"taxonomy":"category","embeddable":true,"href":"https:\/\/acquaviva.lavocedelpaese.info\/index.php\/wp-json\/wp\/v2\/categories?post=1134"},{"taxonomy":"post_tag","embeddable":true,"href":"https:\/\/acquaviva.lavocedelpaese.info\/index.php\/wp-json\/wp\/v2\/tags?post=1134"}],"curies":[{"name":"wp","href":"https:\/\/api.w.org\/{rel}","templated":true}]}}