{"id":1097,"date":"2023-02-27T21:00:00","date_gmt":"2023-02-27T21:00:00","guid":{"rendered":"https:\/\/acquaviva.lavocedelpaese.info\/?p=1097"},"modified":"2023-03-03T16:53:41","modified_gmt":"2023-03-03T16:53:41","slug":"lavoriamo-insieme-per-lunita-del-centrosinistra","status":"publish","type":"post","link":"https:\/\/acquaviva.lavocedelpaese.info\/index.php\/2023\/02\/27\/lavoriamo-insieme-per-lunita-del-centrosinistra\/","title":{"rendered":"Lavoriamo insieme per l&#8217;Unit\u00e0 del Centrosinistra!"},"content":{"rendered":"\n<p>Ad Acquaviva la vittoria di Elly Schlein \u00e8 stata netta: 211 voti rispetto ai 159 tributati alla mozione Bonaccini. Questo significa che la nostra citt\u00e0 ha voluto il cambiamento all&#8217;interno di un Partito che da ieri \u00e8 tornato a diventare un punto di riferimento importante anche per tutte quelle persone che vorrebbero una societ\u00e0 pi\u00f9 giusta e sostenibile ma non si sentono rappresentate. Che sentono la necessit\u00e0 di un deciso contrasto delle diseguaglianze, di una vera battaglia contro la precariet\u00e0 e lo sfruttamento del lavoro e di un piano urgente di cura del pianeta. E chiedono un Partito che possa lottare per un grande investimento nella sanit\u00e0 pubblica e universalistica, che sia impegnato anche nella difesa della scuola pubblica come primo grande strumento di emancipazione sociale, che si spenda per una vera progressivit\u00e0 fiscale e per una vera legge per un salario minimo garantito e per il diritto alla casa. Un Partito che garantisca il diritto all\u2019autodeterminazione per le persone con disabilit\u00e0, investendo sui progetti su \u201cVita indipendente\u201d e \u201cDopo di noi\u201d, sull\u2019inserimento lavorativo, ma anche assicurando l\u2019abbattimento di ogni barriera, architettonica, sociale e culturale, aumentando insegnanti ed educazione di sostegno, senza dimenticare diritti troppo spesso ignorati come quello all\u2019affettivit\u00e0 e alla sessualit\u00e0. Ora si pu\u00f2 costruire una comunit\u00e0 democratica molto pi\u00f9 ampia e vitale, coinvolgendo tanti cittadini disaffezionati alla politica.&nbsp;<\/p>\n\n\n\n<p>Insomma, la rivoluzione di ieri ci entusiasma ma ci impegna perch\u00e9 il lavoro da fare \u00e8 enorme!<\/p>\n\n\n\n<p class=\"has-text-align-right\"><strong>Il comitato Acquaviva per Elly<\/strong><\/p>\n","protected":false},"excerpt":{"rendered":"<p>Ad Acquaviva la vittoria di Elly Schlein \u00e8 stata netta: 211 voti rispetto ai 159 tributati alla mozione Bonaccini. Questo<\/p>\n","protected":false},"author":4,"featured_media":1098,"comment_status":"open","ping_status":"closed","sticky":false,"template":"","format":"standard","meta":{"colormag_page_container_layout":"default_layout","colormag_page_sidebar_layout":"default_layout","_monsterinsights_skip_tracking":false,"_monsterinsights_sitenote_active":false,"_monsterinsights_sitenote_note":"","_monsterinsights_sitenote_category":0,"footnotes":""},"categories":[30,3],"tags":[],"class_list":["post-1097","post","type-post","status-publish","format-standard","has-post-thumbnail","hentry","category-news","category-politica"],"_links":{"self":[{"href":"https:\/\/acquaviva.lavocedelpaese.info\/index.php\/wp-json\/wp\/v2\/posts\/1097","targetHints":{"allow":["GET"]}}],"collection":[{"href":"https:\/\/acquaviva.lavocedelpaese.info\/index.php\/wp-json\/wp\/v2\/posts"}],"about":[{"href":"https:\/\/acquaviva.lavocedelpaese.info\/index.php\/wp-json\/wp\/v2\/types\/post"}],"author":[{"embeddable":true,"href":"https:\/\/acquaviva.lavocedelpaese.info\/index.php\/wp-json\/wp\/v2\/users\/4"}],"replies":[{"embeddable":true,"href":"https:\/\/acquaviva.lavocedelpaese.info\/index.php\/wp-json\/wp\/v2\/comments?post=1097"}],"version-history":[{"count":1,"href":"https:\/\/acquaviva.lavocedelpaese.info\/index.php\/wp-json\/wp\/v2\/posts\/1097\/revisions"}],"predecessor-version":[{"id":1099,"href":"https:\/\/acquaviva.lavocedelpaese.info\/index.php\/wp-json\/wp\/v2\/posts\/1097\/revisions\/1099"}],"wp:featuredmedia":[{"embeddable":true,"href":"https:\/\/acquaviva.lavocedelpaese.info\/index.php\/wp-json\/wp\/v2\/media\/1098"}],"wp:attachment":[{"href":"https:\/\/acquaviva.lavocedelpaese.info\/index.php\/wp-json\/wp\/v2\/media?parent=1097"}],"wp:term":[{"taxonomy":"category","embeddable":true,"href":"https:\/\/acquaviva.lavocedelpaese.info\/index.php\/wp-json\/wp\/v2\/categories?post=1097"},{"taxonomy":"post_tag","embeddable":true,"href":"https:\/\/acquaviva.lavocedelpaese.info\/index.php\/wp-json\/wp\/v2\/tags?post=1097"}],"curies":[{"name":"wp","href":"https:\/\/api.w.org\/{rel}","templated":true}]}}