{"id":1090,"date":"2023-02-26T08:30:00","date_gmt":"2023-02-26T08:30:00","guid":{"rendered":"https:\/\/acquaviva.lavocedelpaese.info\/?p=1090"},"modified":"2023-03-04T14:04:09","modified_gmt":"2023-03-04T14:04:09","slug":"fratres-acquaviva-oggi-in-assemblea-annuale","status":"publish","type":"post","link":"https:\/\/acquaviva.lavocedelpaese.info\/index.php\/2023\/02\/26\/fratres-acquaviva-oggi-in-assemblea-annuale\/","title":{"rendered":"Fratres Acquaviva oggi in Assemblea Annuale"},"content":{"rendered":"\n<p><strong>&#8220;43 anni uniti nella solidariet\u00e0&#8221;<\/strong><\/p>\n\n\n\n<p><strong>di Isabella Giorgio<\/strong><\/p>\n\n\n\n<p>Si terr\u00e0 oggi, domenica 26 febbraio 2023 alle ore 17:30 presso la Sala comunale \u201cAngelillo D\u2019Ambrosio\u201d (sala Anagrafe) in piazza Vitt. Emanuele III\u00b0 ad Acquaviva delle Fonti, la consueta Assemblea annuale dell\u2019Associazione Donatori di Sangue \u201cFRATRES\u201d di Acquaviva delle Fonti.<\/p>\n\n\n\n<p>&#8220;L\u2019assemblea &#8211; ci comunica la <em>dott.ssa <\/em><strong>Francesca Marchesano<\/strong>, Presidente del locale Gruppo dei Donatori di Sangue FRATRES -sar\u00e0 preceduta dalla celebrazione della S. Messa presso la Cattedrale di Acquaviva, officiata da S.E. il Vescovo Giovanni Ricchiuti alle ore 12.00&#8243;.<\/p>\n\n\n\n<p>L&#8217;incontro assembleare vedr\u00e0 oltre ai consueti adempimenti statutari legati all&#8217;approvazione del bilancio consuntivo e preventivo, il pi\u00f9 interessante momento di premiazione dei soci con la tradizionale medaglia d&#8217;argento e d&#8217;oro che si sono distinti per numero di donazioni di sangue.<\/p>\n\n\n\n<p>Durante l&#8217;assemblea si far\u00e0 il punto della situazione sulle attivit\u00e0 svolte durante l&#8217;anno e saranno condivise con tutti i soci le iniziative da porre in campo nel medio e lungo termine. Non mancher\u00e0, inoltre, la possibilit\u00e0 di accogliere anche nuove indicazioni e suggerimenti per migliorare le finalit\u00e0 dell&#8217;associazione.<\/p>\n\n\n\n<p>Ricordiamo che il Gruppo Donatori di Sangue FRATRES di Acquaviva delle Fonti da ben 43 anni \u00e8 impegnato con determinazione e costanza a promuovere nella nostra comunit\u00e0 la sensibilizzazione alla donazione del sangue ed emocomponenti fondamentali per salvare vite umane e al tempo stesso promuovere la medicina preventiva.<\/p>\n\n\n\n<p>L&#8217;invito della Presidente Francesca Marchesano e del Direttivo, rivolto in modo particolare a tutti i soci donatori, \u00e8 quello di partecipare attivamente a questo importante momento non facendo mancare la propria testimonianza e presenza.<\/p>\n\n\n\n<p><\/p>\n\n\n\n<p><strong>Pubblichiamo di seguito la locandina dell&#8217;Evento:<\/strong><\/p>\n\n\n\n<figure class=\"wp-block-image size-full\"><img decoding=\"async\" width=\"565\" height=\"800\" src=\"https:\/\/acquaviva.lavocedelpaese.info\/wp-content\/uploads\/2023\/02\/Manifesto-Assemblea.jpg\" alt=\"\" class=\"wp-image-1091\" srcset=\"https:\/\/acquaviva.lavocedelpaese.info\/wp-content\/uploads\/2023\/02\/Manifesto-Assemblea.jpg 565w, https:\/\/acquaviva.lavocedelpaese.info\/wp-content\/uploads\/2023\/02\/Manifesto-Assemblea-212x300.jpg 212w\" sizes=\"(max-width: 565px) 100vw, 565px\" \/><\/figure>\n","protected":false},"excerpt":{"rendered":"<p>&#8220;43 anni uniti nella solidariet\u00e0&#8221; di Isabella Giorgio Si terr\u00e0 oggi, domenica 26 febbraio 2023 alle ore 17:30 presso la<\/p>\n","protected":false},"author":4,"featured_media":999,"comment_status":"open","ping_status":"closed","sticky":false,"template":"","format":"standard","meta":{"colormag_page_container_layout":"default_layout","colormag_page_sidebar_layout":"default_layout","_monsterinsights_skip_tracking":false,"_monsterinsights_sitenote_active":false,"_monsterinsights_sitenote_note":"","_monsterinsights_sitenote_category":0,"footnotes":""},"categories":[2,28],"tags":[],"class_list":["post-1090","post","type-post","status-publish","format-standard","has-post-thumbnail","hentry","category-attualita","category-primo-piano"],"_links":{"self":[{"href":"https:\/\/acquaviva.lavocedelpaese.info\/index.php\/wp-json\/wp\/v2\/posts\/1090","targetHints":{"allow":["GET"]}}],"collection":[{"href":"https:\/\/acquaviva.lavocedelpaese.info\/index.php\/wp-json\/wp\/v2\/posts"}],"about":[{"href":"https:\/\/acquaviva.lavocedelpaese.info\/index.php\/wp-json\/wp\/v2\/types\/post"}],"author":[{"embeddable":true,"href":"https:\/\/acquaviva.lavocedelpaese.info\/index.php\/wp-json\/wp\/v2\/users\/4"}],"replies":[{"embeddable":true,"href":"https:\/\/acquaviva.lavocedelpaese.info\/index.php\/wp-json\/wp\/v2\/comments?post=1090"}],"version-history":[{"count":2,"href":"https:\/\/acquaviva.lavocedelpaese.info\/index.php\/wp-json\/wp\/v2\/posts\/1090\/revisions"}],"predecessor-version":[{"id":1104,"href":"https:\/\/acquaviva.lavocedelpaese.info\/index.php\/wp-json\/wp\/v2\/posts\/1090\/revisions\/1104"}],"wp:featuredmedia":[{"embeddable":true,"href":"https:\/\/acquaviva.lavocedelpaese.info\/index.php\/wp-json\/wp\/v2\/media\/999"}],"wp:attachment":[{"href":"https:\/\/acquaviva.lavocedelpaese.info\/index.php\/wp-json\/wp\/v2\/media?parent=1090"}],"wp:term":[{"taxonomy":"category","embeddable":true,"href":"https:\/\/acquaviva.lavocedelpaese.info\/index.php\/wp-json\/wp\/v2\/categories?post=1090"},{"taxonomy":"post_tag","embeddable":true,"href":"https:\/\/acquaviva.lavocedelpaese.info\/index.php\/wp-json\/wp\/v2\/tags?post=1090"}],"curies":[{"name":"wp","href":"https:\/\/api.w.org\/{rel}","templated":true}]}}