{"id":1086,"date":"2023-02-25T12:45:00","date_gmt":"2023-02-25T12:45:00","guid":{"rendered":"https:\/\/acquaviva.lavocedelpaese.info\/?p=1086"},"modified":"2023-02-26T07:49:21","modified_gmt":"2023-02-26T07:49:21","slug":"congresso-costituente-nazionale-verso-un-nuovo-pd","status":"publish","type":"post","link":"https:\/\/acquaviva.lavocedelpaese.info\/index.php\/2023\/02\/25\/congresso-costituente-nazionale-verso-un-nuovo-pd\/","title":{"rendered":"Congresso Costituente Nazionale. verso un nuovo PD"},"content":{"rendered":"\n<p><\/p>\n\n\n\n<p>Il 26 febbraio il <a href=\"https:\/\/www.facebook.com\/partitodemocratico?__cft__[0]=AZVokRfypkZKtwNjBLEdXCggCfshUcyzrKIFzp_207IKBftRq3xRH43a9HHgbv7WRDITBeKlGAU1HANt9nJEQAFR4cjeRJw52qIxD98sYKDSm-Op3xreJfpbrFE73ey6nFJ7Is8xHJOj1KilTYgFaWYU29kykwVmmvmjebDlwHapFUE7l5B-Bwhz-43wBZU3LvY&amp;__tn__=-]K-R\" target=\"_blank\" rel=\"noreferrer noopener\">Partito Democratico<\/a> celebrer\u00e0 l&#8217;ultimo atto della fase congressuale. La fase costituente che ha portato il Partito, uscito sconfitto dalle elezioni politiche, a ritornare sui suoi passi cercando di fare ammenda di quanto non si sia fatto in questi anni o di scelte sbagliate che ci hanno visti lontani dal paese reale. Una fase congressuale che ha ridato nuova verve alle mozioni, tale da sfidarsi su un&#8217;idea di paese, che ha rigenerato e rincuorato una parte degli elettori ad avere ancora speranza e iniziare di nuovo una vera discussione volta a trovare post 26 una nuova identit\u00e0 e una nuova credibilit\u00e0 agli occhi degli elettori. Il <a href=\"https:\/\/www.facebook.com\/Segreteriacquavivese?__cft__[0]=AZVokRfypkZKtwNjBLEdXCggCfshUcyzrKIFzp_207IKBftRq3xRH43a9HHgbv7WRDITBeKlGAU1HANt9nJEQAFR4cjeRJw52qIxD98sYKDSm-Op3xreJfpbrFE73ey6nFJ7Is8xHJOj1KilTYgFaWYU29kykwVmmvmjebDlwHapFUE7l5B-Bwhz-43wBZU3LvY&amp;__tn__=-]K-R\" target=\"_blank\" rel=\"noreferrer noopener\">Partito Democratico Acquaviva delle Fonti<\/a> vi aspetta domenica 26 alla sala Events, in via Roma al civico 5, per celebrare il congresso nazionale. A sfidarsi, dopo la fase delle mozioni interne al Partito, saranno il presidente dell&#8217;Emilia Romagna Stefano Bonaccini e l&#8217;onorevole ed ex vicepresidente dell&#8217;Emilia Elly Schlein.<\/p>\n\n\n\n<p>Possono votare presso i gazebo sul territorio tutti i cittadini e le cittadine italiani. Non serve per forza essere iscritti al Pd per partecipare alla votazione, purch\u00e8 questi cittadini &#8220;dichiarino di riconoscersi nella proposta politica del Partito Democratico, di sostenerlo alle elezioni e accettino di essere registrati nell\u2019Albo pubblico delle elettrici e degli elettori&#8221;.<\/p>\n\n\n\n<p>Possono votare presso i gazebo sul territorio anche i cittadini stranieri residenti in Italia, i minori dai 16 anni in su, i lavoratori e gli studenti fuori sede. Queste categorie devono pre-registrarsi sulla piattaforma inserendo la documentazione richiesta e selezionando il gazebo della zona in cui vivono (entro le ore 12:00 del 24 febbraio).<\/p>\n\n\n\n<p>Per votare serve un documento che attesti l&#8217;identit\u00e0 e la residenza, in modo che sia chiara l&#8217;appartenenza al territorio di competenza del gazebo.<\/p>\n\n\n\n<p>Viene richiesto un contributo di 2 euro per sostenere le spese organizzative. Chi \u00e8 gi\u00e0 iscritto al Pd non dovr\u00e0 versare questo contributo.<\/p>\n\n\n\n<p>Vi invitiamo a partecipare numerosi e motivati, per ricostruire il nuovo Partito.<\/p>\n\n\n\n<p><strong>Il Segretario Cittadino<\/strong><\/p>\n\n\n\n<p><strong>Francesco Lepenne<\/strong><\/p>\n\n\n\n<figure class=\"wp-block-image size-full\"><img decoding=\"async\" src=\"https:\/\/acquaviva.lavocedelpaese.info\/wp-content\/uploads\/2023\/02\/1677321625985.jpg\" alt=\"\" class=\"wp-image-1087\" \/><\/figure>\n\n\n\n<figure class=\"wp-block-image size-full\"><img decoding=\"async\" width=\"800\" height=\"800\" src=\"https:\/\/acquaviva.lavocedelpaese.info\/wp-content\/uploads\/2023\/02\/1677321625953.jpg\" alt=\"\" class=\"wp-image-1088\" srcset=\"https:\/\/acquaviva.lavocedelpaese.info\/wp-content\/uploads\/2023\/02\/1677321625953.jpg 800w, https:\/\/acquaviva.lavocedelpaese.info\/wp-content\/uploads\/2023\/02\/1677321625953-300x300.jpg 300w, https:\/\/acquaviva.lavocedelpaese.info\/wp-content\/uploads\/2023\/02\/1677321625953-150x150.jpg 150w, https:\/\/acquaviva.lavocedelpaese.info\/wp-content\/uploads\/2023\/02\/1677321625953-768x768.jpg 768w\" sizes=\"(max-width: 800px) 100vw, 800px\" \/><\/figure>\n","protected":false},"excerpt":{"rendered":"<p>Il 26 febbraio il Partito Democratico celebrer\u00e0 l&#8217;ultimo atto della fase congressuale. La fase costituente che ha portato il Partito,<\/p>\n","protected":false},"author":4,"featured_media":1087,"comment_status":"open","ping_status":"closed","sticky":false,"template":"","format":"standard","meta":{"colormag_page_container_layout":"default_layout","colormag_page_sidebar_layout":"default_layout","_monsterinsights_skip_tracking":false,"_monsterinsights_sitenote_active":false,"_monsterinsights_sitenote_note":"","_monsterinsights_sitenote_category":0,"footnotes":""},"categories":[30,3],"tags":[],"class_list":["post-1086","post","type-post","status-publish","format-standard","has-post-thumbnail","hentry","category-news","category-politica"],"_links":{"self":[{"href":"https:\/\/acquaviva.lavocedelpaese.info\/index.php\/wp-json\/wp\/v2\/posts\/1086","targetHints":{"allow":["GET"]}}],"collection":[{"href":"https:\/\/acquaviva.lavocedelpaese.info\/index.php\/wp-json\/wp\/v2\/posts"}],"about":[{"href":"https:\/\/acquaviva.lavocedelpaese.info\/index.php\/wp-json\/wp\/v2\/types\/post"}],"author":[{"embeddable":true,"href":"https:\/\/acquaviva.lavocedelpaese.info\/index.php\/wp-json\/wp\/v2\/users\/4"}],"replies":[{"embeddable":true,"href":"https:\/\/acquaviva.lavocedelpaese.info\/index.php\/wp-json\/wp\/v2\/comments?post=1086"}],"version-history":[{"count":1,"href":"https:\/\/acquaviva.lavocedelpaese.info\/index.php\/wp-json\/wp\/v2\/posts\/1086\/revisions"}],"predecessor-version":[{"id":1089,"href":"https:\/\/acquaviva.lavocedelpaese.info\/index.php\/wp-json\/wp\/v2\/posts\/1086\/revisions\/1089"}],"wp:featuredmedia":[{"embeddable":true,"href":"https:\/\/acquaviva.lavocedelpaese.info\/index.php\/wp-json\/wp\/v2\/media\/1087"}],"wp:attachment":[{"href":"https:\/\/acquaviva.lavocedelpaese.info\/index.php\/wp-json\/wp\/v2\/media?parent=1086"}],"wp:term":[{"taxonomy":"category","embeddable":true,"href":"https:\/\/acquaviva.lavocedelpaese.info\/index.php\/wp-json\/wp\/v2\/categories?post=1086"},{"taxonomy":"post_tag","embeddable":true,"href":"https:\/\/acquaviva.lavocedelpaese.info\/index.php\/wp-json\/wp\/v2\/tags?post=1086"}],"curies":[{"name":"wp","href":"https:\/\/api.w.org\/{rel}","templated":true}]}}