{"id":1073,"date":"2023-02-24T19:31:10","date_gmt":"2023-02-24T19:31:10","guid":{"rendered":"https:\/\/acquaviva.lavocedelpaese.info\/?p=1073"},"modified":"2023-02-26T07:43:39","modified_gmt":"2023-02-26T07:43:39","slug":"lhair-stylist-massimo-colapietro-alla-milano-fashion-week-2023","status":"publish","type":"post","link":"https:\/\/acquaviva.lavocedelpaese.info\/index.php\/2023\/02\/24\/lhair-stylist-massimo-colapietro-alla-milano-fashion-week-2023\/","title":{"rendered":"L&#8217;hair stylist Massimo Colapietro alla Milano Fashion Week 2023"},"content":{"rendered":"\n<p><strong>Il noto parrucchiere acquavivese prender\u00e0 parte al backstage delle sfilate di Mod<\/strong>a<\/p>\n\n\n\n<p><strong>Domani sar\u00e0 a Milano per occuparsi delle acconciature per le modelle che sfileranno per i grandi brand di abbigliamento<\/strong><\/p>\n\n\n\n<p class=\"has-text-align-center\"><strong>Max Colapietro<\/strong>: <em><strong>\u201cSono carichissimo!<\/strong><\/em><\/p>\n\n\n\n<p class=\"has-text-align-center\"><em><strong>Non vedo l&#8217;ora di vivere questa mia seconda esperienza\u201d<\/strong><\/em><\/p>\n\n\n\n<p><\/p>\n\n\n\n<p class=\"has-text-align-center\"><strong>di Isabella Giorgio<\/strong><\/p>\n\n\n\n<figure class=\"wp-block-image size-full\"><img decoding=\"async\" width=\"746\" height=\"800\" src=\"https:\/\/acquaviva.lavocedelpaese.info\/wp-content\/uploads\/2023\/02\/e4133d67-4642-48e5-8119-9f0a6dc3d6cd.jpg\" alt=\"\" class=\"wp-image-1074\" srcset=\"https:\/\/acquaviva.lavocedelpaese.info\/wp-content\/uploads\/2023\/02\/e4133d67-4642-48e5-8119-9f0a6dc3d6cd.jpg 746w, https:\/\/acquaviva.lavocedelpaese.info\/wp-content\/uploads\/2023\/02\/e4133d67-4642-48e5-8119-9f0a6dc3d6cd-280x300.jpg 280w\" sizes=\"(max-width: 746px) 100vw, 746px\" \/><\/figure>\n\n\n\n<p>Un parrucchiere acquavivese tra i protagonisti della Milano Fashion Week 2023, l&#8217;evento dedicato alla Moda che si svolge nel capoluogo lombardo dal 21 al 27 febbraio.<\/p>\n\n\n\n<p>Si tratta di Massimo Colapietro, 45 anni Hair Stylist e formatore per @theclubitalia @wellaprofessionals_italia @wellahair Top colorist club Italia #wellaitalia, titolare @i_colapietro_parrucchieri in Piazza Kolbe 7\/A ad Acquaviva delle Fonti.<\/p>\n\n\n\n<p><strong>Incuriositi, lo abbiamo incontrato per rivolgergli qualche domanda.<\/strong><\/p>\n\n\n\n<p>\u201cPartecipare alla Milano Fashion Week \u2013 commenta a caldo prima della partenza <strong>Massimo Colapietro <\/strong>&#8211; sar\u00e0 un&#8217;esperienza davvero unica, e in questa edizione che respirer\u00f2 davvero un&#8217;aria di rinascita e grande fermento creativo come non capitava purtroppo da tanti anni. Tutte le nuove ispirazioni che vivir\u00f2 nei backstage sono linfa preziosa per il mio lavoro di ogni giorno in salone. Poter lavorare a contatto con grandi hair stylist internazionali su celebrity e modelle di fama mondiale mi consentir\u00e0 di affinare le mie competenze per rendere sempre pi\u00f9 belle le clienti che si affidano a me e al mio staff\u201d.<\/p>\n\n\n\n<p><strong>Lavorer\u00e0 per Wella, azienda partners dell&#8217;evento MFW 2023, con il team &#8216;the best club&#8217; di cui \u00e8 formatore.<\/strong><\/p>\n\n\n\n<p>\u201cLa Milano Fashion Week \u00e8 per noi formatori una vetrina importante a livello nazionale, un vero e proprio trampolino di lancio. \u00c8 un&#8217;esperienza individuale ma che al tempo stesso ci accomuna come team, siamo una community. Abbiamo partecipato pi\u00f9 volte anche a l&#8217;Alta Roma, siamo un gruppo che parla di metodo, abbiamo quell&#8217;ordine anche nel backstage\u201d.<\/p>\n\n\n\n<figure class=\"wp-block-image size-full\"><img decoding=\"async\" width=\"1000\" height=\"555\" src=\"https:\/\/acquaviva.lavocedelpaese.info\/wp-content\/uploads\/2023\/02\/a7adc709-3a9c-414f-bf40-4d91b7111a85.jpg\" alt=\"\" class=\"wp-image-1075\" srcset=\"https:\/\/acquaviva.lavocedelpaese.info\/wp-content\/uploads\/2023\/02\/a7adc709-3a9c-414f-bf40-4d91b7111a85.jpg 1000w, https:\/\/acquaviva.lavocedelpaese.info\/wp-content\/uploads\/2023\/02\/a7adc709-3a9c-414f-bf40-4d91b7111a85-300x167.jpg 300w, https:\/\/acquaviva.lavocedelpaese.info\/wp-content\/uploads\/2023\/02\/a7adc709-3a9c-414f-bf40-4d91b7111a85-768x426.jpg 768w, https:\/\/acquaviva.lavocedelpaese.info\/wp-content\/uploads\/2023\/02\/a7adc709-3a9c-414f-bf40-4d91b7111a85-800x445.jpg 800w\" sizes=\"(max-width: 1000px) 100vw, 1000px\" \/><\/figure>\n\n\n\n<p><strong>Alla luce della tua esperienza, questa \u00e8 la tua seconda partecipazione alla MFW, quali difficolt\u00e0 potresti incontrare?<\/strong><\/p>\n\n\n\n<p>\u201cSpesso le sale sono molto piccole, tra modelle e parrucchieri siamo in tanti, l&#8217;odine deve essere la prima cosa. Le acconciature e pettinature richieste dalla\/o stilista del bran devono essere molto simili e curate, vanno realizzate nei tempi giusti. Parliamo di un evento mondiale di alto livello\u201d.<\/p>\n\n\n\n<p><strong>Da quanti anni svolgi questa professione?<\/strong><\/p>\n\n\n\n<p>\u201cA luglio copir\u00f2 46 anni, ho iniziato ad 8 anni nel salone di mio padre con il fare la barba, a 15 anni ho fatto il salto nel settore donna, a 23 anni ho deciso di iniziare la mia esperienza personale e aprire il mio primo salone, mi sono sempre occupato della donna. Per me la Formazione \u00e8 sempre stata fondamentale, chi fa il formatore allo stesso tempo si forma per comunicare e trasferire esperienze e metodiche. Il vantaggio \u00e8 doppio: vivere queste emozioni attraverso le sale educational che facciamo quando eroghiamo i corsi ed essere partecipi di questi grandi eventi. Non tutti possono partecipare. Elementi come l&#8217;arte, l&#8217;esperienza, l&#8217;emozione non viaggiano da soli, ci vuole sempre il Metodo alla base, \u00e8 una \u00e8 una guida per tirar fuori quello che ciascuno di noi ha dentro. Ci sono stati momenti negativi che fanno parte del percorso e che ti tornano utili, i tanti sacrifici, il viaggiare sempre sacrificando le domeniche e i luned\u00ec, sono per\u00f2 abbastanza soddisfatto e gratificato al momento. Aspetto di viverla, sono caricatissimo! Dopo la pandemia vivremo un&#8217;esperienza diversa, dopo il Covid molte cose sono cambiate&#8230; anche la presenza settimanale delle clienti, \u00e8 diminuita, per\u00f2 sono pi\u00f9 ricche di servizi. Oggi la cliente richiede un servizio e una qualit\u00e0 molto pi\u00f9 alta, preferisce venire 2-3 volte in meno all&#8217;anno, riduce la frequenza ma c&#8217;\u00e8 un&#8217;esigenza di una qualit\u00e0. Oltre al colore si scelgono trattamenti da fare anche a casa per mantenerlo. Il servizio ha avuto un costo importante, noi entriamo nelle loro case\u201d.<\/p>\n\n\n\n<p><strong>I vostri consigli sono fondamentali&#8230;<\/strong><\/p>\n\n\n\n<p>\u201cIl cliente \u00e8 informato e bombardato dai social, il consiglio migliore \u00e8 solo l&#8217;esperto che pu\u00f2 dartelo. Oggi viviamo in un mondo digitale abbastanza evoluto\u201d.<\/p>\n\n\n\n<div class=\"wp-block-columns is-layout-flex wp-container-core-columns-is-layout-28f84493 wp-block-columns-is-layout-flex\">\n<div class=\"wp-block-column is-layout-flow wp-block-column-is-layout-flow\" style=\"flex-basis:100%\">\n<figure class=\"wp-block-image size-full\"><img decoding=\"async\" width=\"463\" height=\"800\" src=\"https:\/\/acquaviva.lavocedelpaese.info\/wp-content\/uploads\/2023\/02\/Massimo-Colapietro-alla-MFW.jpg\" alt=\"\" class=\"wp-image-1077\" srcset=\"https:\/\/acquaviva.lavocedelpaese.info\/wp-content\/uploads\/2023\/02\/Massimo-Colapietro-alla-MFW.jpg 463w, https:\/\/acquaviva.lavocedelpaese.info\/wp-content\/uploads\/2023\/02\/Massimo-Colapietro-alla-MFW-174x300.jpg 174w\" sizes=\"(max-width: 463px) 100vw, 463px\" \/><\/figure>\n<\/div>\n<\/div>\n\n\n\n<p><strong>Che altro dire?<\/strong><\/p>\n\n\n\n<p>\u201cA mio avviso questa esperienza sar\u00e0 certamente diversa: alcuni brand seguiranno linee pulite e morbide, secondo la mia visione ci saranno sfilate dove vedremo teste dello stesso brand fatte in maniera diversa. Oggi parliamo di una diversit\u00e0: ognuno vuole raggiungere il proprio Io, non per una questione di Ego ma di benessere mentale, trovare la propria identit\u00e0 e il proprio equilibrio, che passa anche attraverso il look, il modo di vestirsi, la scelta a quale sesso orientarsi. Il futuro \u00e8 questo e il futuro inizia oggi. Dopo il Covid molte cose sono uscite fuori, c&#8217;\u00e8 questo senso di libert\u00e0 e di essere unici. Tanti anni fa la cliente si presentava in salone con dei santini di una musa a cui ispirarsi per la propria acconciatura. Oggi si cerca l&#8217;originalit\u00e0, il sartoriale, il pezzo unico. C&#8217;\u00e8 l&#8217;ho solo io anche con un colore stravagante. Questa \u00e8 la visione che io ho prima di partire per la Milano Fashion Week 2023\u201d.<\/p>\n\n\n\n<p class=\"has-text-align-right\"><strong>ISABELLA GIORGIO<\/strong><\/p>\n\n\n\n<figure class=\"wp-block-image size-full\"><img decoding=\"async\" width=\"475\" height=\"800\" src=\"https:\/\/acquaviva.lavocedelpaese.info\/wp-content\/uploads\/2023\/02\/Massimo-Colapietro_foto-MFW.jpg\" alt=\"\" class=\"wp-image-1078\" srcset=\"https:\/\/acquaviva.lavocedelpaese.info\/wp-content\/uploads\/2023\/02\/Massimo-Colapietro_foto-MFW.jpg 475w, https:\/\/acquaviva.lavocedelpaese.info\/wp-content\/uploads\/2023\/02\/Massimo-Colapietro_foto-MFW-178x300.jpg 178w\" sizes=\"(max-width: 475px) 100vw, 475px\" \/><\/figure>\n\n\n\n<figure class=\"wp-block-image size-full\"><img decoding=\"async\" width=\"1000\" height=\"738\" src=\"https:\/\/acquaviva.lavocedelpaese.info\/wp-content\/uploads\/2023\/02\/Hair-Stylist-Max-Colapietro.jpg\" alt=\"\" class=\"wp-image-1080\" srcset=\"https:\/\/acquaviva.lavocedelpaese.info\/wp-content\/uploads\/2023\/02\/Hair-Stylist-Max-Colapietro.jpg 1000w, https:\/\/acquaviva.lavocedelpaese.info\/wp-content\/uploads\/2023\/02\/Hair-Stylist-Max-Colapietro-300x221.jpg 300w, https:\/\/acquaviva.lavocedelpaese.info\/wp-content\/uploads\/2023\/02\/Hair-Stylist-Max-Colapietro-768x567.jpg 768w\" sizes=\"(max-width: 1000px) 100vw, 1000px\" \/><\/figure>\n\n\n\n<figure class=\"wp-block-image size-full\"><img decoding=\"async\" width=\"1000\" height=\"698\" src=\"https:\/\/acquaviva.lavocedelpaese.info\/wp-content\/uploads\/2023\/02\/i-colapietro-parrucchieri.jpg\" alt=\"\" class=\"wp-image-1081\" srcset=\"https:\/\/acquaviva.lavocedelpaese.info\/wp-content\/uploads\/2023\/02\/i-colapietro-parrucchieri.jpg 1000w, https:\/\/acquaviva.lavocedelpaese.info\/wp-content\/uploads\/2023\/02\/i-colapietro-parrucchieri-300x209.jpg 300w, https:\/\/acquaviva.lavocedelpaese.info\/wp-content\/uploads\/2023\/02\/i-colapietro-parrucchieri-768x536.jpg 768w, https:\/\/acquaviva.lavocedelpaese.info\/wp-content\/uploads\/2023\/02\/i-colapietro-parrucchieri-130x90.jpg 130w\" sizes=\"(max-width: 1000px) 100vw, 1000px\" \/><\/figure>\n","protected":false},"excerpt":{"rendered":"<p>Il noto parrucchiere acquavivese prender\u00e0 parte al backstage delle sfilate di Moda Domani sar\u00e0 a Milano per occuparsi delle acconciature<\/p>\n","protected":false},"author":4,"featured_media":1082,"comment_status":"open","ping_status":"closed","sticky":false,"template":"","format":"standard","meta":{"colormag_page_container_layout":"default_layout","colormag_page_sidebar_layout":"default_layout","_monsterinsights_skip_tracking":false,"_monsterinsights_sitenote_active":false,"_monsterinsights_sitenote_note":"","_monsterinsights_sitenote_category":0,"footnotes":""},"categories":[2,6,28],"tags":[],"class_list":["post-1073","post","type-post","status-publish","format-standard","has-post-thumbnail","hentry","category-attualita","category-eventi","category-primo-piano"],"_links":{"self":[{"href":"https:\/\/acquaviva.lavocedelpaese.info\/index.php\/wp-json\/wp\/v2\/posts\/1073","targetHints":{"allow":["GET"]}}],"collection":[{"href":"https:\/\/acquaviva.lavocedelpaese.info\/index.php\/wp-json\/wp\/v2\/posts"}],"about":[{"href":"https:\/\/acquaviva.lavocedelpaese.info\/index.php\/wp-json\/wp\/v2\/types\/post"}],"author":[{"embeddable":true,"href":"https:\/\/acquaviva.lavocedelpaese.info\/index.php\/wp-json\/wp\/v2\/users\/4"}],"replies":[{"embeddable":true,"href":"https:\/\/acquaviva.lavocedelpaese.info\/index.php\/wp-json\/wp\/v2\/comments?post=1073"}],"version-history":[{"count":2,"href":"https:\/\/acquaviva.lavocedelpaese.info\/index.php\/wp-json\/wp\/v2\/posts\/1073\/revisions"}],"predecessor-version":[{"id":1085,"href":"https:\/\/acquaviva.lavocedelpaese.info\/index.php\/wp-json\/wp\/v2\/posts\/1073\/revisions\/1085"}],"wp:featuredmedia":[{"embeddable":true,"href":"https:\/\/acquaviva.lavocedelpaese.info\/index.php\/wp-json\/wp\/v2\/media\/1082"}],"wp:attachment":[{"href":"https:\/\/acquaviva.lavocedelpaese.info\/index.php\/wp-json\/wp\/v2\/media?parent=1073"}],"wp:term":[{"taxonomy":"category","embeddable":true,"href":"https:\/\/acquaviva.lavocedelpaese.info\/index.php\/wp-json\/wp\/v2\/categories?post=1073"},{"taxonomy":"post_tag","embeddable":true,"href":"https:\/\/acquaviva.lavocedelpaese.info\/index.php\/wp-json\/wp\/v2\/tags?post=1073"}],"curies":[{"name":"wp","href":"https:\/\/api.w.org\/{rel}","templated":true}]}}