{"id":1069,"date":"2023-02-24T12:03:03","date_gmt":"2023-02-24T12:03:03","guid":{"rendered":"https:\/\/acquaviva.lavocedelpaese.info\/?p=1069"},"modified":"2023-02-24T12:03:41","modified_gmt":"2023-02-24T12:03:41","slug":"segreteria-nazionale-pd-appello-finale-per-elly-schlein","status":"publish","type":"post","link":"https:\/\/acquaviva.lavocedelpaese.info\/index.php\/2023\/02\/24\/segreteria-nazionale-pd-appello-finale-per-elly-schlein\/","title":{"rendered":"Segreteria nazionale Pd, appello finale per Elly Schlein"},"content":{"rendered":"\n<p>Comitato PARTE DA NOI<\/p>\n\n\n\n<p>Elly Schlein<\/p>\n\n\n\n<p><strong>Contrasto delle diseguaglianze, battaglia contro la precariet\u00e0 e lo sfruttamento del lavoro e cura del pianeta. Un nuovo contratto sociale senza ambiguit\u00e0<\/strong><\/p>\n\n\n\n<p>VENERD\u00cc 24 FEBBRAIO 2023<\/p>\n\n\n\n<p>Domenica prossima iscritti e simpatizzanti del Partito democratico si esprimeranno per l\u2019elezione del segretario o della segretaria nazionale. Il comitato \u201cParte da noi\u201d, che fa riferimento a Elly Schlein ha firmato l\u2019appello finale a sostegno della candidata alla segreteria.<\/p>\n\n\n\n<p>Un <strong>nuovo contratto sociale<\/strong> vuol dire lottare per un grande investimento nella sanit\u00e0 pubblica e universalistica, difenderla dagli attacchi di chi la vuole tagliare e privatizzare. Dobbiamo investire di pi\u00f9 sul settore pubblico, allineando gli stanziamenti con la media europea, per realizzare una sanit\u00e0 sempre pi\u00f9 territoriale e domiciliare. Dobbiamo aumentare i posti di specializzazione e l\u2019offerta didattica delle facolt\u00e0 di medicina. Investire sull\u2019assistenza domiciliare integrata per le persone anziane e non autosufficienti e ramificare una rete capillare di pres\u00ecdi sociosanitari territoriali, come le case della comunit\u00e0, che avvicinino la risposta a dove le persone esprimono il proprio bisogno di cura.<\/p>\n\n\n\n<p>Un nuovo contratto sociale vuol dire immaginare un nuovo welfare di prossimit\u00e0, che non si limiti ad assistere bens\u00ec a costruire percorsi di emancipazione e di autonomia. Perch\u00e9 <strong>in questo Paese bisogna tornare a dire con forza che il welfare non \u00e8 un costo ma un investimento<\/strong>. \u00c8 necessario investire nelle infrastrutture sociali e nei servizi per le persone con disabilit\u00e0 e le persone anziane non autosufficienti e approvare una legge sui bisogni dei caregiver. Bisogna garantire il diritto all\u2019autodeterminazione per le persone con disabilit\u00e0, investendo sui progetti su \u201cVita indipendente\u201d e \u201cDopo di noi\u201d, sull\u2019inserimento lavorativo, ma anche assicurando l\u2019abbattimento di ogni barriera, architettonica, sociale e culturale, aumentando insegnanti ed educazione di sostegno, senza dimenticare diritti troppo spesso ignorati come quello all\u2019affettivit\u00e0 e alla sessualit\u00e0.<\/p>\n\n\n\n<p>Un nuovo contratto sociale vuol dire ricominciare a credere e investire <strong>nell\u2019istruzione pubblica come primo grande strumento di emancipazione sociale<\/strong>. Un\u2019educazione che parta dai primissimi anni di vita e che estenda l\u2019obbligo formativo a 18 anni. Bisogna restituire dignit\u00e0 al ruolo sociale di chi insegna. Ridurre il numero di bambini e bambine nelle classi e ampliare il tempo pieno. Garantire la presenza di insegnanti e personale educativo di sostegno. Rendere gratuito l\u2019accesso all\u2019istruzione garantendo i libri di testo, il trasporto pubblico, le rette universitarie per le famiglie pi\u00f9 fragili e quelle del ceto medio.<\/p>\n\n\n\n<p>Un nuovo contratto sociale vuol dire <strong>progressivit\u00e0 fiscale<\/strong>: chi ha di pi\u00f9 deve contribuire in proporzione maggiore al benessere collettivo. La strada da seguire \u00e8 spostare il carico fiscale dal lavoro e dall\u2019impresa alle rendite e alle emissioni climalteranti.<\/p>\n\n\n\n<p>Un nuovo contratto sociale vuol dire rimettere al centro della nostra azione politica <strong>il diritto fondamentale alla casa<\/strong>, rilanciando l\u2019edilizia residenziale pubblica e rafforzando gli strumenti per chi \u00e8 pi\u00f9 in difficolt\u00e0 a pagare l\u2019affitto e per recuperare al mercato delle locazioni una parte delle abitazioni sfitte.<\/p>\n\n\n\n<p>Un nuovo contratto sociale vuol dire una *legge sul clima*, che accompagni ogni settore economico ad abbattere le emissioni garantendo che la conversione ecologica sia equa e inclusiva, conveniente per tutte e tutti. Investire sulle fonti rinnovabili \u00e8 decisivo per ridurre le emissioni ma ci rende anche indipendenti dal punto di vista energetico e taglia le bollette, perch\u00e9 i costi di produzione oggi sono di gran lunga inferiori a quelli da petrolio e gas. Il percorso della transizione ecologica passa anche da una legge che contrasti il consumo di suolo e una nuova legislazione urbanistica e dallo sviluppo dell\u2019economia circolare superando discariche e inceneritori e della mobilit\u00e0 sostenibile.<\/p>\n\n\n\n<p>Un nuovo contratto sociale significa <strong>lotta serrata alla precariet\u00e0 e allo sfruttamento<\/strong>, limitando il ricorso ai contratti a tempo determinato a partire da quelli di brevissima durata, come hanno fatto in Spagna. Gli <strong>stage extra curriculari gratuiti vanno aboliti e dobbiamo recepire nella legislazione le sentenze della Corte Costituzionale sulla disciplina dei licenziamenti illegittimi<\/strong>. Serve una <strong>legge sulla rappresentanza che faccia piazza pulita dei contratti pirata che condannano interi settori a una precariet\u00e0 esistenziale. \u00c8 tempo di introdurre, cos\u00ec come proposto dal PD in Parlamento, il salario minimo e una legge per l\u2019equo compenso dei professionisti. Infine, \u00e8 tempo di sperimentare la riduzione dell\u2019orario di lavoro a parit\u00e0 di salario. La settimana di 4 giorni lavorativi<\/strong> pu\u00f2 migliorare la qualit\u00e0 del lavoro e il tasso di occupazione, restituire tempo di vita e benessere alle persone, stimolare la produttivit\u00e0 e ridurre le emissioni climalteranti.<\/p>\n\n\n\n<p>Questi alcuni <strong>temi<\/strong> toccati in queste settimane da Elly Schlein che hanno creato grande entusiasmo che adesso deve tradursi nell\u2019elezione di ELLY SCHLEIN a segretaria del Partito Democratico.<\/p>\n\n\n\n<p>L\u2019invito ad Acquaviva delle Fonti \u00e8 per tutti i cittadini italiani e stranieri residenti a partire dal 16esimo anno di et\u00e0, anche non iscritti al Partito Democratico, a domenica dalle 8 alle 20 presso la sala Events su via Roma n.5, presentando un documento di riconoscimento, tessera elettorale e un contributo di 2 euro.<\/p>\n\n\n\n<p class=\"has-text-align-right\">Il comitato<strong> Parte Da Noi Acquaviva<\/strong><\/p>\n\n\n\n<p><\/p>\n\n\n\n<figure class=\"wp-block-image size-full\"><img decoding=\"async\" width=\"800\" height=\"800\" src=\"https:\/\/acquaviva.lavocedelpaese.info\/wp-content\/uploads\/2023\/02\/1677233680829.jpg\" alt=\"\" class=\"wp-image-1070\" srcset=\"https:\/\/acquaviva.lavocedelpaese.info\/wp-content\/uploads\/2023\/02\/1677233680829.jpg 800w, https:\/\/acquaviva.lavocedelpaese.info\/wp-content\/uploads\/2023\/02\/1677233680829-300x300.jpg 300w, https:\/\/acquaviva.lavocedelpaese.info\/wp-content\/uploads\/2023\/02\/1677233680829-150x150.jpg 150w, https:\/\/acquaviva.lavocedelpaese.info\/wp-content\/uploads\/2023\/02\/1677233680829-768x768.jpg 768w\" sizes=\"(max-width: 800px) 100vw, 800px\" \/><\/figure>\n","protected":false},"excerpt":{"rendered":"<p>Comitato PARTE DA NOI Elly Schlein Contrasto delle diseguaglianze, battaglia contro la precariet\u00e0 e lo sfruttamento del lavoro e cura<\/p>\n","protected":false},"author":4,"featured_media":1071,"comment_status":"open","ping_status":"closed","sticky":false,"template":"","format":"standard","meta":{"colormag_page_container_layout":"default_layout","colormag_page_sidebar_layout":"default_layout","_monsterinsights_skip_tracking":false,"_monsterinsights_sitenote_active":false,"_monsterinsights_sitenote_note":"","_monsterinsights_sitenote_category":0,"footnotes":""},"categories":[30,3],"tags":[],"class_list":["post-1069","post","type-post","status-publish","format-standard","has-post-thumbnail","hentry","category-news","category-politica"],"_links":{"self":[{"href":"https:\/\/acquaviva.lavocedelpaese.info\/index.php\/wp-json\/wp\/v2\/posts\/1069","targetHints":{"allow":["GET"]}}],"collection":[{"href":"https:\/\/acquaviva.lavocedelpaese.info\/index.php\/wp-json\/wp\/v2\/posts"}],"about":[{"href":"https:\/\/acquaviva.lavocedelpaese.info\/index.php\/wp-json\/wp\/v2\/types\/post"}],"author":[{"embeddable":true,"href":"https:\/\/acquaviva.lavocedelpaese.info\/index.php\/wp-json\/wp\/v2\/users\/4"}],"replies":[{"embeddable":true,"href":"https:\/\/acquaviva.lavocedelpaese.info\/index.php\/wp-json\/wp\/v2\/comments?post=1069"}],"version-history":[{"count":1,"href":"https:\/\/acquaviva.lavocedelpaese.info\/index.php\/wp-json\/wp\/v2\/posts\/1069\/revisions"}],"predecessor-version":[{"id":1072,"href":"https:\/\/acquaviva.lavocedelpaese.info\/index.php\/wp-json\/wp\/v2\/posts\/1069\/revisions\/1072"}],"wp:featuredmedia":[{"embeddable":true,"href":"https:\/\/acquaviva.lavocedelpaese.info\/index.php\/wp-json\/wp\/v2\/media\/1071"}],"wp:attachment":[{"href":"https:\/\/acquaviva.lavocedelpaese.info\/index.php\/wp-json\/wp\/v2\/media?parent=1069"}],"wp:term":[{"taxonomy":"category","embeddable":true,"href":"https:\/\/acquaviva.lavocedelpaese.info\/index.php\/wp-json\/wp\/v2\/categories?post=1069"},{"taxonomy":"post_tag","embeddable":true,"href":"https:\/\/acquaviva.lavocedelpaese.info\/index.php\/wp-json\/wp\/v2\/tags?post=1069"}],"curies":[{"name":"wp","href":"https:\/\/api.w.org\/{rel}","templated":true}]}}