{"id":1060,"date":"2023-02-24T09:30:20","date_gmt":"2023-02-24T09:30:20","guid":{"rendered":"https:\/\/acquaviva.lavocedelpaese.info\/?p=1060"},"modified":"2023-02-24T09:30:21","modified_gmt":"2023-02-24T09:30:21","slug":"primarie-per-il-nuovo-partito-democratico","status":"publish","type":"post","link":"https:\/\/acquaviva.lavocedelpaese.info\/index.php\/2023\/02\/24\/primarie-per-il-nuovo-partito-democratico\/","title":{"rendered":"Primarie per il nuovo Partito Democratico"},"content":{"rendered":"\n<p>Il 26 febbraio il <a href=\"https:\/\/www.facebook.com\/groups\/146479662208700\/user\/100044122101994\/?__cft__[0]=AZV_oYpNjKZwfoX951rRJcSwuc7CsJZO_gSkKcSd9czCbK5-JBxias5jlaF1xFrVU-JvsRY2fkX_lsGNqIdJ62kHMHvOL2z4EkiCJZeDgz0Qh8UghcxpF5GxEc4PpWfa3dLHHeQbJ0OKLovvqTuIl9xWTzxyiEwU8PtSuLLrG-cpPq1ZRQWas-ViudqQgC0MEK4pEQdBYOBrhv4MjjIGbIo6&amp;__tn__=-]K-y-R\">Partito Democratico<\/a> celebrer\u00e0 l&#8217;ultimo atto della fase congressuale. La fase costituente che ha portato il Partito, uscito sconfitto dalle elezioni politiche, a ritornare su suoi passi cercando di fare ammenda di quanto non si sia fatto in questi anni o di scelte sbagliate che ci hanno visti lontani dal paese reale. Una fase congressuale che ha ridato nuova verve alle mozioni, tale da sfidarsi su un&#8217;idea di paese, che ha rigenerato e rincuorato una parte degli elettori ad avere ancora speranza e iniziare di nuovo una vera discussione volta a trovare post 26 una nuova identit\u00e0 e una nuova credibilit\u00e0 agli occhi degli elettori.<\/p>\n\n\n\n<p>Il 26 il<a href=\"https:\/\/www.facebook.com\/groups\/146479662208700\/user\/100064679230522\/?__cft__[0]=AZV_oYpNjKZwfoX951rRJcSwuc7CsJZO_gSkKcSd9czCbK5-JBxias5jlaF1xFrVU-JvsRY2fkX_lsGNqIdJ62kHMHvOL2z4EkiCJZeDgz0Qh8UghcxpF5GxEc4PpWfa3dLHHeQbJ0OKLovvqTuIl9xWTzxyiEwU8PtSuLLrG-cpPq1ZRQWas-ViudqQgC0MEK4pEQdBYOBrhv4MjjIGbIo6&amp;__tn__=-]K-y-R\"> Partito Democratico Acquaviva delle Font<\/a>i vi aspetta per celebrare il congresso nazionale.<\/p>\n\n\n\n<p><strong>CHI PUO\u2019 VOTARE<\/strong><\/p>\n\n\n\n<p>&#8211; Possono votare presso i gazebo sul territorio tutti i cittadini e le cittadine italiani. Non serve per forza essere iscritti al Pd per partecipare alla votazione, purch\u00e8 questi cittadini &#8220;dichiarino di riconoscersi nella proposta politica del Partito Democratico, di sostenerlo alle elezioni e accettino di essere registrati nell\u2019Albo pubblico delle elettrici e degli elettori&#8221;.<\/p>\n\n\n\n<p>&#8211; Possono votare presso i gazebo sul territorio anche i cittadini stranieri residenti in Italia, i minori dai 16 anni in su, i lavoratori e gli studenti fuori sede. Queste categorie devono pre-registrarsi sulla piattaforma inserendo la documentazione richiesta e selezionando il gazebo della zona in cui vivono (entro le ore 12:00 del 24 febbraio).<\/p>\n\n\n\n<p><strong>DOVE SI VOTA<\/strong><\/p>\n\n\n\n<p>&#8211; Ad Acquaviva delle Fonti si potr\u00e0 votare Domenica 26 febbraio dalle 8 alle 20 presso la Sala Events, in via Roma 5.<\/p>\n\n\n\n<p><strong>COSA SERVE<\/strong><\/p>\n\n\n\n<p>&#8211; Per votare serve un documento che attesti l&#8217;identit\u00e0 e la residenza, in modo che sia chiara l&#8217;appartenenza al territorio di competenza del gazebo.<\/p>\n\n\n\n<p>Viene richiesto un contributo di 2 euro per sostenere le spese organizzative. Chi \u00e8 gi\u00e0 iscritto al Pd non dovr\u00e0 versare questo contributo.<\/p>\n\n\n\n<figure class=\"wp-block-image size-full\"><img decoding=\"async\" width=\"686\" height=\"960\" src=\"https:\/\/acquaviva.lavocedelpaese.info\/wp-content\/uploads\/2023\/02\/332918094_1457312431466762_5961807137520303637_n.jpg\" alt=\"\" class=\"wp-image-1061\" srcset=\"https:\/\/acquaviva.lavocedelpaese.info\/wp-content\/uploads\/2023\/02\/332918094_1457312431466762_5961807137520303637_n.jpg 686w, https:\/\/acquaviva.lavocedelpaese.info\/wp-content\/uploads\/2023\/02\/332918094_1457312431466762_5961807137520303637_n-214x300.jpg 214w\" sizes=\"(max-width: 686px) 100vw, 686px\" \/><\/figure>\n\n\n\n<figure class=\"wp-block-image size-full\"><img decoding=\"async\" width=\"571\" height=\"800\" src=\"https:\/\/acquaviva.lavocedelpaese.info\/wp-content\/uploads\/2023\/02\/332808798_582539190189235_6671022143944500770_n.jpg\" alt=\"\" class=\"wp-image-1062\" srcset=\"https:\/\/acquaviva.lavocedelpaese.info\/wp-content\/uploads\/2023\/02\/332808798_582539190189235_6671022143944500770_n.jpg 571w, https:\/\/acquaviva.lavocedelpaese.info\/wp-content\/uploads\/2023\/02\/332808798_582539190189235_6671022143944500770_n-214x300.jpg 214w\" sizes=\"(max-width: 571px) 100vw, 571px\" \/><\/figure>\n\n\n\n<figure class=\"wp-block-image size-full\"><img decoding=\"async\" width=\"800\" height=\"800\" src=\"https:\/\/acquaviva.lavocedelpaese.info\/wp-content\/uploads\/2023\/02\/333024145_573769504794751_7433318317257678536_n.jpg\" alt=\"\" class=\"wp-image-1063\" srcset=\"https:\/\/acquaviva.lavocedelpaese.info\/wp-content\/uploads\/2023\/02\/333024145_573769504794751_7433318317257678536_n.jpg 800w, https:\/\/acquaviva.lavocedelpaese.info\/wp-content\/uploads\/2023\/02\/333024145_573769504794751_7433318317257678536_n-300x300.jpg 300w, https:\/\/acquaviva.lavocedelpaese.info\/wp-content\/uploads\/2023\/02\/333024145_573769504794751_7433318317257678536_n-150x150.jpg 150w, https:\/\/acquaviva.lavocedelpaese.info\/wp-content\/uploads\/2023\/02\/333024145_573769504794751_7433318317257678536_n-768x768.jpg 768w\" sizes=\"(max-width: 800px) 100vw, 800px\" \/><\/figure>\n","protected":false},"excerpt":{"rendered":"<p>Il 26 febbraio il Partito Democratico celebrer\u00e0 l&#8217;ultimo atto della fase congressuale. La fase costituente che ha portato il Partito,<\/p>\n","protected":false},"author":4,"featured_media":1064,"comment_status":"open","ping_status":"closed","sticky":false,"template":"","format":"standard","meta":{"colormag_page_container_layout":"default_layout","colormag_page_sidebar_layout":"default_layout","_monsterinsights_skip_tracking":false,"_monsterinsights_sitenote_active":false,"_monsterinsights_sitenote_note":"","_monsterinsights_sitenote_category":0,"footnotes":""},"categories":[3,28],"tags":[],"class_list":["post-1060","post","type-post","status-publish","format-standard","has-post-thumbnail","hentry","category-politica","category-primo-piano"],"_links":{"self":[{"href":"https:\/\/acquaviva.lavocedelpaese.info\/index.php\/wp-json\/wp\/v2\/posts\/1060","targetHints":{"allow":["GET"]}}],"collection":[{"href":"https:\/\/acquaviva.lavocedelpaese.info\/index.php\/wp-json\/wp\/v2\/posts"}],"about":[{"href":"https:\/\/acquaviva.lavocedelpaese.info\/index.php\/wp-json\/wp\/v2\/types\/post"}],"author":[{"embeddable":true,"href":"https:\/\/acquaviva.lavocedelpaese.info\/index.php\/wp-json\/wp\/v2\/users\/4"}],"replies":[{"embeddable":true,"href":"https:\/\/acquaviva.lavocedelpaese.info\/index.php\/wp-json\/wp\/v2\/comments?post=1060"}],"version-history":[{"count":1,"href":"https:\/\/acquaviva.lavocedelpaese.info\/index.php\/wp-json\/wp\/v2\/posts\/1060\/revisions"}],"predecessor-version":[{"id":1065,"href":"https:\/\/acquaviva.lavocedelpaese.info\/index.php\/wp-json\/wp\/v2\/posts\/1060\/revisions\/1065"}],"wp:featuredmedia":[{"embeddable":true,"href":"https:\/\/acquaviva.lavocedelpaese.info\/index.php\/wp-json\/wp\/v2\/media\/1064"}],"wp:attachment":[{"href":"https:\/\/acquaviva.lavocedelpaese.info\/index.php\/wp-json\/wp\/v2\/media?parent=1060"}],"wp:term":[{"taxonomy":"category","embeddable":true,"href":"https:\/\/acquaviva.lavocedelpaese.info\/index.php\/wp-json\/wp\/v2\/categories?post=1060"},{"taxonomy":"post_tag","embeddable":true,"href":"https:\/\/acquaviva.lavocedelpaese.info\/index.php\/wp-json\/wp\/v2\/tags?post=1060"}],"curies":[{"name":"wp","href":"https:\/\/api.w.org\/{rel}","templated":true}]}}